{"id":22277,"date":"2026-09-02T09:02:49","date_gmt":"2026-09-02T07:02:49","guid":{"rendered":"https:\/\/max-emden.de\/wordpress\/?p=22277"},"modified":"2026-09-02T09:02:49","modified_gmt":"2026-09-02T07:02:49","slug":"neues-schuelersprecherinnen-team-im-amt","status":"publish","type":"post","link":"https:\/\/max-emden.de\/wordpress\/neues-schuelersprecherinnen-team-im-amt\/","title":{"rendered":"Neues Sch\u00fclersprecherinnen-Team im Amt"},"content":{"rendered":"<p><a href=\"https:\/\/max-emden.de\/wordpress\/wp-content\/uploads\/2026\/09\/WhatsApp-Image-2026-09-02-at-08.49.43-bearb.jpeg\"><img fetchpriority=\"high\" decoding=\"async\" class=\"alignnone size-full wp-image-22278\" src=\"https:\/\/max-emden.de\/wordpress\/wp-content\/uploads\/2026\/09\/WhatsApp-Image-2026-09-02-at-08.49.43-bearb.jpeg\" alt=\"\" width=\"2048\" height=\"946\" \/><\/a><\/p>\n<p>Seit der Sch\u00fclerratssitzung am Freitag haben wir ein neues Sch\u00fclersprecher-Team an der Spitze unserer SV. In diesem Jahr gibt es die Besonderheit, dass Rieke und Lea von einer dritten Vertreterin, Freya, unterst\u00fctzt werden.<\/p>\n<p>Hier kommt eine kurze Vorstellung von uns dreien:<\/p>\n<p>\u201eHallo ihr Lieben,<br \/>\nmein Name ist Rieke und ich gehe in die 11. Klasse. Ich freue mich sehr auch in diesem Jahr eure Sch\u00fclersprecherin sein zu d\u00fcrfen und bedanke mich f\u00fcr euer Vertrauen.Seitdem ich in der SV bin habe ich immer wieder gemerkt wie viel wir gemeinsam bewegen k\u00f6nnen, deshalb freue ich mich besonders auf tolle neue Projekte und eine gute Zusammenarbeit!\u201c<\/p>\n<p>\u201eIch bin Lea und ich gehe jetzt in die 12.Klasse. Ich bin sehr froh dieses Schuljahr eure stellvertretende Sch\u00fclersprecherin zu sein. Ich bin sehr gespannt darauf, was wir alles zusammen schaffen k\u00f6nnen!\u201c<\/p>\n<p>\u201eMein Name ist Freya und ich gehe in die 11. Klasse. Es freut mich sehr dieses Schuljahr stellvertretende Sch\u00fclersprecherin vom Max zu sein!<br \/>\nIch freue mich auf neue Projekte und eine gute Schulgemeinschaft!\u201c<\/p>\n<p>Wir freuen uns, Euch im kommenden Schuljahr unterst\u00fctzen und vertreten zu d\u00fcrfen. Bei Fragen, Anregungen oder auch Problemen erreicht ihr uns immer entweder per Mail unter sv@max-emden.net oder per DM \u00fcber Instagram \u00fcber <a class=\"x1i10hfl xjbqb8w x1ejq31n x18oe1m7 x1sy0etr xstzfhl x972fbf x10w94by x1qhh985 x14e42zd x9f619 x1ypdohk xt0psk2 x3ct3a4 xdj266r x14z9mp xat24cr x1lziwak xexx8yu xyri2b x18d9i69 x1c1uobl x16tdsg8 x1hl2dhg xggy1nq x1a2a7pz notranslate _a6hd\" tabindex=\"0\" role=\"link\" href=\"https:\/\/www.instagram.com\/sv_max_\/\">@sv_max<\/a>. Oder auch \u00fcber den blau wei\u00dfen Briefkasten in der Pausenhalle.<\/p>\n<p>Euer SV-Team<\/p>\n","protected":false},"excerpt":{"rendered":"<p>Seit der Sch\u00fclerratssitzung am Freitag haben wir ein neues Sch\u00fclersprecher-Team an der Spitze unserer SV. In diesem Jahr gibt es die Besonderheit, dass Rieke und<a class=\"moretag\" href=\"https:\/\/max-emden.de\/wordpress\/neues-schuelersprecherinnen-team-im-amt\/\"> [&#8230;]<\/a><\/p>\n","protected":false},"author":3,"featured_media":22278,"comment_status":"closed","ping_status":"closed","sticky":false,"template":"","format":"standard","meta":{"footnotes":""},"categories":[106,1],"tags":[96],"class_list":["post-22277","post","type-post","status-publish","format-standard","has-post-thumbnail","hentry","category-aktuell","category-uncategorized","tag-aktuell"],"_links":{"self":[{"href":"https:\/\/max-emden.de\/wordpress\/wp-json\/wp\/v2\/posts\/22277","targetHints":{"allow":["GET"]}}],"collection":[{"href":"https:\/\/max-emden.de\/wordpress\/wp-json\/wp\/v2\/posts"}],"about":[{"href":"https:\/\/max-emden.de\/wordpress\/wp-json\/wp\/v2\/types\/post"}],"author":[{"embeddable":true,"href":"https:\/\/max-emden.de\/wordpress\/wp-json\/wp\/v2\/users\/3"}],"replies":[{"embeddable":true,"href":"https:\/\/max-emden.de\/wordpress\/wp-json\/wp\/v2\/comments?post=22277"}],"version-history":[{"count":1,"href":"https:\/\/max-emden.de\/wordpress\/wp-json\/wp\/v2\/posts\/22277\/revisions"}],"predecessor-version":[{"id":22279,"href":"https:\/\/max-emden.de\/wordpress\/wp-json\/wp\/v2\/posts\/22277\/revisions\/22279"}],"wp:featuredmedia":[{"embeddable":true,"href":"https:\/\/max-emden.de\/wordpress\/wp-json\/wp\/v2\/media\/22278"}],"wp:attachment":[{"href":"https:\/\/max-emden.de\/wordpress\/wp-json\/wp\/v2\/media?parent=22277"}],"wp:term":[{"taxonomy":"category","embeddable":true,"href":"https:\/\/max-emden.de\/wordpress\/wp-json\/wp\/v2\/categories?post=22277"},{"taxonomy":"post_tag","embeddable":true,"href":"https:\/\/max-emden.de\/wordpress\/wp-json\/wp\/v2\/tags?post=22277"}],"curies":[{"name":"wp","href":"https:\/\/api.w.org\/{rel}","templated":true}]}}