{"id":22288,"date":"2026-09-03T21:44:05","date_gmt":"2026-09-03T19:44:05","guid":{"rendered":"https:\/\/max-emden.de\/wordpress\/?p=22288"},"modified":"2026-09-03T21:44:41","modified_gmt":"2026-09-03T19:44:41","slug":"klimagerechtigkeit-klimarat-des-max-zu-gast-in-loccum","status":"publish","type":"post","link":"https:\/\/max-emden.de\/wordpress\/klimagerechtigkeit-klimarat-des-max-zu-gast-in-loccum\/","title":{"rendered":"Klimagerechtigkeit: Klimarat des Max zu Gast in Loccum"},"content":{"rendered":"<figure id=\"attachment_22290\" aria-describedby=\"caption-attachment-22290\" style=\"width: 1600px\" class=\"wp-caption alignnone\"><a href=\"https:\/\/max-emden.de\/wordpress\/wp-content\/uploads\/2026\/09\/WhatsApp-Image-2026-09-02-at-18.52.00-1.jpeg\"><img fetchpriority=\"high\" decoding=\"async\" class=\"wp-image-22290 size-full\" src=\"https:\/\/max-emden.de\/wordpress\/wp-content\/uploads\/2026\/09\/WhatsApp-Image-2026-09-02-at-18.52.00-1.jpeg\" alt=\"\" width=\"1600\" height=\"739\" srcset=\"https:\/\/max-emden.de\/wordpress\/wp-content\/uploads\/2026\/09\/WhatsApp-Image-2026-09-02-at-18.52.00-1.jpeg 1600w, https:\/\/max-emden.de\/wordpress\/wp-content\/uploads\/2026\/09\/WhatsApp-Image-2026-09-02-at-18.52.00-1-300x139.jpeg 300w, https:\/\/max-emden.de\/wordpress\/wp-content\/uploads\/2026\/09\/WhatsApp-Image-2026-09-02-at-18.52.00-1-1024x473.jpeg 1024w, https:\/\/max-emden.de\/wordpress\/wp-content\/uploads\/2026\/09\/WhatsApp-Image-2026-09-02-at-18.52.00-1-768x355.jpeg 768w, https:\/\/max-emden.de\/wordpress\/wp-content\/uploads\/2026\/09\/WhatsApp-Image-2026-09-02-at-18.52.00-1-1536x709.jpeg 1536w\" sizes=\"(max-width: 1600px) 100vw, 1600px\" \/><\/a><figcaption id=\"caption-attachment-22290\" class=\"wp-caption-text\"><em>Die Max-Delegation des Klimarates vor dem Kloster Loccum.<\/em><\/figcaption><\/figure>\n<p class=\"isSelectedEnd\">&#8222;Klimagerechtigkeit \u2013 Globales Lernen, BNE, Klima- und Demokratiebildung zusammen denken&#8220; &#8211; unter diesem Motto stand in der vergangenen Woche eine gro\u00dfe Tagung in der Evangelischen Akademie Loccum. In Zusammenarbeit mit dem Nieders\u00e4chsischen Kultusministerium waren verschiedene Akteur:innen eingeladen, die sich mit dem Thema Klimagerechtigkeit auseinandersetzen.<\/p>\n<figure id=\"attachment_22301\" aria-describedby=\"caption-attachment-22301\" style=\"width: 2048px\" class=\"wp-caption alignnone\"><a href=\"https:\/\/max-emden.de\/wordpress\/wp-content\/uploads\/2026\/09\/WhatsApp-Image-2026-09-03-at-21.39.48.jpeg\"><img decoding=\"async\" class=\"wp-image-22301 size-full\" src=\"https:\/\/max-emden.de\/wordpress\/wp-content\/uploads\/2026\/09\/WhatsApp-Image-2026-09-03-at-21.39.48.jpeg\" alt=\"\" width=\"2048\" height=\"946\" srcset=\"https:\/\/max-emden.de\/wordpress\/wp-content\/uploads\/2026\/09\/WhatsApp-Image-2026-09-03-at-21.39.48.jpeg 2048w, https:\/\/max-emden.de\/wordpress\/wp-content\/uploads\/2026\/09\/WhatsApp-Image-2026-09-03-at-21.39.48-300x139.jpeg 300w, https:\/\/max-emden.de\/wordpress\/wp-content\/uploads\/2026\/09\/WhatsApp-Image-2026-09-03-at-21.39.48-1024x473.jpeg 1024w, https:\/\/max-emden.de\/wordpress\/wp-content\/uploads\/2026\/09\/WhatsApp-Image-2026-09-03-at-21.39.48-768x355.jpeg 768w, https:\/\/max-emden.de\/wordpress\/wp-content\/uploads\/2026\/09\/WhatsApp-Image-2026-09-03-at-21.39.48-1536x710.jpeg 1536w\" sizes=\"(max-width: 2048px) 100vw, 2048px\" \/><\/a><figcaption id=\"caption-attachment-22301\" class=\"wp-caption-text\"><em>Organisierten die Tagung gemeinsam mit der Ev. Akademie: Katharina Katechakis und Viktoria Werder vom Nieders\u00e4chsischen Kultusministerium.<\/em><\/figcaption><\/figure>\n<p><strong>Der Klimarat als Beispiel f\u00fcr Partizipation<\/strong><\/p>\n<p class=\"isSelectedEnd\">Zu den Referent:innen geh\u00f6rte auch eine Delegation des Klimarates des Max-Windm\u00fcller-Gymnasiums. Auf Einladung der Bildungsst\u00e4tte und des Kultusministeriums gaben die Sch\u00fcler:innen einen Workshop, bei dem sie ihre Arbeit als Beispiel f\u00fcr Partizipation pr\u00e4sentierten. Riemke, Carlotta, Lale und Rieke gaben dabei zun\u00e4chst Einblicke in die Entstehungsgeschichte und die Arbeitsweise dieses Gremiums und leiteten anschlie\u00dfend eine Arbeitsphase, in der die Teilnehmer:innen eigene Erfahrungen, Ideen und W\u00fcnsche thematisieren konnten.<\/p>\n<figure id=\"attachment_22292\" aria-describedby=\"caption-attachment-22292\" style=\"width: 2048px\" class=\"wp-caption alignnone\"><a href=\"https:\/\/max-emden.de\/wordpress\/wp-content\/uploads\/2026\/09\/WhatsApp-Image-2026-09-02-at-18.51.52.jpeg\"><img decoding=\"async\" class=\"wp-image-22292 size-full\" src=\"https:\/\/max-emden.de\/wordpress\/wp-content\/uploads\/2026\/09\/WhatsApp-Image-2026-09-02-at-18.51.52.jpeg\" alt=\"\" width=\"2048\" height=\"946\" srcset=\"https:\/\/max-emden.de\/wordpress\/wp-content\/uploads\/2026\/09\/WhatsApp-Image-2026-09-02-at-18.51.52.jpeg 2048w, https:\/\/max-emden.de\/wordpress\/wp-content\/uploads\/2026\/09\/WhatsApp-Image-2026-09-02-at-18.51.52-300x139.jpeg 300w, https:\/\/max-emden.de\/wordpress\/wp-content\/uploads\/2026\/09\/WhatsApp-Image-2026-09-02-at-18.51.52-1024x473.jpeg 1024w, https:\/\/max-emden.de\/wordpress\/wp-content\/uploads\/2026\/09\/WhatsApp-Image-2026-09-02-at-18.51.52-768x355.jpeg 768w, https:\/\/max-emden.de\/wordpress\/wp-content\/uploads\/2026\/09\/WhatsApp-Image-2026-09-02-at-18.51.52-1536x710.jpeg 1536w\" sizes=\"(max-width: 2048px) 100vw, 2048px\" \/><\/a><figcaption id=\"caption-attachment-22292\" class=\"wp-caption-text\"><em>\u00a0Lale, Carlotta, Riemke und Rieke hielten einen Workshop zum Thema Partizipation am Beispiel des Klimarates.<\/em><\/figcaption><\/figure>\n<p>Im Anschluss daran gab Michael Danner, der im Bereich der Nachhaltigkeitskommunikation arbeitet, zus\u00e4tzlich einen Einblick in seine Expertise hinsichtlich der Zusammenarbeit zwischen Klimaschutzinstitutionen und Kommunen. Im Rahmen des Workshops, an dem Lehrer:innen verschiedener Schulen sowie weitere Multiplikator:innen und Vertreter:innen aus Bildungseinrichtungen teilnahmen, wurde\u00a0 deutlich, dass das Beispiel des Klimarates inspirierend wirkt: Zahlreiche Fragen zu Problemen, Erfolgen oder zur eigenen Motivation wurden im Anschluss ebenso gestellt wie zur Gr\u00fcndung eines eigenen Klimarates.<\/p>\n<figure id=\"attachment_22293\" aria-describedby=\"caption-attachment-22293\" style=\"width: 2048px\" class=\"wp-caption alignnone\"><a href=\"https:\/\/max-emden.de\/wordpress\/wp-content\/uploads\/2026\/09\/WhatsApp-Image-2026-09-02-at-18.51.48.jpeg\"><img loading=\"lazy\" decoding=\"async\" class=\"wp-image-22293 size-full\" src=\"https:\/\/max-emden.de\/wordpress\/wp-content\/uploads\/2026\/09\/WhatsApp-Image-2026-09-02-at-18.51.48.jpeg\" alt=\"\" width=\"2048\" height=\"946\" srcset=\"https:\/\/max-emden.de\/wordpress\/wp-content\/uploads\/2026\/09\/WhatsApp-Image-2026-09-02-at-18.51.48.jpeg 2048w, https:\/\/max-emden.de\/wordpress\/wp-content\/uploads\/2026\/09\/WhatsApp-Image-2026-09-02-at-18.51.48-300x139.jpeg 300w, https:\/\/max-emden.de\/wordpress\/wp-content\/uploads\/2026\/09\/WhatsApp-Image-2026-09-02-at-18.51.48-1024x473.jpeg 1024w, https:\/\/max-emden.de\/wordpress\/wp-content\/uploads\/2026\/09\/WhatsApp-Image-2026-09-02-at-18.51.48-768x355.jpeg 768w, https:\/\/max-emden.de\/wordpress\/wp-content\/uploads\/2026\/09\/WhatsApp-Image-2026-09-02-at-18.51.48-1536x710.jpeg 1536w\" sizes=\"(max-width: 2048px) 100vw, 2048px\" \/><\/a><figcaption id=\"caption-attachment-22293\" class=\"wp-caption-text\"><em>Katharina Katechakis vom MK Niedersachsen im Gespr\u00e4ch mit Sch\u00fcler:innen aus dem Film&#8220;Challenge accepted! Klimagerechtigkeit. Niedersachsens Schulen \u00fcbernehmen Verantwortung&#8220;<\/em><\/figcaption><\/figure>\n<p><strong>Der Klimarat im Film<\/strong><\/p>\n<p>Ein weiteres Highlight der Tagung war die Pr\u00e4sentation des Films \u201eChallenge accepted! Klimagerechtigkeit. Niedersachsens Schulen \u00fcbernehmen Verantwortung<strong>\u201c<\/strong>. Gemeinsam mit Sch\u00fclerinnen und Sch\u00fclern des Tilman-Riemenschneider-Gymnasiums aus Osterode und der Adolf-Grimme-Gesamtschule aus Goslar wurde darin auch die Arbeit des Klimarates als Beispiel f\u00fcr Partizipation vorgestellt. Im Rahmen der Tagung fand die Urauff\u00fchrung des Films statt \u2013 ein tolles Erlebnis f\u00fcr die mitgereisten Klimar\u00e4tinnen und Klimar\u00e4te.<\/p>\n<figure id=\"attachment_22300\" aria-describedby=\"caption-attachment-22300\" style=\"width: 1809px\" class=\"wp-caption alignnone\"><a href=\"https:\/\/max-emden.de\/wordpress\/wp-content\/uploads\/2026\/09\/Screenshot-2026-09-03-212922.png\"><img loading=\"lazy\" decoding=\"async\" class=\"wp-image-22300 size-full\" src=\"https:\/\/max-emden.de\/wordpress\/wp-content\/uploads\/2026\/09\/Screenshot-2026-09-03-212922.png\" alt=\"\" width=\"1809\" height=\"875\" srcset=\"https:\/\/max-emden.de\/wordpress\/wp-content\/uploads\/2026\/09\/Screenshot-2026-09-03-212922.png 1809w, https:\/\/max-emden.de\/wordpress\/wp-content\/uploads\/2026\/09\/Screenshot-2026-09-03-212922-300x145.png 300w, https:\/\/max-emden.de\/wordpress\/wp-content\/uploads\/2026\/09\/Screenshot-2026-09-03-212922-1024x495.png 1024w, https:\/\/max-emden.de\/wordpress\/wp-content\/uploads\/2026\/09\/Screenshot-2026-09-03-212922-768x371.png 768w, https:\/\/max-emden.de\/wordpress\/wp-content\/uploads\/2026\/09\/Screenshot-2026-09-03-212922-1536x743.png 1536w\" sizes=\"(max-width: 1809px) 100vw, 1809px\" \/><\/a><figcaption id=\"caption-attachment-22300\" class=\"wp-caption-text\"><em>Im Film: Der Klimarat und das Klimaparlament des Max<\/em><\/figcaption><\/figure>\n<p class=\"isSelectedEnd\">Zudem gab es im Rahmen der Veranstaltung spannende Workshops, an denen die Teilnehmerinnen und Teilnehmer teilnehmen konnten. Welche Eindr\u00fccke sie dabei gewonnen haben und was sie aus den Workshops mitgenommen haben, berichten Isabella Senne und Jonathan Eversr in ihren pers\u00f6nlichen Erfahrungsberichten.<\/p>\n<p><em>Isabella Senne berichtet \u00fcber ihren Workshop zum Thema &#8222;Globale Gerechtigkeit&#8220;<\/em><\/p>\n<blockquote>\n<div dir=\"ltr\"><em>Das Thema unseres Workshops war globale Gerechtigkeit. Dabei haben wir uns damit besch\u00e4ftigt, was f\u00fcr ein gutes Leben notwendig ist.<\/em><\/div>\n<div dir=\"ltr\"><em>Zu Beginn ging es um verschiedene Methoden zum guten Leben. Wir lernten unter anderem die Betzavta-Methode kennen. Au\u00dferdem besch\u00e4ftigten wir uns mit einer Methode zum guten Leben sowie mit dem Konzept \u201eGutes Leben \/ Buen Vivir\u201c.<\/em><\/div>\n<div dir=\"ltr\"><em>Danach setzten wir uns mit der Frage \u201eWas ist gerecht?\u201c auseinander. Wir \u00fcberlegten, wie man Gerechtigkeit definieren kann und versuchten dann in kleinen Gruppen eine gemeinsame Definition zu finden. Dabei wurde deutlich, dass es viele verschiedene Denkans\u00e4tze zum Thema Gerechtigkeit gibt.<\/em><\/div>\n<div dir=\"ltr\"><em>Anschlie\u00dfend besch\u00e4ftigten wir uns mit der Frage \u201eWer hat Macht?\u201c. Wir sprachen dar\u00fcber, welche Personen oder Gruppen Macht besitzen und wie diese Macht verteilt ist. Dabei sind wir so vorgegangen, dass wir Bilder von Verschiedenen Personen und Personengruppen je nach dem wie viel Macht und Einfluss sie im Bezug auf Klimawandel und Klimagerechtigkeit haben, der Reihe nach geordnet haben. Dabei ist klar geworden, dass unteranderem auch Geld und Bekanntheit eine wichtige Rolle spielen, aber auch gr\u00f6\u00dfere Gruppen, durch ihre Mehrheit etwas bewirken k\u00f6nnen.<\/em><\/div>\n<div dir=\"ltr\"><em>Insgesamt war der Workshop interessant, weil wir uns mit verschiedenen Perspektiven auf globale Gerechtigkeit besch\u00e4ftigt haben. Wir konnten dabei \u00fcber ein gerechtes Zusammenleben und unsere eigene Rolle in diesem Thema sprechen.<\/em><\/div>\n<\/blockquote>\n<figure id=\"attachment_22295\" aria-describedby=\"caption-attachment-22295\" style=\"width: 1600px\" class=\"wp-caption alignnone\"><a href=\"https:\/\/max-emden.de\/wordpress\/wp-content\/uploads\/2026\/09\/WhatsApp-Image-2026-09-02-at-18.52.00-9.jpeg\"><img loading=\"lazy\" decoding=\"async\" class=\"wp-image-22295 size-full\" src=\"https:\/\/max-emden.de\/wordpress\/wp-content\/uploads\/2026\/09\/WhatsApp-Image-2026-09-02-at-18.52.00-9.jpeg\" alt=\"\" width=\"1600\" height=\"739\" srcset=\"https:\/\/max-emden.de\/wordpress\/wp-content\/uploads\/2026\/09\/WhatsApp-Image-2026-09-02-at-18.52.00-9.jpeg 1600w, https:\/\/max-emden.de\/wordpress\/wp-content\/uploads\/2026\/09\/WhatsApp-Image-2026-09-02-at-18.52.00-9-300x139.jpeg 300w, https:\/\/max-emden.de\/wordpress\/wp-content\/uploads\/2026\/09\/WhatsApp-Image-2026-09-02-at-18.52.00-9-1024x473.jpeg 1024w, https:\/\/max-emden.de\/wordpress\/wp-content\/uploads\/2026\/09\/WhatsApp-Image-2026-09-02-at-18.52.00-9-768x355.jpeg 768w, https:\/\/max-emden.de\/wordpress\/wp-content\/uploads\/2026\/09\/WhatsApp-Image-2026-09-02-at-18.52.00-9-1536x709.jpeg 1536w\" sizes=\"(max-width: 1600px) 100vw, 1600px\" \/><\/a><figcaption id=\"caption-attachment-22295\" class=\"wp-caption-text\"><em>&#8222;Die Giraffe&#8220;, die beste Sch\u00fclerzeitung Niedersachsen, war mit einigen Redakteuren ebenfalls zu Gast in Loccum &#8211; spannende Lekt\u00fcre f\u00fcr die Klimar\u00e4t:innen.<\/em><\/figcaption><\/figure>\n<p><em>Jonathan Evers berichtet vom Workshop &#8222;Koloniale Kontinuit\u00e4ten und Klimagerechtigkeit: Das Dinner \u2013 ein dekoloniales Tischgespr\u00e4ch&#8220;<\/em><\/p>\n<blockquote>\n<p class=\"isSelectedEnd\"><em><span class=\"text-token-text-primary cursor-text rounded-sm\" data-placeholder-token=\"true\">Mein Workshop in Loccum besch\u00e4ftigte sich mit den Zusammenh\u00e4ngen zwischen Kolonialismus, globaler Wirtschaft, Konsum und der heutigen Klimakrise. Dabei wurden koloniale Folgen wie Ausbeutung, wirtschaftliche Machtstrukturen und weitergegebene<br \/>\nTraumata thematisiert. Bei &#8222;The Dinner&#8220;, einem gro\u00dfen Plakat, bekommen die Sch\u00fclerinnen und Sch\u00fcler einen \u00dcberblick und k\u00f6nnen anschlie\u00dfend einzelne Themen genauer entdecken. Wichtige Begriffe sind L\u00fccken, Schmerzen, Wirtschaft, Wandel und Konsum. Der Workshop zeigt au\u00dferdem, dass die Klimakrise alle betrifft und neue Herausforderungen wie Klimaflucht entstehen. Die Jugendlichen sollen dabei nicht nur zuh\u00f6ren, sondern als Suchende und Lernende gemeinsam Fragen stellen und \u00fcber die Zukunft nachdenken.<\/span><\/em><\/p>\n<\/blockquote>\n<p>&nbsp;<\/p>\n<figure id=\"attachment_22297\" aria-describedby=\"caption-attachment-22297\" style=\"width: 1999px\" class=\"wp-caption alignnone\"><a href=\"https:\/\/max-emden.de\/wordpress\/wp-content\/uploads\/2026\/09\/WhatsApp-Image-2026-09-02-at-18.51.58-6.jpeg\"><img loading=\"lazy\" decoding=\"async\" class=\"wp-image-22297 size-full\" src=\"https:\/\/max-emden.de\/wordpress\/wp-content\/uploads\/2026\/09\/WhatsApp-Image-2026-09-02-at-18.51.58-6.jpeg\" alt=\"\" width=\"1999\" height=\"879\" srcset=\"https:\/\/max-emden.de\/wordpress\/wp-content\/uploads\/2026\/09\/WhatsApp-Image-2026-09-02-at-18.51.58-6.jpeg 1999w, https:\/\/max-emden.de\/wordpress\/wp-content\/uploads\/2026\/09\/WhatsApp-Image-2026-09-02-at-18.51.58-6-300x132.jpeg 300w, https:\/\/max-emden.de\/wordpress\/wp-content\/uploads\/2026\/09\/WhatsApp-Image-2026-09-02-at-18.51.58-6-1024x450.jpeg 1024w, https:\/\/max-emden.de\/wordpress\/wp-content\/uploads\/2026\/09\/WhatsApp-Image-2026-09-02-at-18.51.58-6-768x338.jpeg 768w, https:\/\/max-emden.de\/wordpress\/wp-content\/uploads\/2026\/09\/WhatsApp-Image-2026-09-02-at-18.51.58-6-1536x675.jpeg 1536w\" sizes=\"(max-width: 1999px) 100vw, 1999px\" \/><\/a><figcaption id=\"caption-attachment-22297\" class=\"wp-caption-text\"><em>Der Workshop sorgte f\u00fcr Inspiration bei Lehrkr\u00e4ften.<\/em><\/figcaption><\/figure>\n<p class=\"isSelectedEnd\">Insgesamt war es eine gewinnbringende Tagung &#8211; wir danken der Evangelischen Akademie Loccum und dem Nieders\u00e4chsischen Kultusministerium f\u00fcr die M\u00f6glichkeit, unsere Arbeit dort pr\u00e4sentieren zu d\u00fcrfen.<\/p>\n","protected":false},"excerpt":{"rendered":"<p>&#8222;Klimagerechtigkeit \u2013 Globales Lernen, BNE, Klima- und Demokratiebildung zusammen denken&#8220; &#8211; unter diesem Motto stand in der vergangenen Woche eine gro\u00dfe Tagung in der Evangelischen<a class=\"moretag\" href=\"https:\/\/max-emden.de\/wordpress\/klimagerechtigkeit-klimarat-des-max-zu-gast-in-loccum\/\"> [&#8230;]<\/a><\/p>\n","protected":false},"author":3,"featured_media":22290,"comment_status":"closed","ping_status":"closed","sticky":false,"template":"","format":"standard","meta":{"footnotes":""},"categories":[106,120,11,1,89],"tags":[96],"class_list":["post-22288","post","type-post","status-publish","format-standard","has-post-thumbnail","hentry","category-aktuell","category-klimarat","category-nachhaltigkeit","category-uncategorized","category-unesco","tag-aktuell"],"_links":{"self":[{"href":"https:\/\/max-emden.de\/wordpress\/wp-json\/wp\/v2\/posts\/22288","targetHints":{"allow":["GET"]}}],"collection":[{"href":"https:\/\/max-emden.de\/wordpress\/wp-json\/wp\/v2\/posts"}],"about":[{"href":"https:\/\/max-emden.de\/wordpress\/wp-json\/wp\/v2\/types\/post"}],"author":[{"embeddable":true,"href":"https:\/\/max-emden.de\/wordpress\/wp-json\/wp\/v2\/users\/3"}],"replies":[{"embeddable":true,"href":"https:\/\/max-emden.de\/wordpress\/wp-json\/wp\/v2\/comments?post=22288"}],"version-history":[{"count":2,"href":"https:\/\/max-emden.de\/wordpress\/wp-json\/wp\/v2\/posts\/22288\/revisions"}],"predecessor-version":[{"id":22302,"href":"https:\/\/max-emden.de\/wordpress\/wp-json\/wp\/v2\/posts\/22288\/revisions\/22302"}],"wp:featuredmedia":[{"embeddable":true,"href":"https:\/\/max-emden.de\/wordpress\/wp-json\/wp\/v2\/media\/22290"}],"wp:attachment":[{"href":"https:\/\/max-emden.de\/wordpress\/wp-json\/wp\/v2\/media?parent=22288"}],"wp:term":[{"taxonomy":"category","embeddable":true,"href":"https:\/\/max-emden.de\/wordpress\/wp-json\/wp\/v2\/categories?post=22288"},{"taxonomy":"post_tag","embeddable":true,"href":"https:\/\/max-emden.de\/wordpress\/wp-json\/wp\/v2\/tags?post=22288"}],"curies":[{"name":"wp","href":"https:\/\/api.w.org\/{rel}","templated":true}]}}