{"id":22303,"date":"2026-09-05T15:28:06","date_gmt":"2026-09-05T13:28:06","guid":{"rendered":"https:\/\/max-emden.de\/wordpress\/?p=22303"},"modified":"2026-09-05T15:28:06","modified_gmt":"2026-09-05T13:28:06","slug":"neues-video-online-challenge-accepted-klimagerechtigkeit-niedersachsens-schulen-uebernehmen-verantwortung","status":"publish","type":"post","link":"https:\/\/max-emden.de\/wordpress\/neues-video-online-challenge-accepted-klimagerechtigkeit-niedersachsens-schulen-uebernehmen-verantwortung\/","title":{"rendered":"Neues Video online: Challenge accepted! Klimagerechtigkeit. Niedersachsens Schulen \u00fcbernehmen Verantwortung"},"content":{"rendered":"<p>Im Februar 2026 war ein Filmteam zu Gast am Max, um den Klimarat bei seiner Arbeit zu begleiten und mit den Klimar\u00e4tinnen und -r\u00e4ten \u00fcber das Thema Klimagerechtigkeit zu sprechen. Nun ist der Film, in dem auch das Tilman-Riemenschneider-Gymnasium Osterode und die Adolf-Grimme-Gesamtschule Goslar ihre Arbeit vorstellen, fertig und hier zu sehen:<\/p>\n<div class=\"lyte-wrapper fourthree\" style=\"width:420px;max-width:100%;margin:5px;\"><div class=\"lyMe\" id=\"WYL_Yz--8dN2KpE\"><div id=\"lyte_Yz--8dN2KpE\" data-src=\"https:\/\/max-emden.de\/wordpress\/wp-content\/plugins\/wp-youtube-lyte\/lyteCache.php?origThumbUrl=%2F%2Fi.ytimg.com%2Fvi%2FYz--8dN2KpE%2Fhqdefault.jpg\" class=\"pL\"><div class=\"tC\"><div class=\"tT\"><\/div><\/div><button tabindex=\"0\" class=\"play\"><\/button><div class=\"ctrl\"><div class=\"Lctrl\"><\/div><div class=\"Rctrl\"><\/div><\/div><\/div><noscript><a href=\"https:\/\/youtu.be\/Yz--8dN2KpE\" rel=\"nofollow\"><img fetchpriority=\"high\" decoding=\"async\" src=\"https:\/\/max-emden.de\/wordpress\/wp-content\/plugins\/wp-youtube-lyte\/lyteCache.php?origThumbUrl=https%3A%2F%2Fi.ytimg.com%2Fvi%2FYz--8dN2KpE%2F0.jpg\" alt=\"YouTube-Video-Vorschaubild\" width=\"420\" height=\"295\" \/><br \/>Dieses Video auf YouTube ansehen<\/a><\/noscript><\/div><\/div><div class=\"lL\" style=\"max-width:100%;width:420px;margin:5px;\"><\/div><\/p>\n<p>Herzlichen Dank an das Nieders\u00e4chsische Kultusministerium f\u00fcr die Unterst\u00fctzung!<\/p>\n","protected":false},"excerpt":{"rendered":"<p>Im Februar 2026 war ein Filmteam zu Gast am Max, um den Klimarat bei seiner Arbeit zu begleiten und mit den Klimar\u00e4tinnen und -r\u00e4ten \u00fcber<a class=\"moretag\" href=\"https:\/\/max-emden.de\/wordpress\/neues-video-online-challenge-accepted-klimagerechtigkeit-niedersachsens-schulen-uebernehmen-verantwortung\/\"> [&#8230;]<\/a><\/p>\n","protected":false},"author":3,"featured_media":22300,"comment_status":"closed","ping_status":"closed","sticky":false,"template":"","format":"standard","meta":{"footnotes":""},"categories":[106,120,11,89],"tags":[96],"class_list":["post-22303","post","type-post","status-publish","format-standard","has-post-thumbnail","hentry","category-aktuell","category-klimarat","category-nachhaltigkeit","category-unesco","tag-aktuell"],"_links":{"self":[{"href":"https:\/\/max-emden.de\/wordpress\/wp-json\/wp\/v2\/posts\/22303","targetHints":{"allow":["GET"]}}],"collection":[{"href":"https:\/\/max-emden.de\/wordpress\/wp-json\/wp\/v2\/posts"}],"about":[{"href":"https:\/\/max-emden.de\/wordpress\/wp-json\/wp\/v2\/types\/post"}],"author":[{"embeddable":true,"href":"https:\/\/max-emden.de\/wordpress\/wp-json\/wp\/v2\/users\/3"}],"replies":[{"embeddable":true,"href":"https:\/\/max-emden.de\/wordpress\/wp-json\/wp\/v2\/comments?post=22303"}],"version-history":[{"count":1,"href":"https:\/\/max-emden.de\/wordpress\/wp-json\/wp\/v2\/posts\/22303\/revisions"}],"predecessor-version":[{"id":22304,"href":"https:\/\/max-emden.de\/wordpress\/wp-json\/wp\/v2\/posts\/22303\/revisions\/22304"}],"wp:featuredmedia":[{"embeddable":true,"href":"https:\/\/max-emden.de\/wordpress\/wp-json\/wp\/v2\/media\/22300"}],"wp:attachment":[{"href":"https:\/\/max-emden.de\/wordpress\/wp-json\/wp\/v2\/media?parent=22303"}],"wp:term":[{"taxonomy":"category","embeddable":true,"href":"https:\/\/max-emden.de\/wordpress\/wp-json\/wp\/v2\/categories?post=22303"},{"taxonomy":"post_tag","embeddable":true,"href":"https:\/\/max-emden.de\/wordpress\/wp-json\/wp\/v2\/tags?post=22303"}],"curies":[{"name":"wp","href":"https:\/\/api.w.org\/{rel}","templated":true}]}}