{"id":2399,"date":"2016-05-24T15:40:03","date_gmt":"2016-05-24T15:40:03","guid":{"rendered":"http:\/\/max-emden.de\/wordpress\/?p=2399"},"modified":"2016-05-30T17:17:16","modified_gmt":"2016-05-30T17:17:16","slug":"arie-windmueller-mit-max-schuelern-auf-den-spuren-seiner-familie","status":"publish","type":"post","link":"https:\/\/max-emden.de\/wordpress\/arie-windmueller-mit-max-schuelern-auf-den-spuren-seiner-familie\/","title":{"rendered":"Arie Windm\u00fcller mit Max-Sch\u00fclern auf den Spuren seiner Familie"},"content":{"rendered":"<p style=\"text-align: justify;\">Ein besonderer Nachmittag: Gemeinsam mit zw\u00f6lf Sch\u00fclerinnen und Sch\u00fcler der Jahrg\u00e4nge 7- 11 und einigen weiteren G\u00e4sten, darunter Hartmut Brinkmann, Vorsitzender des Schulelternrates, hat sich Arie Windm\u00fcller am Donnerstag auf die Suche nach Spuren seiner Familie begeben. Nach einem Tee-Empfang im Rummel des Rathauses, bei dem Windm\u00fcller und seine Frau Shoshana herzlich von B\u00fcrgermeisterin Risius begr\u00fc\u00dft worden waren, ging es knapp vier Stunden durch Emdens Innenstadt. Bis 1933 hatte die Familie Windm\u00fcller hier gewohnt und eine Schlachterei betrieben, bevor die Nazis den Gewerbeschein des Vaters einzogen und damit faktisch ein Berufsverbot verh\u00e4ngten.<!--more--><\/p>\n<p style=\"text-align: justify;\">Zu Beginn des Rundganges verharrt die Gruppe einen Moment am Mahnmal f\u00fcr die Emder Widerstandsk\u00e4mpfer, bevor es weiter in die M\u00fchlenstra\u00dfe geht. Hier hatte die Familie Windm\u00fcller ihre Wohnung, hier war auch Max Windm\u00fcller geboren worden. Das damalige Haus mit der Nummer 44 ist im Krieg zerst\u00f6rt worden, doch erinnern inzwischen Stolpersteine an den ehemaligen Wohnort der Familie. Zum ersten Mal bekommt Arie Windm\u00fcller diese in den Boden eingelassenen Mahnmale am Donnerstag zu Gesicht, unter denen sich auch ein Stein f\u00fcr seinen Vater Isaak befindet. Zusammen mit seinem Bruder Max wollte dieser kurz vor Kriegsbeginn im Sommer 1939 mit dem Auswandererschiff Dora von Rotterdam nach Pal\u00e4stina fliehen. Doch kurz vor der Abfahrt wurde Max von Freunden \u00fcberzeugt das Schiff zu verlassen und zur\u00fcck in den Widerstand zu gehen. W\u00e4hrend Max kurz vor Kriegsende erschossen wurde, blieb Isaak an Bord, \u00fcberlebte und gr\u00fcndete eine Familie, aus der seine S\u00f6hne Arie und Prof. Yaron Windm\u00fcller hervorgingen. Immer wieder bleibt Arie Windm\u00fcller stehen, um aus dem Leben der Windm\u00fcllers in Emden zu erz\u00e4hlen: So sei Max ein &#8222;Drummel&#8220; gewesen, ein Schelm also, der immer wieder f\u00fcr Sp\u00e4\u00dfe gesorgt habe und manchmal etwas \u00fcberm\u00fctig war. Der Anblick des Falderndelftes ruft Arie Windm\u00fcller dazu eine Anekdote aus den Erz\u00e4hlungen des Vaters ins Ged\u00e4chtnis zur\u00fcck: Als er mit Max auf einem Fuhrwerk gespielt habe, sei Isaak heruntergest\u00fcrzt &#8211; &#8222;Schl\u00fcsselbeinbruch &#8211; sechs Wochen Gips.&#8220;<\/p>\n<p style=\"text-align: justify;\">Nach einem kurzen Halt vor der Schlachterei St\u00f6rk, bei dem der Junior-Chef davon erz\u00e4hlt, dass sein Gro\u00dfvater das Gesch\u00e4ft von der j\u00fcdischen Familie van der Wyk \u00fcbernommen habe, die ebenfalls in der M\u00fchlenstra\u00dfe ans\u00e4ssig war, geht es durch die Max-Windm\u00fcller-Stra\u00dfe zum Mahnmal f\u00fcr die w\u00e4hrend der Reichspogromnacht zerst\u00f6rten Synagoge. &#8222;Hier hat mein Vater seine Bar Mizwa gehabt&#8220;, erz\u00e4hlt Windm\u00fcller und berichtet, dass sein Vater sp\u00e4ter immer wieder von der Sch\u00f6nheit des Gotteshauses geschw\u00e4rmt habe.<\/p>\n<p style=\"text-align: justify;\">Weiter geht es zum j\u00fcdischen Friedhof, nur wenige Meter entfernt. Arie Windm\u00fcller verharrt erneut, als er das Mahnmal f\u00fcr die Emder Juden betrachtet. Hier spricht er im Angedenken an seine Familie das Kaddisch, das traditionelle Gebet f\u00fcr die Toten. Einige Grabsteine, die den Namen Windm\u00fcller tragen, sind auch heute noch zu finden, nicht jedoch jene seiner urspr\u00fcnglich in Emden beheimateten Gro\u00dfeltern: W\u00e4hrend Max&#8216; Vater Moritz Windm\u00fcller nach der Flucht 1937 in Groningen starb, wurde seine Gro\u00dfmutter Jette 1942 in Auschwitz ermordet. Auch Adolf Windm\u00fcller, der Bruder von Moritz Windm\u00fcller, und seine Frau Johanna, die nicht aus Emden geflohen waren, liegen nicht hier: Beide wurden 1942 im Vernichtungslager Chelmno umgebracht. Auch f\u00fcr diesen Teil der Windm\u00fcller-Familie, Aries Gro\u00dfonkel &#8211; und -tante und deren Kinder, liegen inzwischen Stolpersteine. Als die Gruppe diese in der Boltentorstra\u00dfe betrachtet bleibt eine alte Dame stehen und erinnert sich: &#8222;Adolf Windm\u00fcller &#8211; den habe ich gekannt!&#8220; Sie erz\u00e4hlt, wie sie als kleines Kind Unterhaltungen ihrer Eltern belauscht habe: &#8222;Die sind jetzt auch abgeholt worden&#8220; &#8211; so hie\u00df es immer wieder.<\/p>\n<p style=\"text-align: justify;\">Die letzte Station des Spazierganges bildet die ehemalige Kaserne: Nichts erinnert heute mehr daran, dass hier 1947\u00a0 2342 Exodus-Juden untergebracht waren. Nachdem ihnen die Einreise nach Pal\u00e4stina verweigert worden war, hatte die britische Regierung \u00fcber 4000 Menschen, die mit drei Schiffen aus Europa fliehen wollten, wieder zur\u00fcck nach Deutschland geschickt. Vom Hamburger Hafen, wo sie zum Teil gewaltsam von den Schiffen getragen worden waren, wurde ein gro\u00dfer Teil der Juden nach Emden gebracht. Damit lebten von November 1947 bis zum August 1948 wieder Juden in der gro\u00dfteils zerst\u00f6rten Stadt &#8211; eine Episode, die damals weltweit f\u00fcr Furore gesorgt hat, an die keine Gedenktafel erinnert, die auch aus dem Ged\u00e4chtnis der Bev\u00f6lkerung weitgehend getilgt zu sein scheint. Auch Arie Windm\u00fcller kennt diese Geschichte nicht: Zwar sind ihm Nachfahren der Exodus-Fl\u00fcchtlinge bekannt, doch dass diese kurz nach dem Krieg aus Emden in den im Mai 1948 gegr\u00fcndeten Staat Israel eingewandert waren, war ihm nicht bewusst.<\/p>\n<p style=\"text-align: justify;\">So endete dieser besondere Spaziergang durch Emden nach fast viereinhalb Stunden. Immer wieder haben Arie Windm\u00fcller und seine Frau erz\u00e4hlt und von ihrer Familie berichtet und so den Teilnehmern dieses Nachmittages sehr pers\u00f6nliche Einblicke in ihr Leben erm\u00f6glicht &#8211; vielen Dank daf\u00fcr!<\/p>\n<p style=\"text-align: right;\"><em>Der Empfang, der Spaziergang und der Festakt am Folgetag wurden von der Agentur Moevenherz filmisch dokumentiert, sodass der Besuch der Gebr\u00fcder Windm\u00fcller bald auch einer breiteren \u00d6ffentlichkeit zug\u00e4nglich gemacht werden wird. Erm\u00f6glicht wurden die Filmaufnahmen durch die Unterst\u00fctzung der Sparkasse Emden.<\/em><\/p>\n<style id=\"bwg-style-0\">    #bwg_container1_0 #bwg_container2_0 .bwg-container-0.bwg-standard-thumbnails {      width: 904px;              justify-content: center;        margin:0 auto !important;              background-color: rgba(255, 255, 255, 0.00);            padding-left: 4px;      padding-top: 4px;      max-width: 100%;            }        #bwg_container1_0 #bwg_container2_0 .bwg-container-0.bwg-standard-thumbnails .bwg-item {    justify-content: flex-start;      max-width: 180px;            width: 180px !important;          }    #bwg_container1_0 #bwg_container2_0 .bwg-container-0.bwg-standard-thumbnails .bwg-item a {       margin-right: 4px;       margin-bottom: 4px;    }    #bwg_container1_0 #bwg_container2_0 .bwg-container-0.bwg-standard-thumbnails .bwg-item0 {      padding: 0px;            background-color:rgba(255,255,255, 0.30);      border: 0px none #CCCCCC;      opacity: 1.00;      border-radius: 0;      box-shadow: 0px 0px 0px #888888;    }    #bwg_container1_0 #bwg_container2_0 .bwg-container-0.bwg-standard-thumbnails .bwg-item1 img {      max-height: none;      max-width: none;      padding: 0 !important;    }        @media only screen and (min-width: 480px) {      #bwg_container1_0 #bwg_container2_0 .bwg-container-0.bwg-standard-thumbnails .bwg-item0 {        transition: all 0.3s ease 0s;-webkit-transition: all 0.3s ease 0s;      }      #bwg_container1_0 #bwg_container2_0 .bwg-container-0.bwg-standard-thumbnails .bwg-item0:hover {        -ms-transform: scale(1.1);        -webkit-transform: scale(1.1);        transform: scale(1.1);      }    }          #bwg_container1_0 #bwg_container2_0 .bwg-container-0.bwg-standard-thumbnails .bwg-item1 {      padding-top: 50%;    }        #bwg_container1_0 #bwg_container2_0 .bwg-container-0.bwg-standard-thumbnails .bwg-title2,    #bwg_container1_0 #bwg_container2_0 .bwg-container-0.bwg-standard-thumbnails .bwg-ecommerce2 {      color: #CCCCCC;      font-family: segoe ui;      font-size: 16px;      font-weight: bold;      padding: 2px;      text-shadow: 0px 0px 0px #888888;      max-height: 100%;    }    #bwg_container1_0 #bwg_container2_0 .bwg-container-0.bwg-standard-thumbnails .bwg-thumb-description span {    color: #323A45;    font-family: Ubuntu;    font-size: 12px;    max-height: 100%;    word-wrap: break-word;    }    #bwg_container1_0 #bwg_container2_0 .bwg-container-0.bwg-standard-thumbnails .bwg-play-icon2 {      font-size: 32px;    }    #bwg_container1_0 #bwg_container2_0 .bwg-container-0.bwg-standard-thumbnails .bwg-ecommerce2 {      font-size: 19.2px;      color: #CCCCCC;    }    <\/style>    <div id=\"bwg_container1_0\"         class=\"bwg_container bwg_thumbnail bwg_thumbnails \"         data-right-click-protection=\"1\"         data-bwg=\"0\"         data-scroll=\"0\"         data-gallery-type=\"thumbnails\"         data-gallery-view-type=\"thumbnails\"         data-current-url=\"\/wordpress\/wp-json\/wp\/v2\/posts\/2399\"         data-lightbox-url=\"https:\/\/max-emden.de\/wordpress\/wp-admin\/admin-ajax.php?action=GalleryBox&#038;current_view=0&#038;gallery_id=69&#038;tag=0&#038;theme_id=1&#038;shortcode_id=75&#038;sort_by=order&#038;order_by=asc&#038;current_url=%2Fwordpress%2Fwp-json%2Fwp%2Fv2%2Fposts%2F2399\"         data-gallery-id=\"69\"         data-popup-width=\"800\"         data-popup-height=\"500\"         data-is-album=\"gallery\"         data-buttons-position=\"bottom\">      <div id=\"bwg_container2_0\">             <div id=\"ajax_loading_0\" class=\"bwg_loading_div_1\">      <div class=\"bwg_loading_div_2\">        <div class=\"bwg_loading_div_3\">          <div id=\"loading_div_0\" class=\"bwg_spider_ajax_loading\">          <\/div>        <\/div>      <\/div>    <\/div>            <form id=\"gal_front_form_0\"              class=\"bwg-hidden\"              method=\"post\"              action=\"#\"              data-current=\"0\"              data-shortcode-id=\"75\"              data-gallery-type=\"thumbnails\"              data-gallery-id=\"69\"              data-tag=\"0\"              data-album-id=\"0\"              data-theme-id=\"1\"              data-ajax-url=\"https:\/\/max-emden.de\/wordpress\/wp-admin\/admin-ajax.php?action=bwg_frontend_data\">          <div id=\"bwg_container3_0\" class=\"bwg-background bwg-background-0\">                <div data-max-count=\"5\"         data-thumbnail-width=\"180\"         data-bwg=\"0\"         data-gallery-id=\"69\"         data-lightbox-url=\"https:\/\/max-emden.de\/wordpress\/wp-admin\/admin-ajax.php?action=GalleryBox&amp;current_view=0&amp;gallery_id=69&amp;tag=0&amp;theme_id=1&amp;shortcode_id=75&amp;sort_by=order&amp;order_by=asc&amp;current_url=%2Fwordpress%2Fwp-json%2Fwp%2Fv2%2Fposts%2F2399\"         id=\"bwg_thumbnails_0\"         class=\"bwg-container-0 bwg-thumbnails bwg-standard-thumbnails bwg-container bwg-border-box\">            <div class=\"bwg-item\">        <a class=\"bwg-a  bwg_lightbox\"  data-image-id=\"1436\" href=\"https:\/\/max-emden.de\/wordpress\/wp-content\/uploads\/photo-gallery\/Rundgang_in_Emden_Arie_Windmiller_in_Emden,_Max-Windm\u00fcller-Gymnasium,_19.05.2016-5641_lores_(41).JPG\" data-elementor-open-lightbox=\"no\">                <div class=\"bwg-item0 \">          <div class=\"bwg-item1 \">            <div class=\"bwg-item2\">              <img decoding=\"async\" class=\"skip-lazy bwg_standart_thumb_img_0 \"                   data-id=\"1436\"                   data-width=\"\"                   data-height=\"\"                   data-src=\"https:\/\/max-emden.de\/wordpress\/wp-content\/uploads\/photo-gallery\/thumb\/Rundgang_in_Emden_Arie_Windmiller_in_Emden,_Max-Windm\u00fcller-Gymnasium,_19.05.2016-5641_lores_(41).JPG\"                   src=\"https:\/\/max-emden.de\/wordpress\/wp-content\/uploads\/photo-gallery\/thumb\/Rundgang_in_Emden_Arie_Windmiller_in_Emden,_Max-Windm\u00fcller-Gymnasium,_19.05.2016-5641_lores_(41).JPG\"                   alt=\"Rundgang in Emden Arie Windmiller in Emden, Max-Windm\u00fcller-Gymnasium, 19.05.2016-5641 lores (41)\"                   title=\"Rundgang in Emden Arie Windmiller in Emden, Max-Windm\u00fcller-Gymnasium, 19.05.2016-5641 lores (41)\" \/>            <\/div>            <div class=\"\">                                                      <\/div>          <\/div>        <\/div>                        <\/a>              <\/div>            <div class=\"bwg-item\">        <a class=\"bwg-a  bwg_lightbox\"  data-image-id=\"1435\" href=\"https:\/\/max-emden.de\/wordpress\/wp-content\/uploads\/photo-gallery\/Rundgang_in_Emden_Arie_Windmiller_in_Emden,_Max-Windm\u00fcller-Gymnasium,_19.05.2016-5641_lores_(40).JPG\" data-elementor-open-lightbox=\"no\">                <div class=\"bwg-item0 \">          <div class=\"bwg-item1 \">            <div class=\"bwg-item2\">              <img decoding=\"async\" class=\"skip-lazy bwg_standart_thumb_img_0 \"                   data-id=\"1435\"                   data-width=\"\"                   data-height=\"\"                   data-src=\"https:\/\/max-emden.de\/wordpress\/wp-content\/uploads\/photo-gallery\/thumb\/Rundgang_in_Emden_Arie_Windmiller_in_Emden,_Max-Windm\u00fcller-Gymnasium,_19.05.2016-5641_lores_(40).JPG\"                   src=\"https:\/\/max-emden.de\/wordpress\/wp-content\/uploads\/photo-gallery\/thumb\/Rundgang_in_Emden_Arie_Windmiller_in_Emden,_Max-Windm\u00fcller-Gymnasium,_19.05.2016-5641_lores_(40).JPG\"                   alt=\"Rundgang in Emden Arie Windmiller in Emden, Max-Windm\u00fcller-Gymnasium, 19.05.2016-5641 lores (40)\"                   title=\"Rundgang in Emden Arie Windmiller in Emden, Max-Windm\u00fcller-Gymnasium, 19.05.2016-5641 lores (40)\" \/>            <\/div>            <div class=\"\">                                                      <\/div>          <\/div>        <\/div>                        <\/a>              <\/div>            <div class=\"bwg-item\">        <a class=\"bwg-a  bwg_lightbox\"  data-image-id=\"1434\" href=\"https:\/\/max-emden.de\/wordpress\/wp-content\/uploads\/photo-gallery\/Rundgang_in_Emden_Arie_Windmiller_in_Emden,_Max-Windm\u00fcller-Gymnasium,_19.05.2016-5641_lores_(39).JPG\" data-elementor-open-lightbox=\"no\">                <div class=\"bwg-item0 \">          <div class=\"bwg-item1 \">            <div class=\"bwg-item2\">              <img decoding=\"async\" class=\"skip-lazy bwg_standart_thumb_img_0 \"                   data-id=\"1434\"                   data-width=\"\"                   data-height=\"\"                   data-src=\"https:\/\/max-emden.de\/wordpress\/wp-content\/uploads\/photo-gallery\/thumb\/Rundgang_in_Emden_Arie_Windmiller_in_Emden,_Max-Windm\u00fcller-Gymnasium,_19.05.2016-5641_lores_(39).JPG\"                   src=\"https:\/\/max-emden.de\/wordpress\/wp-content\/uploads\/photo-gallery\/thumb\/Rundgang_in_Emden_Arie_Windmiller_in_Emden,_Max-Windm\u00fcller-Gymnasium,_19.05.2016-5641_lores_(39).JPG\"                   alt=\"Rundgang in Emden Arie Windmiller in Emden, Max-Windm\u00fcller-Gymnasium, 19.05.2016-5641 lores (39)\"                   title=\"Rundgang in Emden Arie Windmiller in Emden, Max-Windm\u00fcller-Gymnasium, 19.05.2016-5641 lores (39)\" \/>            <\/div>            <div class=\"\">                                                      <\/div>          <\/div>        <\/div>                        <\/a>              <\/div>            <div class=\"bwg-item\">        <a class=\"bwg-a  bwg_lightbox\"  data-image-id=\"1433\" href=\"https:\/\/max-emden.de\/wordpress\/wp-content\/uploads\/photo-gallery\/Rundgang_in_Emden_Arie_Windmiller_in_Emden,_Max-Windm\u00fcller-Gymnasium,_19.05.2016-5641_lores_(38).JPG\" data-elementor-open-lightbox=\"no\">                <div class=\"bwg-item0 \">          <div class=\"bwg-item1 \">            <div class=\"bwg-item2\">              <img decoding=\"async\" class=\"skip-lazy bwg_standart_thumb_img_0 \"                   data-id=\"1433\"                   data-width=\"\"                   data-height=\"\"                   data-src=\"https:\/\/max-emden.de\/wordpress\/wp-content\/uploads\/photo-gallery\/thumb\/Rundgang_in_Emden_Arie_Windmiller_in_Emden,_Max-Windm\u00fcller-Gymnasium,_19.05.2016-5641_lores_(38).JPG\"                   src=\"https:\/\/max-emden.de\/wordpress\/wp-content\/uploads\/photo-gallery\/thumb\/Rundgang_in_Emden_Arie_Windmiller_in_Emden,_Max-Windm\u00fcller-Gymnasium,_19.05.2016-5641_lores_(38).JPG\"                   alt=\"Rundgang in Emden Arie Windmiller in Emden, Max-Windm\u00fcller-Gymnasium, 19.05.2016-5641 lores (38)\"                   title=\"Rundgang in Emden Arie Windmiller in Emden, Max-Windm\u00fcller-Gymnasium, 19.05.2016-5641 lores (38)\" \/>            <\/div>            <div class=\"\">                                                      <\/div>          <\/div>        <\/div>                        <\/a>              <\/div>            <div class=\"bwg-item\">        <a class=\"bwg-a  bwg_lightbox\"  data-image-id=\"1432\" href=\"https:\/\/max-emden.de\/wordpress\/wp-content\/uploads\/photo-gallery\/Rundgang_in_Emden_Arie_Windmiller_in_Emden,_Max-Windm\u00fcller-Gymnasium,_19.05.2016-5641_lores_(37).JPG\" data-elementor-open-lightbox=\"no\">                <div class=\"bwg-item0 \">          <div class=\"bwg-item1 \">            <div class=\"bwg-item2\">              <img decoding=\"async\" class=\"skip-lazy bwg_standart_thumb_img_0 \"                   data-id=\"1432\"                   data-width=\"\"                   data-height=\"\"                   data-src=\"https:\/\/max-emden.de\/wordpress\/wp-content\/uploads\/photo-gallery\/thumb\/Rundgang_in_Emden_Arie_Windmiller_in_Emden,_Max-Windm\u00fcller-Gymnasium,_19.05.2016-5641_lores_(37).JPG\"                   src=\"https:\/\/max-emden.de\/wordpress\/wp-content\/uploads\/photo-gallery\/thumb\/Rundgang_in_Emden_Arie_Windmiller_in_Emden,_Max-Windm\u00fcller-Gymnasium,_19.05.2016-5641_lores_(37).JPG\"                   alt=\"Rundgang in Emden Arie Windmiller in Emden, Max-Windm\u00fcller-Gymnasium, 19.05.2016-5641 lores (37)\"                   title=\"Rundgang in Emden Arie Windmiller in Emden, Max-Windm\u00fcller-Gymnasium, 19.05.2016-5641 lores (37)\" \/>            <\/div>            <div class=\"\">                                                      <\/div>          <\/div>        <\/div>                        <\/a>              <\/div>            <div class=\"bwg-item\">        <a class=\"bwg-a  bwg_lightbox\"  data-image-id=\"1431\" href=\"https:\/\/max-emden.de\/wordpress\/wp-content\/uploads\/photo-gallery\/Rundgang_in_Emden_Arie_Windmiller_in_Emden,_Max-Windm\u00fcller-Gymnasium,_19.05.2016-5641_lores_(36).JPG\" data-elementor-open-lightbox=\"no\">                <div class=\"bwg-item0 \">          <div class=\"bwg-item1 \">            <div class=\"bwg-item2\">              <img decoding=\"async\" class=\"skip-lazy bwg_standart_thumb_img_0 \"                   data-id=\"1431\"                   data-width=\"\"                   data-height=\"\"                   data-src=\"https:\/\/max-emden.de\/wordpress\/wp-content\/uploads\/photo-gallery\/thumb\/Rundgang_in_Emden_Arie_Windmiller_in_Emden,_Max-Windm\u00fcller-Gymnasium,_19.05.2016-5641_lores_(36).JPG\"                   src=\"https:\/\/max-emden.de\/wordpress\/wp-content\/uploads\/photo-gallery\/thumb\/Rundgang_in_Emden_Arie_Windmiller_in_Emden,_Max-Windm\u00fcller-Gymnasium,_19.05.2016-5641_lores_(36).JPG\"                   alt=\"Rundgang in Emden Arie Windmiller in Emden, Max-Windm\u00fcller-Gymnasium, 19.05.2016-5641 lores (36)\"                   title=\"Rundgang in Emden Arie Windmiller in Emden, Max-Windm\u00fcller-Gymnasium, 19.05.2016-5641 lores (36)\" \/>            <\/div>            <div class=\"\">                                                      <\/div>          <\/div>        <\/div>                        <\/a>              <\/div>            <div class=\"bwg-item\">        <a class=\"bwg-a  bwg_lightbox\"  data-image-id=\"1430\" href=\"https:\/\/max-emden.de\/wordpress\/wp-content\/uploads\/photo-gallery\/Rundgang_in_Emden_Arie_Windmiller_in_Emden,_Max-Windm\u00fcller-Gymnasium,_19.05.2016-5641_lores_(35).JPG\" data-elementor-open-lightbox=\"no\">                <div class=\"bwg-item0 \">          <div class=\"bwg-item1 \">            <div class=\"bwg-item2\">              <img decoding=\"async\" class=\"skip-lazy bwg_standart_thumb_img_0 \"                   data-id=\"1430\"                   data-width=\"\"                   data-height=\"\"                   data-src=\"https:\/\/max-emden.de\/wordpress\/wp-content\/uploads\/photo-gallery\/thumb\/Rundgang_in_Emden_Arie_Windmiller_in_Emden,_Max-Windm\u00fcller-Gymnasium,_19.05.2016-5641_lores_(35).JPG\"                   src=\"https:\/\/max-emden.de\/wordpress\/wp-content\/uploads\/photo-gallery\/thumb\/Rundgang_in_Emden_Arie_Windmiller_in_Emden,_Max-Windm\u00fcller-Gymnasium,_19.05.2016-5641_lores_(35).JPG\"                   alt=\"Rundgang in Emden Arie Windmiller in Emden, Max-Windm\u00fcller-Gymnasium, 19.05.2016-5641 lores (35)\"                   title=\"Rundgang in Emden Arie Windmiller in Emden, Max-Windm\u00fcller-Gymnasium, 19.05.2016-5641 lores (35)\" \/>            <\/div>            <div class=\"\">                                                      <\/div>          <\/div>        <\/div>                        <\/a>              <\/div>            <div class=\"bwg-item\">        <a class=\"bwg-a  bwg_lightbox\"  data-image-id=\"1429\" href=\"https:\/\/max-emden.de\/wordpress\/wp-content\/uploads\/photo-gallery\/Rundgang_in_Emden_Arie_Windmiller_in_Emden,_Max-Windm\u00fcller-Gymnasium,_19.05.2016-5641_lores_(34).JPG\" data-elementor-open-lightbox=\"no\">                <div class=\"bwg-item0 \">          <div class=\"bwg-item1 \">            <div class=\"bwg-item2\">              <img decoding=\"async\" class=\"skip-lazy bwg_standart_thumb_img_0 \"                   data-id=\"1429\"                   data-width=\"\"                   data-height=\"\"                   data-src=\"https:\/\/max-emden.de\/wordpress\/wp-content\/uploads\/photo-gallery\/thumb\/Rundgang_in_Emden_Arie_Windmiller_in_Emden,_Max-Windm\u00fcller-Gymnasium,_19.05.2016-5641_lores_(34).JPG\"                   src=\"https:\/\/max-emden.de\/wordpress\/wp-content\/uploads\/photo-gallery\/thumb\/Rundgang_in_Emden_Arie_Windmiller_in_Emden,_Max-Windm\u00fcller-Gymnasium,_19.05.2016-5641_lores_(34).JPG\"                   alt=\"Rundgang in Emden Arie Windmiller in Emden, Max-Windm\u00fcller-Gymnasium, 19.05.2016-5641 lores (34)\"                   title=\"Rundgang in Emden Arie Windmiller in Emden, Max-Windm\u00fcller-Gymnasium, 19.05.2016-5641 lores (34)\" \/>            <\/div>            <div class=\"\">                                                      <\/div>          <\/div>        <\/div>                        <\/a>              <\/div>            <div class=\"bwg-item\">        <a class=\"bwg-a  bwg_lightbox\"  data-image-id=\"1428\" href=\"https:\/\/max-emden.de\/wordpress\/wp-content\/uploads\/photo-gallery\/Rundgang_in_Emden_Arie_Windmiller_in_Emden,_Max-Windm\u00fcller-Gymnasium,_19.05.2016-5641_lores_(33).JPG\" data-elementor-open-lightbox=\"no\">                <div class=\"bwg-item0 \">          <div class=\"bwg-item1 \">            <div class=\"bwg-item2\">              <img decoding=\"async\" class=\"skip-lazy bwg_standart_thumb_img_0 \"                   data-id=\"1428\"                   data-width=\"\"                   data-height=\"\"                   data-src=\"https:\/\/max-emden.de\/wordpress\/wp-content\/uploads\/photo-gallery\/thumb\/Rundgang_in_Emden_Arie_Windmiller_in_Emden,_Max-Windm\u00fcller-Gymnasium,_19.05.2016-5641_lores_(33).JPG\"                   src=\"https:\/\/max-emden.de\/wordpress\/wp-content\/uploads\/photo-gallery\/thumb\/Rundgang_in_Emden_Arie_Windmiller_in_Emden,_Max-Windm\u00fcller-Gymnasium,_19.05.2016-5641_lores_(33).JPG\"                   alt=\"Rundgang in Emden Arie Windmiller in Emden, Max-Windm\u00fcller-Gymnasium, 19.05.2016-5641 lores (33)\"                   title=\"Rundgang in Emden Arie Windmiller in Emden, Max-Windm\u00fcller-Gymnasium, 19.05.2016-5641 lores (33)\" \/>            <\/div>            <div class=\"\">                                                      <\/div>          <\/div>        <\/div>                        <\/a>              <\/div>            <div class=\"bwg-item\">        <a class=\"bwg-a  bwg_lightbox\"  data-image-id=\"1427\" href=\"https:\/\/max-emden.de\/wordpress\/wp-content\/uploads\/photo-gallery\/Rundgang_in_Emden_Arie_Windmiller_in_Emden,_Max-Windm\u00fcller-Gymnasium,_19.05.2016-5641_lores_(32).JPG\" data-elementor-open-lightbox=\"no\">                <div class=\"bwg-item0 \">          <div class=\"bwg-item1 \">            <div class=\"bwg-item2\">              <img decoding=\"async\" class=\"skip-lazy bwg_standart_thumb_img_0 \"                   data-id=\"1427\"                   data-width=\"\"                   data-height=\"\"                   data-src=\"https:\/\/max-emden.de\/wordpress\/wp-content\/uploads\/photo-gallery\/thumb\/Rundgang_in_Emden_Arie_Windmiller_in_Emden,_Max-Windm\u00fcller-Gymnasium,_19.05.2016-5641_lores_(32).JPG\"                   src=\"https:\/\/max-emden.de\/wordpress\/wp-content\/uploads\/photo-gallery\/thumb\/Rundgang_in_Emden_Arie_Windmiller_in_Emden,_Max-Windm\u00fcller-Gymnasium,_19.05.2016-5641_lores_(32).JPG\"                   alt=\"Rundgang in Emden Arie Windmiller in Emden, Max-Windm\u00fcller-Gymnasium, 19.05.2016-5641 lores (32)\"                   title=\"Rundgang in Emden Arie Windmiller in Emden, Max-Windm\u00fcller-Gymnasium, 19.05.2016-5641 lores (32)\" \/>            <\/div>            <div class=\"\">                                                      <\/div>          <\/div>        <\/div>                        <\/a>              <\/div>            <div class=\"bwg-item\">        <a class=\"bwg-a  bwg_lightbox\"  data-image-id=\"1426\" href=\"https:\/\/max-emden.de\/wordpress\/wp-content\/uploads\/photo-gallery\/Rundgang_in_Emden_Arie_Windmiller_in_Emden,_Max-Windm\u00fcller-Gymnasium,_19.05.2016-5641_lores_(31).JPG\" data-elementor-open-lightbox=\"no\">                <div class=\"bwg-item0 \">          <div class=\"bwg-item1 \">            <div class=\"bwg-item2\">              <img decoding=\"async\" class=\"skip-lazy bwg_standart_thumb_img_0 \"                   data-id=\"1426\"                   data-width=\"\"                   data-height=\"\"                   data-src=\"https:\/\/max-emden.de\/wordpress\/wp-content\/uploads\/photo-gallery\/thumb\/Rundgang_in_Emden_Arie_Windmiller_in_Emden,_Max-Windm\u00fcller-Gymnasium,_19.05.2016-5641_lores_(31).JPG\"                   src=\"https:\/\/max-emden.de\/wordpress\/wp-content\/uploads\/photo-gallery\/thumb\/Rundgang_in_Emden_Arie_Windmiller_in_Emden,_Max-Windm\u00fcller-Gymnasium,_19.05.2016-5641_lores_(31).JPG\"                   alt=\"Rundgang in Emden Arie Windmiller in Emden, Max-Windm\u00fcller-Gymnasium, 19.05.2016-5641 lores (31)\"                   title=\"Rundgang in Emden Arie Windmiller in Emden, Max-Windm\u00fcller-Gymnasium, 19.05.2016-5641 lores (31)\" \/>            <\/div>            <div class=\"\">                                                      <\/div>          <\/div>        <\/div>                        <\/a>              <\/div>            <div class=\"bwg-item\">        <a class=\"bwg-a  bwg_lightbox\"  data-image-id=\"1425\" href=\"https:\/\/max-emden.de\/wordpress\/wp-content\/uploads\/photo-gallery\/Rundgang_in_Emden_Arie_Windmiller_in_Emden,_Max-Windm\u00fcller-Gymnasium,_19.05.2016-5641_lores_(30).JPG\" data-elementor-open-lightbox=\"no\">                <div class=\"bwg-item0 \">          <div class=\"bwg-item1 \">            <div class=\"bwg-item2\">              <img decoding=\"async\" class=\"skip-lazy bwg_standart_thumb_img_0 \"                   data-id=\"1425\"                   data-width=\"\"                   data-height=\"\"                   data-src=\"https:\/\/max-emden.de\/wordpress\/wp-content\/uploads\/photo-gallery\/thumb\/Rundgang_in_Emden_Arie_Windmiller_in_Emden,_Max-Windm\u00fcller-Gymnasium,_19.05.2016-5641_lores_(30).JPG\"                   src=\"https:\/\/max-emden.de\/wordpress\/wp-content\/uploads\/photo-gallery\/thumb\/Rundgang_in_Emden_Arie_Windmiller_in_Emden,_Max-Windm\u00fcller-Gymnasium,_19.05.2016-5641_lores_(30).JPG\"                   alt=\"Rundgang in Emden Arie Windmiller in Emden, Max-Windm\u00fcller-Gymnasium, 19.05.2016-5641 lores (30)\"                   title=\"Rundgang in Emden Arie Windmiller in Emden, Max-Windm\u00fcller-Gymnasium, 19.05.2016-5641 lores (30)\" \/>            <\/div>            <div class=\"\">                                                      <\/div>          <\/div>        <\/div>                        <\/a>              <\/div>            <div class=\"bwg-item\">        <a class=\"bwg-a  bwg_lightbox\"  data-image-id=\"1424\" href=\"https:\/\/max-emden.de\/wordpress\/wp-content\/uploads\/photo-gallery\/Rundgang_in_Emden_Arie_Windmiller_in_Emden,_Max-Windm\u00fcller-Gymnasium,_19.05.2016-5641_lores_(29).JPG\" data-elementor-open-lightbox=\"no\">                <div class=\"bwg-item0 \">          <div class=\"bwg-item1 \">            <div class=\"bwg-item2\">              <img decoding=\"async\" class=\"skip-lazy bwg_standart_thumb_img_0 \"                   data-id=\"1424\"                   data-width=\"\"                   data-height=\"\"                   data-src=\"https:\/\/max-emden.de\/wordpress\/wp-content\/uploads\/photo-gallery\/thumb\/Rundgang_in_Emden_Arie_Windmiller_in_Emden,_Max-Windm\u00fcller-Gymnasium,_19.05.2016-5641_lores_(29).JPG\"                   src=\"https:\/\/max-emden.de\/wordpress\/wp-content\/uploads\/photo-gallery\/thumb\/Rundgang_in_Emden_Arie_Windmiller_in_Emden,_Max-Windm\u00fcller-Gymnasium,_19.05.2016-5641_lores_(29).JPG\"                   alt=\"Rundgang in Emden Arie Windmiller in Emden, Max-Windm\u00fcller-Gymnasium, 19.05.2016-5641 lores (29)\"                   title=\"Rundgang in Emden Arie Windmiller in Emden, Max-Windm\u00fcller-Gymnasium, 19.05.2016-5641 lores (29)\" \/>            <\/div>            <div class=\"\">                                                      <\/div>          <\/div>        <\/div>                        <\/a>              <\/div>            <div class=\"bwg-item\">        <a class=\"bwg-a  bwg_lightbox\"  data-image-id=\"1423\" href=\"https:\/\/max-emden.de\/wordpress\/wp-content\/uploads\/photo-gallery\/Rundgang_in_Emden_Arie_Windmiller_in_Emden,_Max-Windm\u00fcller-Gymnasium,_19.05.2016-5641_lores_(28).JPG\" data-elementor-open-lightbox=\"no\">                <div class=\"bwg-item0 \">          <div class=\"bwg-item1 \">            <div class=\"bwg-item2\">              <img decoding=\"async\" class=\"skip-lazy bwg_standart_thumb_img_0 \"                   data-id=\"1423\"                   data-width=\"\"                   data-height=\"\"                   data-src=\"https:\/\/max-emden.de\/wordpress\/wp-content\/uploads\/photo-gallery\/thumb\/Rundgang_in_Emden_Arie_Windmiller_in_Emden,_Max-Windm\u00fcller-Gymnasium,_19.05.2016-5641_lores_(28).JPG\"                   src=\"https:\/\/max-emden.de\/wordpress\/wp-content\/uploads\/photo-gallery\/thumb\/Rundgang_in_Emden_Arie_Windmiller_in_Emden,_Max-Windm\u00fcller-Gymnasium,_19.05.2016-5641_lores_(28).JPG\"                   alt=\"Rundgang in Emden Arie Windmiller in Emden, Max-Windm\u00fcller-Gymnasium, 19.05.2016-5641 lores (28)\"                   title=\"Rundgang in Emden Arie Windmiller in Emden, Max-Windm\u00fcller-Gymnasium, 19.05.2016-5641 lores (28)\" \/>            <\/div>            <div class=\"\">                                                      <\/div>          <\/div>        <\/div>                        <\/a>              <\/div>            <div class=\"bwg-item\">        <a class=\"bwg-a  bwg_lightbox\"  data-image-id=\"1422\" href=\"https:\/\/max-emden.de\/wordpress\/wp-content\/uploads\/photo-gallery\/Rundgang_in_Emden_Arie_Windmiller_in_Emden,_Max-Windm\u00fcller-Gymnasium,_19.05.2016-5641_lores_(27).JPG\" data-elementor-open-lightbox=\"no\">                <div class=\"bwg-item0 \">          <div class=\"bwg-item1 \">            <div class=\"bwg-item2\">              <img decoding=\"async\" class=\"skip-lazy bwg_standart_thumb_img_0 \"                   data-id=\"1422\"                   data-width=\"\"                   data-height=\"\"                   data-src=\"https:\/\/max-emden.de\/wordpress\/wp-content\/uploads\/photo-gallery\/thumb\/Rundgang_in_Emden_Arie_Windmiller_in_Emden,_Max-Windm\u00fcller-Gymnasium,_19.05.2016-5641_lores_(27).JPG\"                   src=\"https:\/\/max-emden.de\/wordpress\/wp-content\/uploads\/photo-gallery\/thumb\/Rundgang_in_Emden_Arie_Windmiller_in_Emden,_Max-Windm\u00fcller-Gymnasium,_19.05.2016-5641_lores_(27).JPG\"                   alt=\"Rundgang in Emden Arie Windmiller in Emden, Max-Windm\u00fcller-Gymnasium, 19.05.2016-5641 lores (27)\"                   title=\"Rundgang in Emden Arie Windmiller in Emden, Max-Windm\u00fcller-Gymnasium, 19.05.2016-5641 lores (27)\" \/>            <\/div>            <div class=\"\">                                                      <\/div>          <\/div>        <\/div>                        <\/a>              <\/div>            <div class=\"bwg-item\">        <a class=\"bwg-a  bwg_lightbox\"  data-image-id=\"1421\" href=\"https:\/\/max-emden.de\/wordpress\/wp-content\/uploads\/photo-gallery\/Rundgang_in_Emden_Arie_Windmiller_in_Emden,_Max-Windm\u00fcller-Gymnasium,_19.05.2016-5641_lores_(26).JPG\" data-elementor-open-lightbox=\"no\">                <div class=\"bwg-item0 \">          <div class=\"bwg-item1 \">            <div class=\"bwg-item2\">              <img decoding=\"async\" class=\"skip-lazy bwg_standart_thumb_img_0 \"                   data-id=\"1421\"                   data-width=\"\"                   data-height=\"\"                   data-src=\"https:\/\/max-emden.de\/wordpress\/wp-content\/uploads\/photo-gallery\/thumb\/Rundgang_in_Emden_Arie_Windmiller_in_Emden,_Max-Windm\u00fcller-Gymnasium,_19.05.2016-5641_lores_(26).JPG\"                   src=\"https:\/\/max-emden.de\/wordpress\/wp-content\/uploads\/photo-gallery\/thumb\/Rundgang_in_Emden_Arie_Windmiller_in_Emden,_Max-Windm\u00fcller-Gymnasium,_19.05.2016-5641_lores_(26).JPG\"                   alt=\"Rundgang in Emden Arie Windmiller in Emden, Max-Windm\u00fcller-Gymnasium, 19.05.2016-5641 lores (26)\"                   title=\"Rundgang in Emden Arie Windmiller in Emden, Max-Windm\u00fcller-Gymnasium, 19.05.2016-5641 lores (26)\" \/>            <\/div>            <div class=\"\">                                                      <\/div>          <\/div>        <\/div>                        <\/a>              <\/div>            <div class=\"bwg-item\">        <a class=\"bwg-a  bwg_lightbox\"  data-image-id=\"1420\" href=\"https:\/\/max-emden.de\/wordpress\/wp-content\/uploads\/photo-gallery\/Rundgang_in_Emden_Arie_Windmiller_in_Emden,_Max-Windm\u00fcller-Gymnasium,_19.05.2016-5641_lores_(25).JPG\" data-elementor-open-lightbox=\"no\">                <div class=\"bwg-item0 \">          <div class=\"bwg-item1 \">            <div class=\"bwg-item2\">              <img decoding=\"async\" class=\"skip-lazy bwg_standart_thumb_img_0 \"                   data-id=\"1420\"                   data-width=\"\"                   data-height=\"\"                   data-src=\"https:\/\/max-emden.de\/wordpress\/wp-content\/uploads\/photo-gallery\/thumb\/Rundgang_in_Emden_Arie_Windmiller_in_Emden,_Max-Windm\u00fcller-Gymnasium,_19.05.2016-5641_lores_(25).JPG\"                   src=\"https:\/\/max-emden.de\/wordpress\/wp-content\/uploads\/photo-gallery\/thumb\/Rundgang_in_Emden_Arie_Windmiller_in_Emden,_Max-Windm\u00fcller-Gymnasium,_19.05.2016-5641_lores_(25).JPG\"                   alt=\"Rundgang in Emden Arie Windmiller in Emden, Max-Windm\u00fcller-Gymnasium, 19.05.2016-5641 lores (25)\"                   title=\"Rundgang in Emden Arie Windmiller in Emden, Max-Windm\u00fcller-Gymnasium, 19.05.2016-5641 lores (25)\" \/>            <\/div>            <div class=\"\">                                                      <\/div>          <\/div>        <\/div>                        <\/a>              <\/div>            <div class=\"bwg-item\">        <a class=\"bwg-a  bwg_lightbox\"  data-image-id=\"1419\" href=\"https:\/\/max-emden.de\/wordpress\/wp-content\/uploads\/photo-gallery\/Rundgang_in_Emden_Arie_Windmiller_in_Emden,_Max-Windm\u00fcller-Gymnasium,_19.05.2016-5641_lores_(24).JPG\" data-elementor-open-lightbox=\"no\">                <div class=\"bwg-item0 \">          <div class=\"bwg-item1 \">            <div class=\"bwg-item2\">              <img decoding=\"async\" class=\"skip-lazy bwg_standart_thumb_img_0 \"                   data-id=\"1419\"                   data-width=\"\"                   data-height=\"\"                   data-src=\"https:\/\/max-emden.de\/wordpress\/wp-content\/uploads\/photo-gallery\/thumb\/Rundgang_in_Emden_Arie_Windmiller_in_Emden,_Max-Windm\u00fcller-Gymnasium,_19.05.2016-5641_lores_(24).JPG\"                   src=\"https:\/\/max-emden.de\/wordpress\/wp-content\/uploads\/photo-gallery\/thumb\/Rundgang_in_Emden_Arie_Windmiller_in_Emden,_Max-Windm\u00fcller-Gymnasium,_19.05.2016-5641_lores_(24).JPG\"                   alt=\"Rundgang in Emden Arie Windmiller in Emden, Max-Windm\u00fcller-Gymnasium, 19.05.2016-5641 lores (24)\"                   title=\"Rundgang in Emden Arie Windmiller in Emden, Max-Windm\u00fcller-Gymnasium, 19.05.2016-5641 lores (24)\" \/>            <\/div>            <div class=\"\">                                                      <\/div>          <\/div>        <\/div>                        <\/a>              <\/div>            <div class=\"bwg-item\">        <a class=\"bwg-a  bwg_lightbox\"  data-image-id=\"1418\" href=\"https:\/\/max-emden.de\/wordpress\/wp-content\/uploads\/photo-gallery\/Rundgang_in_Emden_Arie_Windmiller_in_Emden,_Max-Windm\u00fcller-Gymnasium,_19.05.2016-5641_lores_(23).JPG\" data-elementor-open-lightbox=\"no\">                <div class=\"bwg-item0 \">          <div class=\"bwg-item1 \">            <div class=\"bwg-item2\">              <img decoding=\"async\" class=\"skip-lazy bwg_standart_thumb_img_0 \"                   data-id=\"1418\"                   data-width=\"\"                   data-height=\"\"                   data-src=\"https:\/\/max-emden.de\/wordpress\/wp-content\/uploads\/photo-gallery\/thumb\/Rundgang_in_Emden_Arie_Windmiller_in_Emden,_Max-Windm\u00fcller-Gymnasium,_19.05.2016-5641_lores_(23).JPG\"                   src=\"https:\/\/max-emden.de\/wordpress\/wp-content\/uploads\/photo-gallery\/thumb\/Rundgang_in_Emden_Arie_Windmiller_in_Emden,_Max-Windm\u00fcller-Gymnasium,_19.05.2016-5641_lores_(23).JPG\"                   alt=\"Rundgang in Emden Arie Windmiller in Emden, Max-Windm\u00fcller-Gymnasium, 19.05.2016-5641 lores (23)\"                   title=\"Rundgang in Emden Arie Windmiller in Emden, Max-Windm\u00fcller-Gymnasium, 19.05.2016-5641 lores (23)\" \/>            <\/div>            <div class=\"\">                                                      <\/div>          <\/div>        <\/div>                        <\/a>              <\/div>            <div class=\"bwg-item\">        <a class=\"bwg-a  bwg_lightbox\"  data-image-id=\"1417\" href=\"https:\/\/max-emden.de\/wordpress\/wp-content\/uploads\/photo-gallery\/Rundgang_in_Emden_Arie_Windmiller_in_Emden,_Max-Windm\u00fcller-Gymnasium,_19.05.2016-5641_lores_(22).JPG\" data-elementor-open-lightbox=\"no\">                <div class=\"bwg-item0 \">          <div class=\"bwg-item1 \">            <div class=\"bwg-item2\">              <img decoding=\"async\" class=\"skip-lazy bwg_standart_thumb_img_0 \"                   data-id=\"1417\"                   data-width=\"\"                   data-height=\"\"                   data-src=\"https:\/\/max-emden.de\/wordpress\/wp-content\/uploads\/photo-gallery\/thumb\/Rundgang_in_Emden_Arie_Windmiller_in_Emden,_Max-Windm\u00fcller-Gymnasium,_19.05.2016-5641_lores_(22).JPG\"                   src=\"https:\/\/max-emden.de\/wordpress\/wp-content\/uploads\/photo-gallery\/thumb\/Rundgang_in_Emden_Arie_Windmiller_in_Emden,_Max-Windm\u00fcller-Gymnasium,_19.05.2016-5641_lores_(22).JPG\"                   alt=\"Rundgang in Emden Arie Windmiller in Emden, Max-Windm\u00fcller-Gymnasium, 19.05.2016-5641 lores (22)\"                   title=\"Rundgang in Emden Arie Windmiller in Emden, Max-Windm\u00fcller-Gymnasium, 19.05.2016-5641 lores (22)\" \/>            <\/div>            <div class=\"\">                                                      <\/div>          <\/div>        <\/div>                        <\/a>              <\/div>            <div class=\"bwg-item\">        <a class=\"bwg-a  bwg_lightbox\"  data-image-id=\"1416\" href=\"https:\/\/max-emden.de\/wordpress\/wp-content\/uploads\/photo-gallery\/Rundgang_in_Emden_Arie_Windmiller_in_Emden,_Max-Windm\u00fcller-Gymnasium,_19.05.2016-5641_lores_(21).JPG\" data-elementor-open-lightbox=\"no\">                <div class=\"bwg-item0 \">          <div class=\"bwg-item1 \">            <div class=\"bwg-item2\">              <img decoding=\"async\" class=\"skip-lazy bwg_standart_thumb_img_0 \"                   data-id=\"1416\"                   data-width=\"\"                   data-height=\"\"                   data-src=\"https:\/\/max-emden.de\/wordpress\/wp-content\/uploads\/photo-gallery\/thumb\/Rundgang_in_Emden_Arie_Windmiller_in_Emden,_Max-Windm\u00fcller-Gymnasium,_19.05.2016-5641_lores_(21).JPG\"                   src=\"https:\/\/max-emden.de\/wordpress\/wp-content\/uploads\/photo-gallery\/thumb\/Rundgang_in_Emden_Arie_Windmiller_in_Emden,_Max-Windm\u00fcller-Gymnasium,_19.05.2016-5641_lores_(21).JPG\"                   alt=\"Rundgang in Emden Arie Windmiller in Emden, Max-Windm\u00fcller-Gymnasium, 19.05.2016-5641 lores (21)\"                   title=\"Rundgang in Emden Arie Windmiller in Emden, Max-Windm\u00fcller-Gymnasium, 19.05.2016-5641 lores (21)\" \/>            <\/div>            <div class=\"\">                                                      <\/div>          <\/div>        <\/div>                        <\/a>              <\/div>            <div class=\"bwg-item\">        <a class=\"bwg-a  bwg_lightbox\"  data-image-id=\"1415\" href=\"https:\/\/max-emden.de\/wordpress\/wp-content\/uploads\/photo-gallery\/Rundgang_in_Emden_Arie_Windmiller_in_Emden,_Max-Windm\u00fcller-Gymnasium,_19.05.2016-5641_lores_(20).JPG\" data-elementor-open-lightbox=\"no\">                <div class=\"bwg-item0 \">          <div class=\"bwg-item1 \">            <div class=\"bwg-item2\">              <img decoding=\"async\" class=\"skip-lazy bwg_standart_thumb_img_0 \"                   data-id=\"1415\"                   data-width=\"\"                   data-height=\"\"                   data-src=\"https:\/\/max-emden.de\/wordpress\/wp-content\/uploads\/photo-gallery\/thumb\/Rundgang_in_Emden_Arie_Windmiller_in_Emden,_Max-Windm\u00fcller-Gymnasium,_19.05.2016-5641_lores_(20).JPG\"                   src=\"https:\/\/max-emden.de\/wordpress\/wp-content\/uploads\/photo-gallery\/thumb\/Rundgang_in_Emden_Arie_Windmiller_in_Emden,_Max-Windm\u00fcller-Gymnasium,_19.05.2016-5641_lores_(20).JPG\"                   alt=\"Rundgang in Emden Arie Windmiller in Emden, Max-Windm\u00fcller-Gymnasium, 19.05.2016-5641 lores (20)\"                   title=\"Rundgang in Emden Arie Windmiller in Emden, Max-Windm\u00fcller-Gymnasium, 19.05.2016-5641 lores (20)\" \/>            <\/div>            <div class=\"\">                                                      <\/div>          <\/div>        <\/div>                        <\/a>              <\/div>            <div class=\"bwg-item\">        <a class=\"bwg-a  bwg_lightbox\"  data-image-id=\"1414\" href=\"https:\/\/max-emden.de\/wordpress\/wp-content\/uploads\/photo-gallery\/Rundgang_in_Emden_Arie_Windmiller_in_Emden,_Max-Windm\u00fcller-Gymnasium,_19.05.2016-5641_lores_(19).JPG\" data-elementor-open-lightbox=\"no\">                <div class=\"bwg-item0 \">          <div class=\"bwg-item1 \">            <div class=\"bwg-item2\">              <img decoding=\"async\" class=\"skip-lazy bwg_standart_thumb_img_0 \"                   data-id=\"1414\"                   data-width=\"\"                   data-height=\"\"                   data-src=\"https:\/\/max-emden.de\/wordpress\/wp-content\/uploads\/photo-gallery\/thumb\/Rundgang_in_Emden_Arie_Windmiller_in_Emden,_Max-Windm\u00fcller-Gymnasium,_19.05.2016-5641_lores_(19).JPG\"                   src=\"https:\/\/max-emden.de\/wordpress\/wp-content\/uploads\/photo-gallery\/thumb\/Rundgang_in_Emden_Arie_Windmiller_in_Emden,_Max-Windm\u00fcller-Gymnasium,_19.05.2016-5641_lores_(19).JPG\"                   alt=\"Rundgang in Emden Arie Windmiller in Emden, Max-Windm\u00fcller-Gymnasium, 19.05.2016-5641 lores (19)\"                   title=\"Rundgang in Emden Arie Windmiller in Emden, Max-Windm\u00fcller-Gymnasium, 19.05.2016-5641 lores (19)\" \/>            <\/div>            <div class=\"\">                                                      <\/div>          <\/div>        <\/div>                        <\/a>              <\/div>            <div class=\"bwg-item\">        <a class=\"bwg-a  bwg_lightbox\"  data-image-id=\"1413\" href=\"https:\/\/max-emden.de\/wordpress\/wp-content\/uploads\/photo-gallery\/Rundgang_in_Emden_Arie_Windmiller_in_Emden,_Max-Windm\u00fcller-Gymnasium,_19.05.2016-5641_lores_(18).JPG\" data-elementor-open-lightbox=\"no\">                <div class=\"bwg-item0 \">          <div class=\"bwg-item1 \">            <div class=\"bwg-item2\">              <img decoding=\"async\" class=\"skip-lazy bwg_standart_thumb_img_0 \"                   data-id=\"1413\"                   data-width=\"\"                   data-height=\"\"                   data-src=\"https:\/\/max-emden.de\/wordpress\/wp-content\/uploads\/photo-gallery\/thumb\/Rundgang_in_Emden_Arie_Windmiller_in_Emden,_Max-Windm\u00fcller-Gymnasium,_19.05.2016-5641_lores_(18).JPG\"                   src=\"https:\/\/max-emden.de\/wordpress\/wp-content\/uploads\/photo-gallery\/thumb\/Rundgang_in_Emden_Arie_Windmiller_in_Emden,_Max-Windm\u00fcller-Gymnasium,_19.05.2016-5641_lores_(18).JPG\"                   alt=\"Rundgang in Emden Arie Windmiller in Emden, Max-Windm\u00fcller-Gymnasium, 19.05.2016-5641 lores (18)\"                   title=\"Rundgang in Emden Arie Windmiller in Emden, Max-Windm\u00fcller-Gymnasium, 19.05.2016-5641 lores (18)\" \/>            <\/div>            <div class=\"\">                                                      <\/div>          <\/div>        <\/div>                        <\/a>              <\/div>            <div class=\"bwg-item\">        <a class=\"bwg-a  bwg_lightbox\"  data-image-id=\"1412\" href=\"https:\/\/max-emden.de\/wordpress\/wp-content\/uploads\/photo-gallery\/Rundgang_in_Emden_Arie_Windmiller_in_Emden,_Max-Windm\u00fcller-Gymnasium,_19.05.2016-5641_lores_(17).JPG\" data-elementor-open-lightbox=\"no\">                <div class=\"bwg-item0 \">          <div class=\"bwg-item1 \">            <div class=\"bwg-item2\">              <img decoding=\"async\" class=\"skip-lazy bwg_standart_thumb_img_0 \"                   data-id=\"1412\"                   data-width=\"\"                   data-height=\"\"                   data-src=\"https:\/\/max-emden.de\/wordpress\/wp-content\/uploads\/photo-gallery\/thumb\/Rundgang_in_Emden_Arie_Windmiller_in_Emden,_Max-Windm\u00fcller-Gymnasium,_19.05.2016-5641_lores_(17).JPG\"                   src=\"https:\/\/max-emden.de\/wordpress\/wp-content\/uploads\/photo-gallery\/thumb\/Rundgang_in_Emden_Arie_Windmiller_in_Emden,_Max-Windm\u00fcller-Gymnasium,_19.05.2016-5641_lores_(17).JPG\"                   alt=\"Rundgang in Emden Arie Windmiller in Emden, Max-Windm\u00fcller-Gymnasium, 19.05.2016-5641 lores (17)\"                   title=\"Rundgang in Emden Arie Windmiller in Emden, Max-Windm\u00fcller-Gymnasium, 19.05.2016-5641 lores (17)\" \/>            <\/div>            <div class=\"\">                                                      <\/div>          <\/div>        <\/div>                        <\/a>              <\/div>            <div class=\"bwg-item\">        <a class=\"bwg-a  bwg_lightbox\"  data-image-id=\"1411\" href=\"https:\/\/max-emden.de\/wordpress\/wp-content\/uploads\/photo-gallery\/Rundgang_in_Emden_Arie_Windmiller_in_Emden,_Max-Windm\u00fcller-Gymnasium,_19.05.2016-5641_lores_(16).JPG\" data-elementor-open-lightbox=\"no\">                <div class=\"bwg-item0 \">          <div class=\"bwg-item1 \">            <div class=\"bwg-item2\">              <img decoding=\"async\" class=\"skip-lazy bwg_standart_thumb_img_0 \"                   data-id=\"1411\"                   data-width=\"\"                   data-height=\"\"                   data-src=\"https:\/\/max-emden.de\/wordpress\/wp-content\/uploads\/photo-gallery\/thumb\/Rundgang_in_Emden_Arie_Windmiller_in_Emden,_Max-Windm\u00fcller-Gymnasium,_19.05.2016-5641_lores_(16).JPG\"                   src=\"https:\/\/max-emden.de\/wordpress\/wp-content\/uploads\/photo-gallery\/thumb\/Rundgang_in_Emden_Arie_Windmiller_in_Emden,_Max-Windm\u00fcller-Gymnasium,_19.05.2016-5641_lores_(16).JPG\"                   alt=\"Rundgang in Emden Arie Windmiller in Emden, Max-Windm\u00fcller-Gymnasium, 19.05.2016-5641 lores (16)\"                   title=\"Rundgang in Emden Arie Windmiller in Emden, Max-Windm\u00fcller-Gymnasium, 19.05.2016-5641 lores (16)\" \/>            <\/div>            <div class=\"\">                                                      <\/div>          <\/div>        <\/div>                        <\/a>              <\/div>            <div class=\"bwg-item\">        <a class=\"bwg-a  bwg_lightbox\"  data-image-id=\"1410\" href=\"https:\/\/max-emden.de\/wordpress\/wp-content\/uploads\/photo-gallery\/Rundgang_in_Emden_Arie_Windmiller_in_Emden,_Max-Windm\u00fcller-Gymnasium,_19.05.2016-5641_lores_(15).JPG\" data-elementor-open-lightbox=\"no\">                <div class=\"bwg-item0 \">          <div class=\"bwg-item1 \">            <div class=\"bwg-item2\">              <img decoding=\"async\" class=\"skip-lazy bwg_standart_thumb_img_0 \"                   data-id=\"1410\"                   data-width=\"\"                   data-height=\"\"                   data-src=\"https:\/\/max-emden.de\/wordpress\/wp-content\/uploads\/photo-gallery\/thumb\/Rundgang_in_Emden_Arie_Windmiller_in_Emden,_Max-Windm\u00fcller-Gymnasium,_19.05.2016-5641_lores_(15).JPG\"                   src=\"https:\/\/max-emden.de\/wordpress\/wp-content\/uploads\/photo-gallery\/thumb\/Rundgang_in_Emden_Arie_Windmiller_in_Emden,_Max-Windm\u00fcller-Gymnasium,_19.05.2016-5641_lores_(15).JPG\"                   alt=\"Rundgang in Emden Arie Windmiller in Emden, Max-Windm\u00fcller-Gymnasium, 19.05.2016-5641 lores (15)\"                   title=\"Rundgang in Emden Arie Windmiller in Emden, Max-Windm\u00fcller-Gymnasium, 19.05.2016-5641 lores (15)\" \/>            <\/div>            <div class=\"\">                                                      <\/div>          <\/div>        <\/div>                        <\/a>              <\/div>            <div class=\"bwg-item\">        <a class=\"bwg-a  bwg_lightbox\"  data-image-id=\"1409\" href=\"https:\/\/max-emden.de\/wordpress\/wp-content\/uploads\/photo-gallery\/Rundgang_in_Emden_Arie_Windmiller_in_Emden,_Max-Windm\u00fcller-Gymnasium,_19.05.2016-5641_lores_(14).JPG\" data-elementor-open-lightbox=\"no\">                <div class=\"bwg-item0 \">          <div class=\"bwg-item1 \">            <div class=\"bwg-item2\">              <img decoding=\"async\" class=\"skip-lazy bwg_standart_thumb_img_0 \"                   data-id=\"1409\"                   data-width=\"\"                   data-height=\"\"                   data-src=\"https:\/\/max-emden.de\/wordpress\/wp-content\/uploads\/photo-gallery\/thumb\/Rundgang_in_Emden_Arie_Windmiller_in_Emden,_Max-Windm\u00fcller-Gymnasium,_19.05.2016-5641_lores_(14).JPG\"                   src=\"https:\/\/max-emden.de\/wordpress\/wp-content\/uploads\/photo-gallery\/thumb\/Rundgang_in_Emden_Arie_Windmiller_in_Emden,_Max-Windm\u00fcller-Gymnasium,_19.05.2016-5641_lores_(14).JPG\"                   alt=\"Rundgang in Emden Arie Windmiller in Emden, Max-Windm\u00fcller-Gymnasium, 19.05.2016-5641 lores (14)\"                   title=\"Rundgang in Emden Arie Windmiller in Emden, Max-Windm\u00fcller-Gymnasium, 19.05.2016-5641 lores (14)\" \/>            <\/div>            <div class=\"\">                                                      <\/div>          <\/div>        <\/div>                        <\/a>              <\/div>            <div class=\"bwg-item\">        <a class=\"bwg-a  bwg_lightbox\"  data-image-id=\"1408\" href=\"https:\/\/max-emden.de\/wordpress\/wp-content\/uploads\/photo-gallery\/Rundgang_in_Emden_Arie_Windmiller_in_Emden,_Max-Windm\u00fcller-Gymnasium,_19.05.2016-5641_lores_(13).JPG\" data-elementor-open-lightbox=\"no\">                <div class=\"bwg-item0 \">          <div class=\"bwg-item1 \">            <div class=\"bwg-item2\">              <img decoding=\"async\" class=\"skip-lazy bwg_standart_thumb_img_0 \"                   data-id=\"1408\"                   data-width=\"\"                   data-height=\"\"                   data-src=\"https:\/\/max-emden.de\/wordpress\/wp-content\/uploads\/photo-gallery\/thumb\/Rundgang_in_Emden_Arie_Windmiller_in_Emden,_Max-Windm\u00fcller-Gymnasium,_19.05.2016-5641_lores_(13).JPG\"                   src=\"https:\/\/max-emden.de\/wordpress\/wp-content\/uploads\/photo-gallery\/thumb\/Rundgang_in_Emden_Arie_Windmiller_in_Emden,_Max-Windm\u00fcller-Gymnasium,_19.05.2016-5641_lores_(13).JPG\"                   alt=\"Rundgang in Emden Arie Windmiller in Emden, Max-Windm\u00fcller-Gymnasium, 19.05.2016-5641 lores (13)\"                   title=\"Rundgang in Emden Arie Windmiller in Emden, Max-Windm\u00fcller-Gymnasium, 19.05.2016-5641 lores (13)\" \/>            <\/div>            <div class=\"\">                                                      <\/div>          <\/div>        <\/div>                        <\/a>              <\/div>            <div class=\"bwg-item\">        <a class=\"bwg-a  bwg_lightbox\"  data-image-id=\"1407\" href=\"https:\/\/max-emden.de\/wordpress\/wp-content\/uploads\/photo-gallery\/Rundgang_in_Emden_Arie_Windmiller_in_Emden,_Max-Windm\u00fcller-Gymnasium,_19.05.2016-5641_lores_(12).JPG\" data-elementor-open-lightbox=\"no\">                <div class=\"bwg-item0 \">          <div class=\"bwg-item1 \">            <div class=\"bwg-item2\">              <img decoding=\"async\" class=\"skip-lazy bwg_standart_thumb_img_0 \"                   data-id=\"1407\"                   data-width=\"\"                   data-height=\"\"                   data-src=\"https:\/\/max-emden.de\/wordpress\/wp-content\/uploads\/photo-gallery\/thumb\/Rundgang_in_Emden_Arie_Windmiller_in_Emden,_Max-Windm\u00fcller-Gymnasium,_19.05.2016-5641_lores_(12).JPG\"                   src=\"https:\/\/max-emden.de\/wordpress\/wp-content\/uploads\/photo-gallery\/thumb\/Rundgang_in_Emden_Arie_Windmiller_in_Emden,_Max-Windm\u00fcller-Gymnasium,_19.05.2016-5641_lores_(12).JPG\"                   alt=\"Rundgang in Emden Arie Windmiller in Emden, Max-Windm\u00fcller-Gymnasium, 19.05.2016-5641 lores (12)\"                   title=\"Rundgang in Emden Arie Windmiller in Emden, Max-Windm\u00fcller-Gymnasium, 19.05.2016-5641 lores (12)\" \/>            <\/div>            <div class=\"\">                                                      <\/div>          <\/div>        <\/div>                        <\/a>              <\/div>          <\/div>    <style>      \/*pagination styles*\/      #bwg_container1_0 #bwg_container2_0 .tablenav-pages_0 {\t\t\t\ttext-align: center;\t\t\t\tfont-size: 12px;\t\t\t\tfont-family: segoe ui;\t\t\t\tfont-weight: bold;\t\t\t\tcolor: #666666;\t\t\t\tmargin: 6px 0 4px;\t\t\t\tdisplay: block;      }      @media only screen and (max-width : 320px) {      #bwg_container1_0 #bwg_container2_0 .displaying-num_0 {     \t display: none;      }      }      #bwg_container1_0 #bwg_container2_0 .displaying-num_0 {\t\t\t\tfont-size: 12px;\t\t\t\tfont-family: segoe ui;\t\t\t\tfont-weight: bold;\t\t\t\tcolor: #666666;\t\t\t\tmargin-right: 10px;\t\t\t\tvertical-align: middle;      }      #bwg_container1_0 #bwg_container2_0 .paging-input_0 {\t\t\t\tfont-size: 12px;\t\t\t\tfont-family: segoe ui;\t\t\t\tfont-weight: bold;\t\t\t\tcolor: #666666;\t\t\t\tvertical-align: middle;      }      #bwg_container1_0 #bwg_container2_0 .tablenav-pages_0 a.disabled,      #bwg_container1_0 #bwg_container2_0 .tablenav-pages_0 a.disabled:hover,      #bwg_container1_0 #bwg_container2_0 .tablenav-pages_0 a.disabled:focus,\t\t\t#bwg_container1_0 #bwg_container2_0 .tablenav-pages_0 input.bwg_current_page {\t\t\t\tcursor: default;\t\t\t\tcolor: rgba(102, 102, 102, 0.5);      }      #bwg_container1_0 #bwg_container2_0 .tablenav-pages_0 a,      #bwg_container1_0 #bwg_container2_0 .tablenav-pages_0 input.bwg_current_page {\t\t\t\tcursor: pointer;\t\t\t\ttext-align: center;\t\t\t\tfont-size: 12px;\t\t\t\tfont-family: segoe ui;\t\t\t\tfont-weight: bold;\t\t\t\tcolor: #666666;\t\t\t\ttext-decoration: none;\t\t\t\tpadding: 3px 6px;\t\t\t\tmargin: 0;\t\t\t\tborder-radius: 0;\t\t\t\tborder-style: solid;\t\t\t\tborder-width: 1px;\t\t\t\tborder-color: #E3E3E3;\t\t\t\t\t\t\t\tbackground-color: rgba(255, 255, 255, 1.00);\t\t\t\tbox-shadow: 0;\t\t\t\ttransition: all 0.3s ease 0s;-webkit-transition: all 0.3s ease 0s;      }      <\/style>      <span class=\"bwg_nav_cont_0\">              <div class=\"tablenav-pages_0\">                      <span class=\"pagination-links_0 pagination-links\" data-pages-count=\"2\">              <span class=\"pagination-links_col1\">              <a class=\"bwg-a first-page disabled\" title=\"Zur ersten Seite\" >\u00ab<\/a>              <a class=\"bwg-a prev-page disabled\" title=\"Zur vorherigen Seite\" >\u2039<\/a>              <\/span>\t\t\t\t\t\t\t<span class=\"pagination-links_col2\">\t\t\t\t\t\t\t\t\t<input type=\"number\" class=\"bwg_current_page\" name=\"bwg_current_page\" value=\"1\" data-url-info=\"page_number_0\" onkeypress=\"return bwg_change_page_0(event, this)\" min=\"1\" oninput=\"validity.valid||(value='')\" \/>\t\t\t\t\t\t\t\t\t\tvon\t\t\t\t\t\t\t\t\t\t<span class=\"total-pages_0\">\t\t\t\t\t\t\t\t\t\t\t2\t\t\t\t\t\t\t\t\t\t<\/span>\t\t\t\t\t\t\t<\/span>              <span class=\"pagination-links_col3\">                <a class=\"bwg-a next-page-0\" title=\"Zur n\u00e4chsten Seite\" href=\"\/wordpress\/wp-json\/wp\/v2\/posts\/2399?page_number_0=2\">\u203a<\/a>                <a class=\"bwg-a last-page-0\" title=\"Zur letzten Seite\" href=\"\/wordpress\/wp-json\/wp\/v2\/posts\/2399?page_number_0=2\">\u00bb<\/a>              <\/span>\t\t\t\t\t\t<\/span>\t\t\t\t\t\t        <\/div>                <input type=\"hidden\" id=\"page_number_0\" name=\"page_number_0\" value=\"1\" \/>      <script type=\"text\/javascript\">        if( jQuery('.bwg_nav_cont_0').length > 1 ) {          jQuery('.bwg_nav_cont_0').first().remove()        }        function spider_page_0(cur, x, y, load_more) {          if (typeof load_more == \"undefined\") {            var load_more = false;          }          if (jQuery(cur).hasClass('disabled')) {            return false;          }          var items_county_0 = 2;          switch (y) {            case 1:              if (x >= items_county_0) {                document.getElementById('page_number_0').value = items_county_0;              }              else {                document.getElementById('page_number_0').value = x + 1;              }              break;            case 2:              document.getElementById('page_number_0').value = items_county_0;              break;            case -1:              if (x == 1) {                document.getElementById('page_number_0').value = 1;              }              else {                document.getElementById('page_number_0').value = x - 1;              }              break;            case -2:              document.getElementById('page_number_0').value = 1;              break;\t\t\t\t\t\tcase 0:              document.getElementById('page_number_0').value = x;              break;            default:              document.getElementById('page_number_0').value = 1;          }          bwg_ajax('gal_front_form_0', '0', 'bwg_thumbnails_0', '0', '', 'gallery', 0, '', '', load_more, '', 1);        }                    jQuery('.first-page disabled').on('click', function () {              spider_page_0(this, 1, -2, 'numeric');              return false;            });            jQuery('.prev-page disabled').on('click', function () {              spider_page_0(this, 1, -1, 'numeric');              return false;            });            jQuery('.next-page-0').on('click', function () {              spider_page_0(this, 1, 1, 'numeric');              return false;            });            jQuery('.last-page-0').on('click', function () {              spider_page_0(this, 1, 2, 'numeric');              return false;            });        \t\t\t\t\/* Change page on input enter. *\/        function bwg_change_page_0( e, that ) {          if (  e.key == 'Enter' ) {            var to_page = parseInt(jQuery(that).val());            var pages_count = jQuery(that).parents(\".pagination-links\").data(\"pages-count\");            var current_url_param = jQuery(that).attr('data-url-info');            if (to_page > pages_count) {              to_page = 1;            }\t \t\t\t\t\t\t\t\t\t\t\t\tspider_page_0(this, to_page, 0, 'numeric');\t\t\t\t\t\t\treturn false;\t\t\t\t\t\t          }          return true;        }        jQuery('.bwg_load_btn_0').on('click', function () {            spider_page_0(this, 1, 1, true);            return false;        });      <\/script>      <\/span>                <\/div>        <\/form>        <style>          #bwg_container1_0 #bwg_container2_0 #spider_popup_overlay_0 {          background-color: #000000;          opacity: 0.70;          }          <\/style>        <div id=\"bwg_spider_popup_loading_0\" class=\"bwg_spider_popup_loading\"><\/div>        <div id=\"spider_popup_overlay_0\" class=\"spider_popup_overlay\" onclick=\"spider_destroypopup(1000)\"><\/div>        <input type=\"hidden\" id=\"bwg_random_seed_0\" value=\"2131845920\">                <\/div>    <\/div>    <script>      if (document.readyState === 'complete') {        if( typeof bwg_main_ready == 'function' ) {          if ( jQuery(\"#bwg_container1_0\").height() ) {            bwg_main_ready(jQuery(\"#bwg_container1_0\"));          }        }      } else {        document.addEventListener('DOMContentLoaded', function() {          if( typeof bwg_main_ready == 'function' ) {            if ( jQuery(\"#bwg_container1_0\").height() ) {             bwg_main_ready(jQuery(\"#bwg_container1_0\"));            }          }        });      }    <\/script>    \n","protected":false},"excerpt":{"rendered":"<p>Ein besonderer Nachmittag: Gemeinsam mit zw\u00f6lf Sch\u00fclerinnen und Sch\u00fcler der Jahrg\u00e4nge 7- 11 und einigen weiteren G\u00e4sten, darunter Hartmut Brinkmann, Vorsitzender des Schulelternrates, hat sich<a class=\"moretag\" href=\"https:\/\/max-emden.de\/wordpress\/arie-windmueller-mit-max-schuelern-auf-den-spuren-seiner-familie\/\"> [&#8230;]<\/a><\/p>\n","protected":false},"author":3,"featured_media":2423,"comment_status":"closed","ping_status":"closed","sticky":false,"template":"","format":"standard","meta":{"footnotes":""},"categories":[9],"tags":[],"class_list":["post-2399","post","type-post","status-publish","format-standard","has-post-thumbnail","hentry","category-max-windmueller"],"_links":{"self":[{"href":"https:\/\/max-emden.de\/wordpress\/wp-json\/wp\/v2\/posts\/2399","targetHints":{"allow":["GET"]}}],"collection":[{"href":"https:\/\/max-emden.de\/wordpress\/wp-json\/wp\/v2\/posts"}],"about":[{"href":"https:\/\/max-emden.de\/wordpress\/wp-json\/wp\/v2\/types\/post"}],"author":[{"embeddable":true,"href":"https:\/\/max-emden.de\/wordpress\/wp-json\/wp\/v2\/users\/3"}],"replies":[{"embeddable":true,"href":"https:\/\/max-emden.de\/wordpress\/wp-json\/wp\/v2\/comments?post=2399"}],"version-history":[{"count":12,"href":"https:\/\/max-emden.de\/wordpress\/wp-json\/wp\/v2\/posts\/2399\/revisions"}],"predecessor-version":[{"id":2519,"href":"https:\/\/max-emden.de\/wordpress\/wp-json\/wp\/v2\/posts\/2399\/revisions\/2519"}],"wp:featuredmedia":[{"embeddable":true,"href":"https:\/\/max-emden.de\/wordpress\/wp-json\/wp\/v2\/media\/2423"}],"wp:attachment":[{"href":"https:\/\/max-emden.de\/wordpress\/wp-json\/wp\/v2\/media?parent=2399"}],"wp:term":[{"taxonomy":"category","embeddable":true,"href":"https:\/\/max-emden.de\/wordpress\/wp-json\/wp\/v2\/categories?post=2399"},{"taxonomy":"post_tag","embeddable":true,"href":"https:\/\/max-emden.de\/wordpress\/wp-json\/wp\/v2\/tags?post=2399"}],"curies":[{"name":"wp","href":"https:\/\/api.w.org\/{rel}","templated":true}]}}