{"id":2460,"date":"2016-05-25T15:48:44","date_gmt":"2016-05-25T15:48:44","guid":{"rendered":"http:\/\/max-emden.de\/wordpress\/?p=2460"},"modified":"2016-06-03T11:38:04","modified_gmt":"2016-06-03T11:38:04","slug":"pragfahrt-2016-eine-woche-in-der-goldenen-stadt","status":"publish","type":"post","link":"https:\/\/max-emden.de\/wordpress\/pragfahrt-2016-eine-woche-in-der-goldenen-stadt\/","title":{"rendered":"Eine Woche in der goldenen Stadt"},"content":{"rendered":"<p><strong>Tag 1 &#8211;\u00a0<\/strong><b>Tour durch Prag<\/b><\/p>\n<p>Wir sind Montagmorgen mit dem Bus in Prag angekommen und haben w\u00e4hrend der Hinreise schon einige Eindr\u00fccke sammeln k\u00f6nnen, in welch wundersch\u00f6ner Stadt wir uns befinden.<!--more--><\/p>\n<figure id=\"attachment_2463\" aria-describedby=\"caption-attachment-2463\" style=\"width: 150px\" class=\"wp-caption alignright\"><a href=\"https:\/\/max-emden.de\/wordpress\/wp-content\/uploads\/2016\/05\/Prag_2016_Karlsbr\u00fccke.jpg\"><img decoding=\"async\" class=\"size-thumbnail wp-image-2463\" src=\"https:\/\/max-emden.de\/wordpress\/wp-content\/uploads\/2016\/05\/Prag_2016_Karlsbr\u00fccke-150x150.jpg\" alt=\"Auf der Karlsbr\u00fccke\" width=\"150\" height=\"150\" \/><\/a><figcaption id=\"caption-attachment-2463\" class=\"wp-caption-text\">Auf der Karlsbr\u00fccke<\/figcaption><\/figure>\n<p style=\"text-align: justify;\">Kurz nach dem Einchecken im Hotel, welches ca 15 min von der Innenstadt entfernt war, sind beide Kurse mit den Reisef\u00fchrerinnen die Stadt erkunden gegangen.<br \/>\nObwohl der Blick eher auf die eindrucksvollen Geb\u00e4udekomplexe der Stadt ging, haben die Reisef\u00fchrer uns die Geschichte Prags n\u00e4her gebracht. Unsere Sightseeingtour begann vor der Karlsbr\u00fccke und endete am Wenzelsplatz. Selbst der Gang \u00fcber die Br\u00fccke war ein Highlight, da sie nicht nur mit wundersch\u00f6nen Barockfiguren verziert war, sondern auch den Blick auf den bev\u00f6lkerten Fluss und die Silhouette der Burg im Hintergrund offenbarte. Ein Anblick, den man niemals vergessen wird. Auf der anderen Seite angekommen, haben wir nach dem Judenviertel die Pariser<\/p>\n<p style=\"text-align: justify;\">Stra\u00dfe durchquert und sind dann auf dem imposanten Altst\u00e4dter Ring gelangt, auf dem Kunst, f\u00fcr einen Kleinst\u00e4dter, neu definiert wurde. 9000 Quadratmeter voller verzaubernder Geb\u00e4ude. Von hier aus liefen wir zum Wenzelsplatz, auf dem unsere F\u00fchrung vorerst endete. Am sp\u00e4ten Nachmittag gingen wir noch eine Kleinigkeit essen und sind dann relativ fr\u00fch schlafen gegangen.<\/p>\n<p>&nbsp;<\/p>\n<p><strong>Tag 2 &#8211;\u00a0Besuch der Prager Burg\/ Franz-Kafka Museum<\/strong><\/p>\n<figure id=\"attachment_2462\" aria-describedby=\"caption-attachment-2462\" style=\"width: 150px\" class=\"wp-caption alignleft\"><a href=\"https:\/\/max-emden.de\/wordpress\/wp-content\/uploads\/2016\/05\/Prag_2016_Prager-Burg.jpg\"><img decoding=\"async\" class=\"wp-image-2462 size-thumbnail\" src=\"https:\/\/max-emden.de\/wordpress\/wp-content\/uploads\/2016\/05\/Prag_2016_Prager-Burg-150x150.jpg\" alt=\"Prag_2016_Prager Burg\" width=\"150\" height=\"150\" \/><\/a><figcaption id=\"caption-attachment-2462\" class=\"wp-caption-text\">Prager Burg<\/figcaption><\/figure>\n<p style=\"text-align: justify;\">Kurz nach dem Fr\u00fchst\u00fcck gingen wir schnell in den Bus und machten uns auf den Weg zum politischen und kulturellen Zentrum der Nation, die Prager Burg. Kurz nach dem Eintreten in die Burg hatte man nicht mehr das Gef\u00fchl, im 21. Jahrhundert zu leben. Die Sehensw\u00fcrdigkeiten und die Burgwachen erweckten ein mittelalterliches Gef\u00fchl. Highlight des Tages war der Veitsdom, welcher sich in der Burg befand. Mit goldenen Kunstwerken und atemberaubenden Verzierungen der Fenster. Kurz danach haben wir das Franz-Kafka Museum besichtigt, in dem uns das Leben von Kafka in Form seines Gem\u00fctzustandes berichtet wurde. Es waren sehr dunkle R\u00e4ume und eine eher d\u00fcstere, bedr\u00fcckende Stimmung pr\u00e4gte das Geb\u00e4ude. Am Abend hatten wir Freizeit.<\/p>\n<p align=\"LEFT\"><strong>Tag 3\u00a0&#8211;\u00a0Freie Gestaltung<\/strong><\/p>\n<figure id=\"attachment_2464\" aria-describedby=\"caption-attachment-2464\" style=\"width: 150px\" class=\"wp-caption alignright\"><a href=\"https:\/\/max-emden.de\/wordpress\/wp-content\/uploads\/2016\/05\/Prag_2016_Theater.jpg\"><img decoding=\"async\" class=\"size-thumbnail wp-image-2464\" src=\"https:\/\/max-emden.de\/wordpress\/wp-content\/uploads\/2016\/05\/Prag_2016_Theater-150x150.jpg\" alt=\"Voller Erwartung im Theater\" width=\"150\" height=\"150\" \/><\/a><figcaption id=\"caption-attachment-2464\" class=\"wp-caption-text\">Voller Erwartung im Theater<\/figcaption><\/figure>\n<p style=\"text-align: justify;\">Der Mittwoch konnte von jedem individuell gestaltet werden und so hat es viele in die Stadt verschlagen. Einige waren Lasertag spielen und andere haben den Schwarzmarkt besucht, selbstverst\u00e4ndlich nur, um ihn zu besichtigen. Abends sind wir dann in ein Schwarzlichttheater (Image) gegangen. Die Auff\u00fchrung war ein Wechsel aus Schattentheater und Pantomime.<\/p>\n<p style=\"text-align: justify;\" align=\"LEFT\"><strong>Tag 4\u00a0&#8211;\u00a0Theresienstadt<\/strong><\/p>\n<p style=\"text-align: justify;\">Donnerstagmorgen, nach dem Fr\u00fchst\u00fcck, sind wir von unserem Busfahrer in das ehemalige &#8222;Vorzeige-KZ&#8220; der Nazionalsozialisten gefahren worden. Die ehemalige Garnisonsstadt wurde unter Hitler als Durchgangslager f\u00fcr Juden und politische Gegner umfunktioniert. Die Stimmung w\u00e4hrend der Aufenthalts war sehr bedr\u00fcckend. Die einzige, die redete, war die Reisebegleiterin, welche uns die Um- und Missst\u00e4nde der Anlage g\u00e4nsehauterregend berichtete. Viele waren froh, dass wir die zum Teil sadistisch anmutende Anlage verlie\u00dfen und man durchatmen konnte. Daraufhin hat uns der Busfahrer noch einmal in ein in ein Museum gebracht, welches unz\u00e4hlige Exponate enth\u00e4lt, welche vom Leben im Ghetto zeugen. Am beeindruckendsten und gleichzeitg erschreckendsten waren die Kinderzeichnungen. Den Abend des Donnerstag haben wir zum Ausklingen der Kursfahrt genutzt. Einige haben noch einmal die Stadt besichtigt und eine Cola mit Feunden getrunken.<br \/>\nAm Freitag sind wir nach dem Fr\u00fchst\u00fcck sofort abgereist und haben, au\u00dfer dem ein oder anderen Stau, nichts Gro\u00dfartiges erlebt.<\/p>\n<p>Anschlie\u00dfend bleibt nur noch zu sagen, dass Prag eine wundersch\u00f6ne und vielseitige Stadt ist und ein Besuch sich in jedem Fall lohnt. Es gibt f\u00fcr jeden etwas und ich wei\u00df, dass ich auf jeden Fall wiederkommen werde, wie viele andere aus dem Kurs wohl auch. Prag als Erfahrung war wirklich gro\u00dfartig.<\/p>\n<figure id=\"attachment_2466\" aria-describedby=\"caption-attachment-2466\" style=\"width: 150px\" class=\"wp-caption alignleft\"><a href=\"https:\/\/max-emden.de\/wordpress\/wp-content\/uploads\/2016\/05\/Prag_2016_WP_20160510_11_53_10_Pro.jpg\"><img loading=\"lazy\" decoding=\"async\" class=\"size-thumbnail wp-image-2466\" src=\"https:\/\/max-emden.de\/wordpress\/wp-content\/uploads\/2016\/05\/Prag_2016_WP_20160510_11_53_10_Pro-150x150.jpg\" alt=\"Begeisterte Pragfahrer - der Deutschkurs des 11. Jahrgangs\" width=\"150\" height=\"150\" \/><\/a><figcaption id=\"caption-attachment-2466\" class=\"wp-caption-text\">Begeisterte Pragfahrer &#8211; der Deutschkurs des 11. Jahrgangs<\/figcaption><\/figure>\n<figure id=\"attachment_2465\" aria-describedby=\"caption-attachment-2465\" style=\"width: 150px\" class=\"wp-caption alignleft\"><a href=\"https:\/\/max-emden.de\/wordpress\/wp-content\/uploads\/2016\/05\/Prag_2016_WP_20160509_21_00_24_Pro.jpg\"><img loading=\"lazy\" decoding=\"async\" class=\"wp-image-2465 size-thumbnail\" src=\"https:\/\/max-emden.de\/wordpress\/wp-content\/uploads\/2016\/05\/Prag_2016_WP_20160509_21_00_24_Pro-150x150.jpg\" alt=\"Prag_2016_WP_20160509_21_00_24_Pro\" width=\"150\" height=\"150\" \/><\/a><figcaption id=\"caption-attachment-2465\" class=\"wp-caption-text\">Wundersch\u00f6nes Prag<\/figcaption><\/figure>\n","protected":false},"excerpt":{"rendered":"<p>Tag 1 &#8211;\u00a0Tour durch Prag Wir sind Montagmorgen mit dem Bus in Prag angekommen und haben w\u00e4hrend der Hinreise schon einige Eindr\u00fccke sammeln k\u00f6nnen, in<a class=\"moretag\" href=\"https:\/\/max-emden.de\/wordpress\/pragfahrt-2016-eine-woche-in-der-goldenen-stadt\/\"> [&#8230;]<\/a><\/p>\n","protected":false},"author":1,"featured_media":2461,"comment_status":"closed","ping_status":"closed","sticky":false,"template":"","format":"standard","meta":{"footnotes":""},"categories":[5,8],"tags":[],"class_list":["post-2460","post","type-post","status-publish","format-standard","has-post-thumbnail","hentry","category-europaschule","category-max-unterwegs"],"_links":{"self":[{"href":"https:\/\/max-emden.de\/wordpress\/wp-json\/wp\/v2\/posts\/2460","targetHints":{"allow":["GET"]}}],"collection":[{"href":"https:\/\/max-emden.de\/wordpress\/wp-json\/wp\/v2\/posts"}],"about":[{"href":"https:\/\/max-emden.de\/wordpress\/wp-json\/wp\/v2\/types\/post"}],"author":[{"embeddable":true,"href":"https:\/\/max-emden.de\/wordpress\/wp-json\/wp\/v2\/users\/1"}],"replies":[{"embeddable":true,"href":"https:\/\/max-emden.de\/wordpress\/wp-json\/wp\/v2\/comments?post=2460"}],"version-history":[{"count":15,"href":"https:\/\/max-emden.de\/wordpress\/wp-json\/wp\/v2\/posts\/2460\/revisions"}],"predecessor-version":[{"id":2544,"href":"https:\/\/max-emden.de\/wordpress\/wp-json\/wp\/v2\/posts\/2460\/revisions\/2544"}],"wp:featuredmedia":[{"embeddable":true,"href":"https:\/\/max-emden.de\/wordpress\/wp-json\/wp\/v2\/media\/2461"}],"wp:attachment":[{"href":"https:\/\/max-emden.de\/wordpress\/wp-json\/wp\/v2\/media?parent=2460"}],"wp:term":[{"taxonomy":"category","embeddable":true,"href":"https:\/\/max-emden.de\/wordpress\/wp-json\/wp\/v2\/categories?post=2460"},{"taxonomy":"post_tag","embeddable":true,"href":"https:\/\/max-emden.de\/wordpress\/wp-json\/wp\/v2\/tags?post=2460"}],"curies":[{"name":"wp","href":"https:\/\/api.w.org\/{rel}","templated":true}]}}