{"id":2511,"date":"2016-05-30T14:20:01","date_gmt":"2016-05-30T14:20:01","guid":{"rendered":"http:\/\/max-emden.de\/wordpress\/?p=2511"},"modified":"2016-06-20T06:05:46","modified_gmt":"2016-06-20T06:05:46","slug":"guter-2-platz-beim-werder-cup-2016","status":"publish","type":"post","link":"https:\/\/max-emden.de\/wordpress\/guter-2-platz-beim-werder-cup-2016\/","title":{"rendered":"Guter 2. Platz beim Werder-Cup 2016"},"content":{"rendered":"<p style=\"text-align: justify;\">Am 25.05. reisten die Max-Fu\u00dfballerinnen der Jahrg\u00e4nge 2002-05 mit gro\u00dfen Erwartungen nach Oldenburg zur Vorrunde des Werder-Cup 2016 f\u00fcr \u201eWerder Bremen-Partnerschulen\u201c. Sie rechneten sich durchaus Chancen auf den Turniersieg aus, haben sie mit Lucy Klemd, Sandra Donovang, Inka-Marieke Miege und Fatma Antemoglu doch immerhin vier Vereinsspielerinnen in ihren Reihen, die zum Teil schon seit langen Jahren auch in Jungenmannschaften \u201eihren Mann stehen\u201c, also mit der n\u00f6tigen Wettkampfh\u00e4rte ausgestattet sind.<!--more--><\/p>\n<p style=\"text-align: justify;\">Wurden wir bei der Ankunft von den Gegnerinnen noch zum Teil neugierig, in dem ein oder anderen Fall auch etwas \u00fcberheblich be\u00e4ugt ob unserer nicht gerade gro\u00dfgewachsenen Torfrau (Inka), verschafften sich die M\u00e4dchen auf dem Platz sehr schnell den n\u00f6tigen Respekt. Das erste Spiel gegen die M\u00e4dchen der Michaelschule aus Papenburg wurde souver\u00e4n mit 2:0 durch Tore von Lucy Klemd und Daria Finger gewonnen.<\/p>\n<p style=\"text-align: justify;\">Im zweiten Spiel hatten unsere M\u00e4dchen mit den Ausrichtern vom Herbartgymnasium Oldenburg eine schon deutlich h\u00e4rtere Nuss zu knacken, Nachdem Inka hinten gewohnt sicher ihren Kasten sauber hielt und hierbei einen fulminanten Freisto\u00df mit den Fingerspitzen noch an die Latte lenken konnte, macht unsere Mittelst\u00fcrmerin Lucy vorne gewohnt kaltschn\u00e4uzig mit ihren Treffern Nr. 2 und 3 alles klar, so dass auch dieses Spiel mit 2:0 ans Max ging.<\/p>\n<p style=\"text-align: justify;\">Da auch die M\u00e4dchen vom Nieders\u00e4chsischen Internatsgymnasium Esens ihre beiden Auftaktmatches gewonnen hatten, kam es im letzten Spiel zum Showdown der beiden bis dahin st\u00e4rksten Teams. Dementsprechend gab es kaum klare Szenen vor den Toren, der gr\u00f6\u00dfte Teil der Angriffe wurde schon deutlich vor dem Tor von den beiden starken Abwehrreihen entsch\u00e4rft. Eine einzige Unachtsamkeit f\u00fchrte dann zum \u00e4rgerlichen, weil vermeidbaren 0:1 Siegtreffer f\u00fcr die Esenserinnen, dennoch traten unsere M\u00e4dchen noch einer tollen Vorstellung hocherhobenen Hauptes die R\u00fcckreise an.<\/p>\n<p style=\"text-align: justify;\">Da die Ausschreibung 2 Startpl\u00e4tze f\u00fcr die Finalrunde des Werder-Cups am 17. Juni in Bremen in Aussicht stellte, machen sich die M\u00e4dchen nun berechtigte Hoffnungen, ihre Niederlage in drei Wochen am Weserstadion wieder ausb\u00fcgeln zu k\u00f6nnen.<\/p>\n<p style=\"text-align: justify;\">Dieses Team hat auf jedem Fall Perspektive, kann es doch im n\u00e4chsten Jahr mit nahezu identischer Besetzung wieder an den Start gehen, da die meisten Max-M\u00e4dchen deutlich j\u00fcnger als ihre Gegnerinnen waren.<\/p>\n<p style=\"text-align: justify;\">Unterst\u00fctzt wurde die Fahrt durch den F\u00f6rderverein, wof\u00fcr wir uns herzlich bedanken!<\/p>\n<p>&nbsp;<\/p>\n<p>F\u00fcr das Max auf Tore-Jagd gingen:<\/p>\n<p>Inka-Marieke Miege, Sandra Donovang, Andra Aumann, Inken Dinkela, Lucy Klemd, Svea Prellwitz, Frauke Kalkwarf, Fatma Antemoglu, Duygu Yalcin,\u00a0Daria Finger<\/p>\n<p>&nbsp;<\/p>\n<figure id=\"attachment_2510\" aria-describedby=\"caption-attachment-2510\" style=\"width: 199px\" class=\"wp-caption alignleft\"><a href=\"https:\/\/max-emden.de\/wordpress\/wp-content\/uploads\/2016\/05\/WerderCup2016Lucy.jpg\"><img fetchpriority=\"high\" decoding=\"async\" class=\"wp-image-2510 size-medium\" src=\"https:\/\/max-emden.de\/wordpress\/wp-content\/uploads\/2016\/05\/WerderCup2016Lucy-199x300.jpg\" alt=\"Unsere Kapit\u00e4nin Lucy Kleid (Nr. 10) war auch von 3 Gegenspielerinnen nicht zu stoppen\" width=\"199\" height=\"300\" srcset=\"https:\/\/max-emden.de\/wordpress\/wp-content\/uploads\/2016\/05\/WerderCup2016Lucy-199x300.jpg 199w, https:\/\/max-emden.de\/wordpress\/wp-content\/uploads\/2016\/05\/WerderCup2016Lucy-768x1155.jpg 768w, https:\/\/max-emden.de\/wordpress\/wp-content\/uploads\/2016\/05\/WerderCup2016Lucy-681x1024.jpg 681w, https:\/\/max-emden.de\/wordpress\/wp-content\/uploads\/2016\/05\/WerderCup2016Lucy.jpg 2000w\" sizes=\"(max-width: 199px) 100vw, 199px\" \/><\/a><figcaption id=\"caption-attachment-2510\" class=\"wp-caption-text\">Unsere Kapit\u00e4nin Lucy Klemd \u00a0(Nr. 10) war auch von 3 Gegenspielerinnen nicht zu stoppen<\/figcaption><\/figure>\n<figure id=\"attachment_2508\" aria-describedby=\"caption-attachment-2508\" style=\"width: 300px\" class=\"wp-caption alignleft\"><a href=\"https:\/\/max-emden.de\/wordpress\/wp-content\/uploads\/2016\/05\/WerderCup2016Frauke.jpg\"><img decoding=\"async\" class=\"wp-image-2508 size-medium\" src=\"https:\/\/max-emden.de\/wordpress\/wp-content\/uploads\/2016\/05\/WerderCup2016Frauke-300x199.jpg\" alt=\"Frauke Kalkwarf mit Zug zum Tor.\" width=\"300\" height=\"199\" srcset=\"https:\/\/max-emden.de\/wordpress\/wp-content\/uploads\/2016\/05\/WerderCup2016Frauke-300x199.jpg 300w, https:\/\/max-emden.de\/wordpress\/wp-content\/uploads\/2016\/05\/WerderCup2016Frauke-768x511.jpg 768w, https:\/\/max-emden.de\/wordpress\/wp-content\/uploads\/2016\/05\/WerderCup2016Frauke-1024x681.jpg 1024w\" sizes=\"(max-width: 300px) 100vw, 300px\" \/><\/a><figcaption id=\"caption-attachment-2508\" class=\"wp-caption-text\">Elegante Schusstechnik, bereit zu flanken: Frauke Kalkwarf<\/figcaption><\/figure>\n<p>&nbsp;<\/p>\n<p>&nbsp;<\/p>\n<p>&nbsp;<\/p>\n<p>&nbsp;<\/p>\n<p>&nbsp;<\/p>\n<p>&nbsp;<\/p>\n<p>&nbsp;<\/p>\n<p>&nbsp;<\/p>\n<p>&nbsp;<\/p>\n<p>&nbsp;<\/p>\n<p>&nbsp;<\/p>\n<figure id=\"attachment_2546\" aria-describedby=\"caption-attachment-2546\" style=\"width: 196px\" class=\"wp-caption alignleft\"><a href=\"https:\/\/max-emden.de\/wordpress\/wp-content\/uploads\/2016\/06\/ez0106WerderCup.jpg\"><img decoding=\"async\" class=\"size-medium wp-image-2546\" src=\"https:\/\/max-emden.de\/wordpress\/wp-content\/uploads\/2016\/06\/ez0106WerderCup-196x300.jpg\" alt=\"Bericht der Emder Zeitung\" width=\"196\" height=\"300\" srcset=\"https:\/\/max-emden.de\/wordpress\/wp-content\/uploads\/2016\/06\/ez0106WerderCup-196x300.jpg 196w, https:\/\/max-emden.de\/wordpress\/wp-content\/uploads\/2016\/06\/ez0106WerderCup.jpg 667w\" sizes=\"(max-width: 196px) 100vw, 196px\" \/><\/a><figcaption id=\"caption-attachment-2546\" class=\"wp-caption-text\">Bericht der Emder Zeitung<\/figcaption><\/figure>\n","protected":false},"excerpt":{"rendered":"<p>Am 25.05. reisten die Max-Fu\u00dfballerinnen der Jahrg\u00e4nge 2002-05 mit gro\u00dfen Erwartungen nach Oldenburg zur Vorrunde des Werder-Cup 2016 f\u00fcr \u201eWerder Bremen-Partnerschulen\u201c. Sie rechneten sich durchaus<a class=\"moretag\" href=\"https:\/\/max-emden.de\/wordpress\/guter-2-platz-beim-werder-cup-2016\/\"> [&#8230;]<\/a><\/p>\n","protected":false},"author":1,"featured_media":2509,"comment_status":"closed","ping_status":"closed","sticky":false,"template":"","format":"standard","meta":{"footnotes":""},"categories":[52],"tags":[],"class_list":["post-2511","post","type-post","status-publish","format-standard","has-post-thumbnail","hentry","category-sport"],"_links":{"self":[{"href":"https:\/\/max-emden.de\/wordpress\/wp-json\/wp\/v2\/posts\/2511","targetHints":{"allow":["GET"]}}],"collection":[{"href":"https:\/\/max-emden.de\/wordpress\/wp-json\/wp\/v2\/posts"}],"about":[{"href":"https:\/\/max-emden.de\/wordpress\/wp-json\/wp\/v2\/types\/post"}],"author":[{"embeddable":true,"href":"https:\/\/max-emden.de\/wordpress\/wp-json\/wp\/v2\/users\/1"}],"replies":[{"embeddable":true,"href":"https:\/\/max-emden.de\/wordpress\/wp-json\/wp\/v2\/comments?post=2511"}],"version-history":[{"count":6,"href":"https:\/\/max-emden.de\/wordpress\/wp-json\/wp\/v2\/posts\/2511\/revisions"}],"predecessor-version":[{"id":2579,"href":"https:\/\/max-emden.de\/wordpress\/wp-json\/wp\/v2\/posts\/2511\/revisions\/2579"}],"wp:featuredmedia":[{"embeddable":true,"href":"https:\/\/max-emden.de\/wordpress\/wp-json\/wp\/v2\/media\/2509"}],"wp:attachment":[{"href":"https:\/\/max-emden.de\/wordpress\/wp-json\/wp\/v2\/media?parent=2511"}],"wp:term":[{"taxonomy":"category","embeddable":true,"href":"https:\/\/max-emden.de\/wordpress\/wp-json\/wp\/v2\/categories?post=2511"},{"taxonomy":"post_tag","embeddable":true,"href":"https:\/\/max-emden.de\/wordpress\/wp-json\/wp\/v2\/tags?post=2511"}],"curies":[{"name":"wp","href":"https:\/\/api.w.org\/{rel}","templated":true}]}}