{"id":2521,"date":"2016-06-01T20:18:32","date_gmt":"2016-06-01T20:18:32","guid":{"rendered":"http:\/\/max-emden.de\/wordpress\/?p=2521"},"modified":"2016-06-20T16:28:18","modified_gmt":"2016-06-20T16:28:18","slug":"segel-ag-trainiert-auf-dem-kleinen-meer","status":"publish","type":"post","link":"https:\/\/max-emden.de\/wordpress\/segel-ag-trainiert-auf-dem-kleinen-meer\/","title":{"rendered":"Segel AG trainiert auf dem Kleinen Meer"},"content":{"rendered":"<p style=\"text-align: justify;\">Die Fortgeschrittenen Optisegler Jasmin Janson, Fenja Schoof und Jonas Balbach der Segel AG haben sich auf die Reise begeben und auf einem anderen Revier (dem Kleinen Meer) \u00fcber das Pfingstwochenende an einem Training des Nieders\u00e4chsischen Seglerverbandes teilgenommen. Das Ziel sollte es sein den Start einer Regatta zu erlernen bzw. zu verbessern. Leider konnten die Optimisten aber wegen zu starker Winde nicht gestartet werden. Dennoch haben die Teilnehmer ein interessantes und lehrreiches Wochenende verbracht und\u00a0k\u00f6nnen nun\u00a0die Erfahrungen\u00a0in der AG an die j\u00fcngeren Sch\u00fclerinnen und Sch\u00fcler weitergeben.<!--more--><\/p>\n<figure id=\"attachment_2523\" aria-describedby=\"caption-attachment-2523\" style=\"width: 300px\" class=\"wp-caption alignleft\"><a href=\"https:\/\/max-emden.de\/wordpress\/wp-content\/uploads\/2016\/06\/Segel-AG_Regatta1.jpg\"><img fetchpriority=\"high\" decoding=\"async\" class=\"size-medium wp-image-2523\" src=\"https:\/\/max-emden.de\/wordpress\/wp-content\/uploads\/2016\/06\/Segel-AG_Regatta1-300x200.jpg\" alt=\"Jonah zwischen den Regattateilnehmern\" width=\"300\" height=\"200\" srcset=\"https:\/\/max-emden.de\/wordpress\/wp-content\/uploads\/2016\/06\/Segel-AG_Regatta1-300x200.jpg 300w, https:\/\/max-emden.de\/wordpress\/wp-content\/uploads\/2016\/06\/Segel-AG_Regatta1-768x512.jpg 768w, https:\/\/max-emden.de\/wordpress\/wp-content\/uploads\/2016\/06\/Segel-AG_Regatta1-1024x682.jpg 1024w, https:\/\/max-emden.de\/wordpress\/wp-content\/uploads\/2016\/06\/Segel-AG_Regatta1.jpg 1775w\" sizes=\"(max-width: 300px) 100vw, 300px\" \/><\/a><figcaption id=\"caption-attachment-2523\" class=\"wp-caption-text\">Jonas zwischen den Regattateilnehmern<\/figcaption><\/figure>\n<figure id=\"attachment_2522\" aria-describedby=\"caption-attachment-2522\" style=\"width: 300px\" class=\"wp-caption alignleft\"><a href=\"https:\/\/max-emden.de\/wordpress\/wp-content\/uploads\/2016\/06\/SegelAG_Regatta2.jpg\"><img decoding=\"async\" class=\"size-medium wp-image-2522\" src=\"https:\/\/max-emden.de\/wordpress\/wp-content\/uploads\/2016\/06\/SegelAG_Regatta2-300x199.jpg\" alt=\"Jasmin, Jonas und Fenja mit Herrn Hillers\" width=\"300\" height=\"199\" srcset=\"https:\/\/max-emden.de\/wordpress\/wp-content\/uploads\/2016\/06\/SegelAG_Regatta2-300x199.jpg 300w, https:\/\/max-emden.de\/wordpress\/wp-content\/uploads\/2016\/06\/SegelAG_Regatta2-768x510.jpg 768w, https:\/\/max-emden.de\/wordpress\/wp-content\/uploads\/2016\/06\/SegelAG_Regatta2-1024x680.jpg 1024w, https:\/\/max-emden.de\/wordpress\/wp-content\/uploads\/2016\/06\/SegelAG_Regatta2.jpg 1782w\" sizes=\"(max-width: 300px) 100vw, 300px\" \/><\/a><figcaption id=\"caption-attachment-2522\" class=\"wp-caption-text\">Jasmin, Jonas und Fenja mit Herrn Hillers<\/figcaption><\/figure>\n","protected":false},"excerpt":{"rendered":"<p>Die Fortgeschrittenen Optisegler Jasmin Janson, Fenja Schoof und Jonas Balbach der Segel AG haben sich auf die Reise begeben und auf einem anderen Revier (dem<a class=\"moretag\" href=\"https:\/\/max-emden.de\/wordpress\/segel-ag-trainiert-auf-dem-kleinen-meer\/\"> [&#8230;]<\/a><\/p>\n","protected":false},"author":1,"featured_media":2523,"comment_status":"closed","ping_status":"closed","sticky":false,"template":"","format":"standard","meta":{"footnotes":""},"categories":[13,78],"tags":[],"class_list":["post-2521","post","type-post","status-publish","format-standard","has-post-thumbnail","hentry","category-rudergymnasium","category-segel-ag"],"_links":{"self":[{"href":"https:\/\/max-emden.de\/wordpress\/wp-json\/wp\/v2\/posts\/2521","targetHints":{"allow":["GET"]}}],"collection":[{"href":"https:\/\/max-emden.de\/wordpress\/wp-json\/wp\/v2\/posts"}],"about":[{"href":"https:\/\/max-emden.de\/wordpress\/wp-json\/wp\/v2\/types\/post"}],"author":[{"embeddable":true,"href":"https:\/\/max-emden.de\/wordpress\/wp-json\/wp\/v2\/users\/1"}],"replies":[{"embeddable":true,"href":"https:\/\/max-emden.de\/wordpress\/wp-json\/wp\/v2\/comments?post=2521"}],"version-history":[{"count":2,"href":"https:\/\/max-emden.de\/wordpress\/wp-json\/wp\/v2\/posts\/2521\/revisions"}],"predecessor-version":[{"id":2589,"href":"https:\/\/max-emden.de\/wordpress\/wp-json\/wp\/v2\/posts\/2521\/revisions\/2589"}],"wp:featuredmedia":[{"embeddable":true,"href":"https:\/\/max-emden.de\/wordpress\/wp-json\/wp\/v2\/media\/2523"}],"wp:attachment":[{"href":"https:\/\/max-emden.de\/wordpress\/wp-json\/wp\/v2\/media?parent=2521"}],"wp:term":[{"taxonomy":"category","embeddable":true,"href":"https:\/\/max-emden.de\/wordpress\/wp-json\/wp\/v2\/categories?post=2521"},{"taxonomy":"post_tag","embeddable":true,"href":"https:\/\/max-emden.de\/wordpress\/wp-json\/wp\/v2\/tags?post=2521"}],"curies":[{"name":"wp","href":"https:\/\/api.w.org\/{rel}","templated":true}]}}