{"id":2590,"date":"2016-06-26T07:46:52","date_gmt":"2016-06-26T07:46:52","guid":{"rendered":"http:\/\/max-emden.de\/wordpress\/?p=2590"},"modified":"2016-06-26T07:46:48","modified_gmt":"2016-06-26T07:46:48","slug":"wir-wuenschen-schoene-ferien","status":"publish","type":"post","link":"https:\/\/max-emden.de\/wordpress\/wir-wuenschen-schoene-ferien\/","title":{"rendered":"Wir w\u00fcnschen sch\u00f6ne Ferien!"},"content":{"rendered":"<p>Wir w\u00fcnschen allen Sch\u00fclerinnen und Sch\u00fclern, allen Eltern, den Kolleginnen und Kollegen und Freundinnen und Freunden des Max-Windm\u00fcller-Gymnasiums\u00a0sch\u00f6ne, sonnige und ereignisreiche Sommerferien und eine erholsame Urlaubszeit!<\/p>\n<p>Wir bedanken uns f\u00fcr die gute Zusammenarbeit im Schuljahr 2015\/2016 und freuen uns darauf, diese im kommenden Schuljahr fortzusetzen.<\/p>\n<p>&nbsp;<\/p>\n<p>&nbsp;<\/p>\n","protected":false},"excerpt":{"rendered":"<p>Wir w\u00fcnschen allen Sch\u00fclerinnen und Sch\u00fclern, allen Eltern, den Kolleginnen und Kollegen und Freundinnen und Freunden des Max-Windm\u00fcller-Gymnasiums\u00a0sch\u00f6ne, sonnige und ereignisreiche Sommerferien und eine erholsame<a class=\"moretag\" href=\"https:\/\/max-emden.de\/wordpress\/wir-wuenschen-schoene-ferien\/\"> [&#8230;]<\/a><\/p>\n","protected":false},"author":1,"featured_media":2591,"comment_status":"closed","ping_status":"closed","sticky":false,"template":"","format":"standard","meta":{"footnotes":""},"categories":[1],"tags":[],"class_list":["post-2590","post","type-post","status-publish","format-standard","has-post-thumbnail","hentry","category-uncategorized"],"_links":{"self":[{"href":"https:\/\/max-emden.de\/wordpress\/wp-json\/wp\/v2\/posts\/2590","targetHints":{"allow":["GET"]}}],"collection":[{"href":"https:\/\/max-emden.de\/wordpress\/wp-json\/wp\/v2\/posts"}],"about":[{"href":"https:\/\/max-emden.de\/wordpress\/wp-json\/wp\/v2\/types\/post"}],"author":[{"embeddable":true,"href":"https:\/\/max-emden.de\/wordpress\/wp-json\/wp\/v2\/users\/1"}],"replies":[{"embeddable":true,"href":"https:\/\/max-emden.de\/wordpress\/wp-json\/wp\/v2\/comments?post=2590"}],"version-history":[{"count":1,"href":"https:\/\/max-emden.de\/wordpress\/wp-json\/wp\/v2\/posts\/2590\/revisions"}],"predecessor-version":[{"id":2592,"href":"https:\/\/max-emden.de\/wordpress\/wp-json\/wp\/v2\/posts\/2590\/revisions\/2592"}],"wp:featuredmedia":[{"embeddable":true,"href":"https:\/\/max-emden.de\/wordpress\/wp-json\/wp\/v2\/media\/2591"}],"wp:attachment":[{"href":"https:\/\/max-emden.de\/wordpress\/wp-json\/wp\/v2\/media?parent=2590"}],"wp:term":[{"taxonomy":"category","embeddable":true,"href":"https:\/\/max-emden.de\/wordpress\/wp-json\/wp\/v2\/categories?post=2590"},{"taxonomy":"post_tag","embeddable":true,"href":"https:\/\/max-emden.de\/wordpress\/wp-json\/wp\/v2\/tags?post=2590"}],"curies":[{"name":"wp","href":"https:\/\/api.w.org\/{rel}","templated":true}]}}