{"id":2621,"date":"2016-06-12T17:55:27","date_gmt":"2016-06-12T17:55:27","guid":{"rendered":"http:\/\/max-emden.de\/wordpress\/?p=2621"},"modified":"2016-06-30T17:55:43","modified_gmt":"2016-06-30T17:55:43","slug":"gat-abijahrgang-91-traf-sich-nach-25-jahren-am-max","status":"publish","type":"post","link":"https:\/\/max-emden.de\/wordpress\/gat-abijahrgang-91-traf-sich-nach-25-jahren-am-max\/","title":{"rendered":"GaT &#8211; Abijahrgang &#8217;91 traf sich nach 25 Jahren am Max"},"content":{"rendered":"<p style=\"text-align: justify;\">Am Samstag, 11. Juni 2016, traf sich der Abijahrgang von 1991, 25 Jahre nach seinem Abitur, am Max. Nach einem Besuch im ehemaligen Schulgeb\u00e4ude des GaT am Treckfahrtstief und einer gemeinsamen Paddeltour, trafen sich die Ehemaligen in den neuen R\u00e4umen ihrer ehemaligen Schule. Die Besucher zeigten sich beeindruckt vom neuen Schulgeb\u00e4ude und erkundigten sich welche ihrer ehemaligen Lehrer noch im Dienst seien. Schulleiter Frank Tapper f\u00fchrte den ehemaligen GaT-Jahrgang gerne durch das Max und wies darauf hin, dass der Geist des GaT im Max weiterlebe. Deshalb freute er sich sehr \u00fcber das Interesse der Ehemaligen und kann auch weitere Ehemaligentreffen nur ermuntern, sich das heutige GaT &#8211; also das Max &#8211; anzuschauen!<\/p>\n<p style=\"text-align: justify;\">\n","protected":false},"excerpt":{"rendered":"<p>Am Samstag, 11. Juni 2016, traf sich der Abijahrgang von 1991, 25 Jahre nach seinem Abitur, am Max. Nach einem Besuch im ehemaligen Schulgeb\u00e4ude des<a class=\"moretag\" href=\"https:\/\/max-emden.de\/wordpress\/gat-abijahrgang-91-traf-sich-nach-25-jahren-am-max\/\"> [&#8230;]<\/a><\/p>\n","protected":false},"author":1,"featured_media":2622,"comment_status":"closed","ping_status":"closed","sticky":false,"template":"","format":"standard","meta":{"footnotes":""},"categories":[2],"tags":[],"class_list":["post-2621","post","type-post","status-publish","format-standard","has-post-thumbnail","hentry","category-allgemein"],"_links":{"self":[{"href":"https:\/\/max-emden.de\/wordpress\/wp-json\/wp\/v2\/posts\/2621","targetHints":{"allow":["GET"]}}],"collection":[{"href":"https:\/\/max-emden.de\/wordpress\/wp-json\/wp\/v2\/posts"}],"about":[{"href":"https:\/\/max-emden.de\/wordpress\/wp-json\/wp\/v2\/types\/post"}],"author":[{"embeddable":true,"href":"https:\/\/max-emden.de\/wordpress\/wp-json\/wp\/v2\/users\/1"}],"replies":[{"embeddable":true,"href":"https:\/\/max-emden.de\/wordpress\/wp-json\/wp\/v2\/comments?post=2621"}],"version-history":[{"count":1,"href":"https:\/\/max-emden.de\/wordpress\/wp-json\/wp\/v2\/posts\/2621\/revisions"}],"predecessor-version":[{"id":2623,"href":"https:\/\/max-emden.de\/wordpress\/wp-json\/wp\/v2\/posts\/2621\/revisions\/2623"}],"wp:featuredmedia":[{"embeddable":true,"href":"https:\/\/max-emden.de\/wordpress\/wp-json\/wp\/v2\/media\/2622"}],"wp:attachment":[{"href":"https:\/\/max-emden.de\/wordpress\/wp-json\/wp\/v2\/media?parent=2621"}],"wp:term":[{"taxonomy":"category","embeddable":true,"href":"https:\/\/max-emden.de\/wordpress\/wp-json\/wp\/v2\/categories?post=2621"},{"taxonomy":"post_tag","embeddable":true,"href":"https:\/\/max-emden.de\/wordpress\/wp-json\/wp\/v2\/tags?post=2621"}],"curies":[{"name":"wp","href":"https:\/\/api.w.org\/{rel}","templated":true}]}}