{"id":2717,"date":"2016-08-14T20:43:06","date_gmt":"2016-08-14T20:43:06","guid":{"rendered":"http:\/\/max-emden.de\/wordpress\/?p=2717"},"modified":"2016-08-15T17:24:49","modified_gmt":"2016-08-15T17:24:49","slug":"leistungsbewertung-im-fach-kunst-sek-i-und-sek-ii","status":"publish","type":"post","link":"https:\/\/max-emden.de\/wordpress\/leistungsbewertung-im-fach-kunst-sek-i-und-sek-ii\/","title":{"rendered":"Leistungsbewertung im Fach Kunst Sek I und Sek II"},"content":{"rendered":"<h3>Bereiche der Leistungsbewertung im Fach Kunst und ihre Gewichtung<\/h3>\n<p>(Beschlossen in der Fachkonferenz am 30.05.16)<\/p>\n<p>&nbsp;<\/p>\n<p><strong>Praktische Arbeit \u00a0 \u00a0 \u00a0 \u00a0 \u00a0 \u00a0 \u00a0 \u00a0 \u00a0 \u00a0 \u00a0 \u00a0 \u00a0 \u00a0 \u00a0 \u00a0 \u00a0 \u00a0 \u00a0 \u00a0 \u00a0 \u00a0 \u00a0 \u00a0 \u00a0 \u00a0 \u00a0 \u00a0 \u00a0 \u00a0 \u00a0 \u00a0 \u00a0 \u00a0\u00a0<\/strong><\/p>\n<ul>\n<li>Findungs- und Herstellungsprozess: Entw\u00fcrfe \/ Ideensammlung<\/li>\n<li>evtl. F\u00fchren von bzw. Ergebnisse aus K\u00fcnstlerbuch bzw. Mappe<\/li>\n<li>Gestalterische F\u00e4higkeiten und Ergebnisse in den Bereichen Grafik, Malerei, Plastik, digitale Medien und Film<\/li>\n<\/ul>\n<p>&nbsp;<\/p>\n<p><strong>Schriftliche Arbeit \u00a0\u00a0\u00a0\u00a0\u00a0\u00a0\u00a0\u00a0\u00a0\u00a0\u00a0\u00a0\u00a0\u00a0\u00a0\u00a0\u00a0\u00a0\u00a0\u00a0\u00a0\u00a0\u00a0\u00a0\u00a0\u00a0\u00a0\u00a0\u00a0\u00a0\u00a0\u00a0\u00a0\u00a0\u00a0\u00a0\u00a0\u00a0\u00a0 \u00a0<\/strong><\/p>\n<ul>\n<li>eine Klassenarbeit mit theoretischen und \/ oder praktischem Schwerpunkt pro Halbjahr<\/li>\n<li>eine der Klassenarbeiten im Schuljahr kann in Klasse 5 und 6 durch eine praktische Leistung unter Aufsicht ersetzt werden<\/li>\n<li>theoretische Klassenarbeiten sollten 45 Minuten Nettoarbeitszeit nicht \u00fcbersteigen; die Arbeitszeit kann mit dem Praxisanteil verl\u00e4ngert werden, soll jedoch 90 Minuten nicht \u00fcbersteigen<\/li>\n<\/ul>\n<p>&nbsp;<\/p>\n<p><strong>Mitarbeit im\u00a0<\/strong><b>Unterricht<\/b>\u009f<\/p>\n<ul>\n<li>m\u00fcndliche Beitr\u00e4ge zum Unterrichtsgespr\u00e4ch<\/li>\n<li>praktische \u00dcbungen<\/li>\n<li>selbst\u00e4ndiges Arbeiten<\/li>\n<li>Referate (sofern Teil des Unterrichtes): m\u00fcndlich gehalten und \/ oder schriftliche Ausarbeitung<\/li>\n<\/ul>\n<p>&nbsp;<\/p>\n<p>Die Notenzusammensetzung richtet sich nach folgender Gewichtung der praktischen und schriftlichen sowie der Mitarbeit im Unterricht:<\/p>\n<p>&nbsp;<\/p>\n<table width=\"473\">\n<tbody>\n<tr>\n<td width=\"112\"><strong>Sek I <\/strong><\/p>\n<p>(i.d.R. 1 Klausur\/ Hj.)<\/td>\n<td width=\"120\">Praktische Leistungen<\/td>\n<td width=\"113\">Schriftliche Leistung<\/td>\n<td width=\"128\">Mitarbeit im Unterricht<\/td>\n<\/tr>\n<tr>\n<td width=\"112\">Klasse 5 \/ 6<\/td>\n<td width=\"120\">60%<\/td>\n<td width=\"113\">20%<\/td>\n<td width=\"128\">20%<\/td>\n<\/tr>\n<tr>\n<td width=\"112\">Klasse 7\/ 8<\/td>\n<td width=\"120\">50%<\/td>\n<td width=\"113\">25%<\/td>\n<td width=\"128\">25%<\/td>\n<\/tr>\n<tr>\n<td width=\"112\">Klasse 9<\/td>\n<td width=\"120\">40%<\/td>\n<td width=\"113\">30%<\/td>\n<td width=\"128\">30%<\/td>\n<\/tr>\n<tr>\n<td width=\"112\">Klasse 10<\/td>\n<td width=\"120\">33%<\/td>\n<td width=\"113\">33%<\/td>\n<td width=\"128\">33%<\/td>\n<\/tr>\n<\/tbody>\n<\/table>\n<p>&nbsp;<\/p>\n<table width=\"473\">\n<tbody>\n<tr>\n<td width=\"119\"><strong>Sek II<\/strong><\/td>\n<td width=\"114\">Praktische Leistungen<\/td>\n<td width=\"113\">Schriftliche Leistung<\/td>\n<td width=\"128\">Mitarbeit im Unterricht<\/td>\n<\/tr>\n<tr>\n<td width=\"119\">V- Kurs<\/p>\n<p>i.d.R. 1 Klausur\/Hj.<\/td>\n<td width=\"114\">33%<\/td>\n<td width=\"113\">33%<\/td>\n<td width=\"128\">33%<\/td>\n<\/tr>\n<tr>\n<td width=\"119\">H- Kurs<\/p>\n<p>i.d.R. 2 Klausuren\/ Hj.<\/td>\n<td width=\"114\">33%<\/td>\n<td width=\"113\">33%<\/td>\n<td width=\"128\">33%<\/td>\n<\/tr>\n<tr>\n<td width=\"119\">Z- Kurs<\/p>\n<p>i.d.R. 1 Klausur\/ Hj.<\/td>\n<td width=\"114\">33%<\/td>\n<td width=\"113\">33%<\/td>\n<td width=\"128\">33%<\/td>\n<\/tr>\n<\/tbody>\n<\/table>\n<p>&nbsp;<\/p>\n","protected":false},"excerpt":{"rendered":"<p>Bereiche der Leistungsbewertung im Fach Kunst und ihre Gewichtung (Beschlossen in der Fachkonferenz am 30.05.16) &nbsp; Praktische Arbeit \u00a0 \u00a0 \u00a0 \u00a0 \u00a0 \u00a0 \u00a0<a class=\"moretag\" href=\"https:\/\/max-emden.de\/wordpress\/leistungsbewertung-im-fach-kunst-sek-i-und-sek-ii\/\"> [&#8230;]<\/a><\/p>\n","protected":false},"author":1,"featured_media":0,"comment_status":"closed","ping_status":"closed","sticky":false,"template":"","format":"standard","meta":{"footnotes":""},"categories":[37],"tags":[],"class_list":["post-2717","post","type-post","status-publish","format-standard","hentry","category-kunst"],"_links":{"self":[{"href":"https:\/\/max-emden.de\/wordpress\/wp-json\/wp\/v2\/posts\/2717","targetHints":{"allow":["GET"]}}],"collection":[{"href":"https:\/\/max-emden.de\/wordpress\/wp-json\/wp\/v2\/posts"}],"about":[{"href":"https:\/\/max-emden.de\/wordpress\/wp-json\/wp\/v2\/types\/post"}],"author":[{"embeddable":true,"href":"https:\/\/max-emden.de\/wordpress\/wp-json\/wp\/v2\/users\/1"}],"replies":[{"embeddable":true,"href":"https:\/\/max-emden.de\/wordpress\/wp-json\/wp\/v2\/comments?post=2717"}],"version-history":[{"count":3,"href":"https:\/\/max-emden.de\/wordpress\/wp-json\/wp\/v2\/posts\/2717\/revisions"}],"predecessor-version":[{"id":2720,"href":"https:\/\/max-emden.de\/wordpress\/wp-json\/wp\/v2\/posts\/2717\/revisions\/2720"}],"wp:attachment":[{"href":"https:\/\/max-emden.de\/wordpress\/wp-json\/wp\/v2\/media?parent=2717"}],"wp:term":[{"taxonomy":"category","embeddable":true,"href":"https:\/\/max-emden.de\/wordpress\/wp-json\/wp\/v2\/categories?post=2717"},{"taxonomy":"post_tag","embeddable":true,"href":"https:\/\/max-emden.de\/wordpress\/wp-json\/wp\/v2\/tags?post=2717"}],"curies":[{"name":"wp","href":"https:\/\/api.w.org\/{rel}","templated":true}]}}