{"id":2926,"date":"2016-08-28T18:42:53","date_gmt":"2016-08-28T18:42:53","guid":{"rendered":"http:\/\/max-emden.de\/wordpress\/?p=2926"},"modified":"2016-09-16T10:48:55","modified_gmt":"2016-09-16T10:48:55","slug":"partnerschueler-aus-martinique-zu-gast-am-max","status":"publish","type":"post","link":"https:\/\/max-emden.de\/wordpress\/partnerschueler-aus-martinique-zu-gast-am-max\/","title":{"rendered":"Partnersch\u00fcler aus Martinique zu Gast am Max"},"content":{"rendered":"<p style=\"text-align: justify;\">Das Max freut sich \u00fcber vier besondere G\u00e4ste: Von August bis Oktober besuchen Aude Philibert, Nawel R\u00e9unif, Rom\u00e0n Val\u00e8re und Baptiste Clement den Unterricht an unserer Schule. Bei den Jungen und M\u00e4dchen handelt es sich um bekannte Gesichter: Bereits im April waren sie im Rahmen des Austausches zwischen dem Lyc\u00e9e de Bellevue in Fort-de-France auf Martinique und dem Max in Emden.<!--more--> Ebenso wie ihren Partnern Wiebke Barghoorn, Lea Schneider, Jan van Dyken und Leon Pulskamp hat ihnen der Austausch so gut gefallen, dass die Idee einer Wiederholung geboren wurde. Unterst\u00fctzt durch das Brigitte-Sauzay-Programm konnte dieser Wunsch viel schneller als gedacht realisiert werden, sodass die vier Kariben seit Schuljahresbeginn mit ihren Austauschpartnern den Unterricht am Max besuchen.<\/p>\n<p style=\"text-align: justify;\">Bei der Antragstellung geholfen hat\u00a0Franz\u00f6sischlehrer Severin Tillmann: &#8222;Als Europaschule freuen wir uns sehr \u00fcber dieses gro\u00dfe Interesse von gleich vier Austauschpaaren.&#8220; So viele Interessenten habe es bislang noch nie f\u00fcr einen individuellen Austausch gegeben, so Tillmann, der gerne bei den Formalit\u00e4ten behilflich war: &#8222;Ein dreimonatiger Aufenthalt bietet nat\u00fcrlich sehr gute Chancen, seine Fremdsprachenkenntnisse zu erweitern.&#8220; Das gilt nat\u00fcrlich auch f\u00fcr Wiebke, Lea, Jan und Leon: Mit ihren Austauschpartnern fahren sie im November in die Karibik und nehmen dort am Unterricht des Lyc\u00e9e de Bellevue teil.<\/p>\n","protected":false},"excerpt":{"rendered":"<p>Das Max freut sich \u00fcber vier besondere G\u00e4ste: Von August bis Oktober besuchen Aude Philibert, Nawel R\u00e9unif, Rom\u00e0n Val\u00e8re und Baptiste Clement den Unterricht an<a class=\"moretag\" href=\"https:\/\/max-emden.de\/wordpress\/partnerschueler-aus-martinique-zu-gast-am-max\/\"> [&#8230;]<\/a><\/p>\n","protected":false},"author":3,"featured_media":2929,"comment_status":"closed","ping_status":"closed","sticky":false,"template":"","format":"standard","meta":{"footnotes":""},"categories":[5,35,82,8],"tags":[],"class_list":["post-2926","post","type-post","status-publish","format-standard","has-post-thumbnail","hentry","category-europaschule","category-interkulturelles-lernen","category-martinique-frankreich","category-max-unterwegs"],"_links":{"self":[{"href":"https:\/\/max-emden.de\/wordpress\/wp-json\/wp\/v2\/posts\/2926","targetHints":{"allow":["GET"]}}],"collection":[{"href":"https:\/\/max-emden.de\/wordpress\/wp-json\/wp\/v2\/posts"}],"about":[{"href":"https:\/\/max-emden.de\/wordpress\/wp-json\/wp\/v2\/types\/post"}],"author":[{"embeddable":true,"href":"https:\/\/max-emden.de\/wordpress\/wp-json\/wp\/v2\/users\/3"}],"replies":[{"embeddable":true,"href":"https:\/\/max-emden.de\/wordpress\/wp-json\/wp\/v2\/comments?post=2926"}],"version-history":[{"count":3,"href":"https:\/\/max-emden.de\/wordpress\/wp-json\/wp\/v2\/posts\/2926\/revisions"}],"predecessor-version":[{"id":3025,"href":"https:\/\/max-emden.de\/wordpress\/wp-json\/wp\/v2\/posts\/2926\/revisions\/3025"}],"wp:featuredmedia":[{"embeddable":true,"href":"https:\/\/max-emden.de\/wordpress\/wp-json\/wp\/v2\/media\/2929"}],"wp:attachment":[{"href":"https:\/\/max-emden.de\/wordpress\/wp-json\/wp\/v2\/media?parent=2926"}],"wp:term":[{"taxonomy":"category","embeddable":true,"href":"https:\/\/max-emden.de\/wordpress\/wp-json\/wp\/v2\/categories?post=2926"},{"taxonomy":"post_tag","embeddable":true,"href":"https:\/\/max-emden.de\/wordpress\/wp-json\/wp\/v2\/tags?post=2926"}],"curies":[{"name":"wp","href":"https:\/\/api.w.org\/{rel}","templated":true}]}}