{"id":2996,"date":"2016-09-06T17:10:47","date_gmt":"2016-09-06T17:10:47","guid":{"rendered":"http:\/\/max-emden.de\/wordpress\/?p=2996"},"modified":"2016-09-19T16:12:18","modified_gmt":"2016-09-19T16:12:18","slug":"das-exodus-lager-in-emden-zippy-portnoy-erzaehlt","status":"publish","type":"post","link":"https:\/\/max-emden.de\/wordpress\/das-exodus-lager-in-emden-zippy-portnoy-erzaehlt\/","title":{"rendered":"Das Exodus-Lager in Emden &#8211; Zippy Portnoy erz\u00e4hlt"},"content":{"rendered":"<p style=\"text-align: justify;\">Viele Jahre war es fast vergessen: 1947 und 1948 war Emden f\u00fcr fast ein Jahr Teil der Weltgeschichte. Knapp 2400 Juden, die mit dem Schiff &#8222;Exodus&#8220; nach Pal\u00e4stina hatten auswandern wollen, waren in dieser Zeit in der Emder Kaserne untergebracht. Nachdem ihnen die Einreise von den Briten verwehrt worden war, waren sie wieder zur\u00fcck nach Deutschland transportiert worden. Vom Hamburger Hafen wurden die Fl\u00fcchtlinge zun\u00e4chst in verschiedene Lager gebracht, bevor sie schlie\u00dflich im November 1947 nach Emden kamen. Bis sie endlich ins neu gegr\u00fcndete Israel auswandern konnten, lebten die Juden dort bis August 1948.<!--more--><\/p>\n<p style=\"text-align: justify;\">\u00dcber diese atemberaubende Episode der Weltgeschichte wird am <strong>Donnerstag, den 8.9.2016, in der f\u00fcnften und sechsten Stunde<\/strong> eine ehemalige Bewohnerin des Emder Exodus-Lagers erz\u00e4hlen: <strong>Zippy Portnoy<\/strong>, die als Baby nach Emden kam, reist anl\u00e4sslich der Enth\u00fcllung einer Gedenktafel f\u00fcr das Lager nach Deutschland und macht in diesem Rahmen auch Station am Max. In Begleitung der Historikerin Gesine Janssen wird sie vor Sch\u00fclerinnen und Sch\u00fclern des 12. Jahrganges aus ihrem Leben berichten.<\/p>\n<p style=\"text-align: justify;\">Neben dieser Schulveranstaltung findet am Abend <strong>des 8. September 2016 um 19.30 Uhr im Rummel des Rathauses<\/strong> eine \u00f6ffentliche Vortragsveranstaltung zur Geschichte der Exodus-Fl\u00fcchtlinge statt. Die Enth\u00fcllung der Tafel, an der auch Sch\u00fclerinnen und Sch\u00fcler des Max-Windm\u00fcller-Gymnasiums mitwirken, findet am Freitag, den 9.September um 10 Uhr am Haupttor der Kaserne statt.<\/p>\n<p style=\"text-align: justify;\">Weitere Informationen zum Thema gibt es hier:<\/p>\n<figure id=\"attachment_3113\" aria-describedby=\"caption-attachment-3113\" style=\"width: 150px\" class=\"wp-caption aligncenter\"><a href=\"https:\/\/max-emden.de\/wordpress\/wp-content\/uploads\/2016\/09\/ez0609Exoduslager.jpg\"><img decoding=\"async\" class=\"size-thumbnail wp-image-3113\" src=\"https:\/\/max-emden.de\/wordpress\/wp-content\/uploads\/2016\/09\/ez0609Exoduslager-150x150.jpg\" alt=\"Bericht der Emder Zeitung\" width=\"150\" height=\"150\" \/><\/a><figcaption id=\"caption-attachment-3113\" class=\"wp-caption-text\">Bericht der Emder Zeitung<\/figcaption><\/figure>\n<p><a href=\"http:\/\/62.90.118.193\/?CategoryID=365&amp;ArticleID=1246&amp;Page=4\">Exoduspassagiere in Emden- von Gesine Janssen <\/a><\/p>\n<p><a href=\"https:\/\/max-emden.de\/wordpress\/wp-content\/uploads\/2016\/09\/2016-Exodusplakat-2016-08-23-2.pdf\">Exodus-Plakat<\/a><\/p>\n","protected":false},"excerpt":{"rendered":"<p>Viele Jahre war es fast vergessen: 1947 und 1948 war Emden f\u00fcr fast ein Jahr Teil der Weltgeschichte. Knapp 2400 Juden, die mit dem Schiff<a class=\"moretag\" href=\"https:\/\/max-emden.de\/wordpress\/das-exodus-lager-in-emden-zippy-portnoy-erzaehlt\/\"> [&#8230;]<\/a><\/p>\n","protected":false},"author":3,"featured_media":2998,"comment_status":"closed","ping_status":"closed","sticky":false,"template":"","format":"standard","meta":{"footnotes":""},"categories":[9],"tags":[],"class_list":["post-2996","post","type-post","status-publish","format-standard","has-post-thumbnail","hentry","category-max-windmueller"],"_links":{"self":[{"href":"https:\/\/max-emden.de\/wordpress\/wp-json\/wp\/v2\/posts\/2996","targetHints":{"allow":["GET"]}}],"collection":[{"href":"https:\/\/max-emden.de\/wordpress\/wp-json\/wp\/v2\/posts"}],"about":[{"href":"https:\/\/max-emden.de\/wordpress\/wp-json\/wp\/v2\/types\/post"}],"author":[{"embeddable":true,"href":"https:\/\/max-emden.de\/wordpress\/wp-json\/wp\/v2\/users\/3"}],"replies":[{"embeddable":true,"href":"https:\/\/max-emden.de\/wordpress\/wp-json\/wp\/v2\/comments?post=2996"}],"version-history":[{"count":7,"href":"https:\/\/max-emden.de\/wordpress\/wp-json\/wp\/v2\/posts\/2996\/revisions"}],"predecessor-version":[{"id":3117,"href":"https:\/\/max-emden.de\/wordpress\/wp-json\/wp\/v2\/posts\/2996\/revisions\/3117"}],"wp:featuredmedia":[{"embeddable":true,"href":"https:\/\/max-emden.de\/wordpress\/wp-json\/wp\/v2\/media\/2998"}],"wp:attachment":[{"href":"https:\/\/max-emden.de\/wordpress\/wp-json\/wp\/v2\/media?parent=2996"}],"wp:term":[{"taxonomy":"category","embeddable":true,"href":"https:\/\/max-emden.de\/wordpress\/wp-json\/wp\/v2\/categories?post=2996"},{"taxonomy":"post_tag","embeddable":true,"href":"https:\/\/max-emden.de\/wordpress\/wp-json\/wp\/v2\/tags?post=2996"}],"curies":[{"name":"wp","href":"https:\/\/api.w.org\/{rel}","templated":true}]}}