{"id":3384,"date":"2016-11-05T20:30:10","date_gmt":"2016-11-05T20:30:10","guid":{"rendered":"http:\/\/max-emden.de\/wordpress\/?p=3384"},"modified":"2016-11-15T17:12:52","modified_gmt":"2016-11-15T17:12:52","slug":"max-startet-internationales-projekt-zur-integration-von-fluechtlingen","status":"publish","type":"post","link":"https:\/\/max-emden.de\/wordpress\/max-startet-internationales-projekt-zur-integration-von-fluechtlingen\/","title":{"rendered":"Max startet internationales Projekt zur Integration von Fl\u00fcchtlingen"},"content":{"rendered":"<p style=\"text-align: justify;\">Endlich geht es los: Nach intensiven Vorarbeiten in den vergangenen Monaten haben sich jetzt die Vertreter der Partnerschulen getroffen, mit denen das Max-Windm\u00fcller-Gymnasium im Rahmen eines neuen ERASMUS+-Projektes in den n\u00e4chsten drei Jahren kooperieren wird. Neben einigen Abstechern in die Umgebung, darunter nach Borkum, stand bei dem ersten Treffen der elf Lehrerinnen und Lehrer aus den Niederlanden, Norwegen, der T\u00fcrkei und Martinique in Emden die Planung der konkreten Gestaltung des Projektes im Vordergrund. Dieses tr\u00e4gt den Kurztitel SIRS, der das Ziel der zuk\u00fcnftigen Arbeit bereits verdeutlicht, denn er steht f\u00fcr \u201eSocial integration of refugees through sports\u201c.<!--more--><\/p>\n<p style=\"text-align: justify;\">\u201eWir freuen uns sehr, dass dieses Projekt von der EU bewilligt worden ist\u201c, so Frank Tapper, Direktor des Max-Windm\u00fcller-Gymnasiums. \u201eDamit f\u00fchren wir die Arbeit fort, die wir im letzten Jahr mit unserem Projekttag Flucht und Migration, unserem Willkommensfest f\u00fcr Fl\u00fcchtlinge und weiteren dazugeh\u00f6rigen Aktionen begonnen haben. Durch die Zusammenarbeit mit unseren Partnern erhoffen wir uns weitere Impulse f\u00fcr eine erfolgreiche Integration der zu uns gekommenen Menschen.\u201c<\/p>\n<p style=\"text-align: justify;\">Die Zusammenarbeit mit Schulen aus anderen L\u00e4ndern soll verdeutlichen, dass die Aufnahme von Fl\u00fcchtlingen und deren Integration bei weitem kein exklusives Problem Deutschlands ist: \u201eIn der T\u00fcrkei haben wir sehr viele Fl\u00fcchtlinge, die unsere Schule besuchen\u201c, schildert die in Izmir arbeitende Lehrerin Bur\u00e7in Arpaslan. Auch Norwegen hat eine ganze Reihe von Menschen aufgenommen, vor allem aus Syrien und Afghanistan. \u201eDies hat eine massive politische Diskussion \u00fcber den Umgang mit Fl\u00fcchtlingen und deren Integration ausgel\u00f6st\u201c, wie Heidi Ree aus Oslo erl\u00e4utert. \u201eUnser Ziel ist deshalb, mehr \u00fcber die Fl\u00fcchtlinge zu erfahren, Politiker und Hilfsorganisationen einzubeziehen und so die Integration zu verbessern.\u201c<\/p>\n<p style=\"text-align: justify;\">Von gro\u00dfer Bedeutung ist dabei der Austausch \u00fcber unterschiedliche Herausforderungen und Herangehensweisen in den jeweiligen L\u00e4ndern. Deshalb sollen die Sch\u00fcler der teilnehmenden Schulen miteinander kommunizieren und regelm\u00e4\u00dfig ihre Arbeit vorstellen, etwa \u00fcber einen YouTube-Kanal.<\/p>\n<p style=\"text-align: justify;\">Zudem sollen sich die Teilnehmer nat\u00fcrlich auch pers\u00f6nlich kennenlernen: Im Januar wird eine Delegation des Max-Windm\u00fcller-Gymnasiums nach Martinique reisen, um dort mit den Sch\u00fclern des Lyc\u00e9e de Bellevue zusammenzuarbeiten. Auch auf der Karibikinsel leben inzwischen viele Menschen, die aus ihrer Heimat geflohen sind. Im Gegensatz zu den anderen Projektteilnehmern stammen diese allerdings vorwiegend aus Haiti, das in den vergangenen Jahren durch Erdbeben noch weiter ins Elend geraten ist als ohnehin schon zuvor.<\/p>\n<p style=\"text-align: justify;\">Das wird allerdings nicht das einzige Treffen sein: \u201eIm M\u00e4rz 2017 erwarten wir Sch\u00fcler und Lehrer aus den teilnehmenden L\u00e4ndern\u201c, so Frank Tapper. Das erste gro\u00dfe Meeting aller Schulen findet angesichts des Reformationsjubil\u00e4ums in Emden statt. Auch in den folgenden Jahren wird es solch ein Gesamttreffen geben: 2018 ist daf\u00fcr Leeuwarden vorgesehen, 2019 wird entweder Oslo oder Izmir Gastgeber sein.<\/p>\n<p>Am Projekt beteiligte Schulen:<\/p>\n<ol>\n<li>Montessori High School aus Leeuwarden\/ Niederlande<\/li>\n<li>Konak Mimar Sinan Orta Okulu aus Izmir\/ T\u00fcrkei<\/li>\n<li>Elvebakken videreg\u00e5ende skole aus Oslo\/ Norwegen<\/li>\n<li>Lyc\u00e9e de Bellevue in Fort-de-France\/ Martinique, Frankreich<\/li>\n<li>Max-Windm\u00fcller-Gymnasium Emden<\/li>\n<\/ol>\n<p>&nbsp;<\/p>\n<figure id=\"attachment_3491\" aria-describedby=\"caption-attachment-3491\" style=\"width: 150px\" class=\"wp-caption alignleft\"><a href=\"https:\/\/max-emden.de\/wordpress\/wp-content\/uploads\/2016\/11\/ez1211Erasmus.jpg\"><img decoding=\"async\" class=\"size-thumbnail wp-image-3491\" src=\"https:\/\/max-emden.de\/wordpress\/wp-content\/uploads\/2016\/11\/ez1211Erasmus-150x150.jpg\" alt=\"Emder Zeitung, 12.11.2016\" width=\"150\" height=\"150\" \/><\/a><figcaption id=\"caption-attachment-3491\" class=\"wp-caption-text\">Emder Zeitung, 12.11.2016<\/figcaption><\/figure>\n","protected":false},"excerpt":{"rendered":"<p>Endlich geht es los: Nach intensiven Vorarbeiten in den vergangenen Monaten haben sich jetzt die Vertreter der Partnerschulen getroffen, mit denen das Max-Windm\u00fcller-Gymnasium im Rahmen<a class=\"moretag\" href=\"https:\/\/max-emden.de\/wordpress\/max-startet-internationales-projekt-zur-integration-von-fluechtlingen\/\"> [&#8230;]<\/a><\/p>\n","protected":false},"author":3,"featured_media":3385,"comment_status":"closed","ping_status":"closed","sticky":false,"template":"","format":"standard","meta":{"footnotes":""},"categories":[5],"tags":[],"class_list":["post-3384","post","type-post","status-publish","format-standard","has-post-thumbnail","hentry","category-europaschule"],"_links":{"self":[{"href":"https:\/\/max-emden.de\/wordpress\/wp-json\/wp\/v2\/posts\/3384","targetHints":{"allow":["GET"]}}],"collection":[{"href":"https:\/\/max-emden.de\/wordpress\/wp-json\/wp\/v2\/posts"}],"about":[{"href":"https:\/\/max-emden.de\/wordpress\/wp-json\/wp\/v2\/types\/post"}],"author":[{"embeddable":true,"href":"https:\/\/max-emden.de\/wordpress\/wp-json\/wp\/v2\/users\/3"}],"replies":[{"embeddable":true,"href":"https:\/\/max-emden.de\/wordpress\/wp-json\/wp\/v2\/comments?post=3384"}],"version-history":[{"count":5,"href":"https:\/\/max-emden.de\/wordpress\/wp-json\/wp\/v2\/posts\/3384\/revisions"}],"predecessor-version":[{"id":3496,"href":"https:\/\/max-emden.de\/wordpress\/wp-json\/wp\/v2\/posts\/3384\/revisions\/3496"}],"wp:featuredmedia":[{"embeddable":true,"href":"https:\/\/max-emden.de\/wordpress\/wp-json\/wp\/v2\/media\/3385"}],"wp:attachment":[{"href":"https:\/\/max-emden.de\/wordpress\/wp-json\/wp\/v2\/media?parent=3384"}],"wp:term":[{"taxonomy":"category","embeddable":true,"href":"https:\/\/max-emden.de\/wordpress\/wp-json\/wp\/v2\/categories?post=3384"},{"taxonomy":"post_tag","embeddable":true,"href":"https:\/\/max-emden.de\/wordpress\/wp-json\/wp\/v2\/tags?post=3384"}],"curies":[{"name":"wp","href":"https:\/\/api.w.org\/{rel}","templated":true}]}}