{"id":3437,"date":"2016-11-09T17:56:22","date_gmt":"2016-11-09T17:56:22","guid":{"rendered":"http:\/\/max-emden.de\/wordpress\/?p=3437"},"modified":"2016-11-19T11:06:32","modified_gmt":"2016-11-19T11:06:32","slug":"cinefete-17","status":"publish","type":"post","link":"https:\/\/max-emden.de\/wordpress\/cinefete-17\/","title":{"rendered":"Cin\u00e9f\u00eate 2016"},"content":{"rendered":"<p style=\"text-align: justify;\">In diesem Jahr\u00a0werden alle Franz\u00f6sischsch\u00fclerinnen und -sch\u00fcler der Jahrg\u00e4nge 6-10 an der\u00a0Cin\u00e9f\u00eate 2016 teilnehmen. Dieses Filmfest &#8211; organisiert vom <em>Institut\u00a0fran\u00e7ais <\/em>unter Schirmherrschaft der<em> Franz\u00f6sischen Botschaft\u00a0<\/em>sowie der 16 deutschen Bildungsminister &#8211; hat sich zum Ziel gesetzt, m\u00f6glichst viele Sch\u00fclerinnen und Sch\u00fcler f\u00fcr das franz\u00f6sische Kino zu begeistern. Alle Filme werden in franz\u00f6sischer Originalfassung mit deutschen Untertiteln gezeigt.<!--more--><\/p>\n<p style=\"text-align: justify;\">Die Fachgruppe Franz\u00f6sisch hat sich folgende Filme ausgesucht (jeweils im VHS-Forum):<\/p>\n<p style=\"text-align: justify;\">Freitag, 11.11.2016 &#8211; <em>Belle et S\u00e9bastian\u00a0<\/em>&#8211; (Jahrgang 6) \u00a07.50 &#8211; 9.30 Uhr<\/p>\n<p style=\"text-align: justify;\">Freitag, 11.11.2016 &#8211; <em>Les h\u00e9ritiers<\/em> &#8211; (Jahrgang\u00a010) \u00a011.15 &#8211; 13.00 Uhr<\/p>\n<p style=\"text-align: justify;\">Montag, 14.11.2016 &#8211; <em>Microbe et Gasoil<\/em> (Jahrg\u00e4nge 7-9) 7.50 &#8211; 9.35 Uhr<\/p>\n<p style=\"text-align: justify;\">Informationen zu den Filmen finden Sie <strong><a href=\"https:\/\/cinefete.institutfrancais.de\/die-filme\">&gt;&gt;hier&lt;&lt;<\/a>.<\/strong><\/p>\n<p style=\"text-align: justify;\">F\u00fcr die Klassen 6-9 beginnt die Filmvorf\u00fchrung zu Beginn der 1. Stunde am Veranstaltungsort, anschlie\u00dfend gehen die Sch\u00fclerinnen und Sch\u00fcler in Begleitung der aufsichtf\u00fchrenden Lehrkr\u00e4fte zum Max, wo ab der 3. Stunde Unterricht nach Plan erfolgt.<\/p>\n<p style=\"text-align: justify;\">Die Klassen 10 suchen den Veranstaltungsort mit den Lehrkr\u00e4ften um ca. 11 Uhr auf, nach der Vorf\u00fchrung ist gegen 13 Uhr wahlweise Unterrichtende, oder aber die Sch\u00fclerinnen und Sch\u00fcler kehren zur Schule zur\u00fcck, wo ab der 7. Stunde Unterricht nach Plan stattfindet.<\/p>\n<p>&nbsp;<\/p>\n<p style=\"text-align: center;\"><div class=\"lyte-wrapper fourthree\" style=\"width:420px;max-width:100%;margin:5px;\"><div class=\"lyMe\" id=\"WYL_BEJMQ8XSvus\"><div id=\"lyte_BEJMQ8XSvus\" data-src=\"https:\/\/max-emden.de\/wordpress\/wp-content\/plugins\/wp-youtube-lyte\/lyteCache.php?origThumbUrl=%2F%2Fi.ytimg.com%2Fvi%2FBEJMQ8XSvus%2Fhqdefault.jpg\" class=\"pL\"><div class=\"tC\"><div class=\"tT\"><\/div><\/div><div class=\"play\"><\/div><div class=\"ctrl\"><div class=\"Lctrl\"><\/div><div class=\"Rctrl\"><\/div><\/div><\/div><noscript><a href=\"https:\/\/youtu.be\/BEJMQ8XSvus\" rel=\"nofollow\"><img fetchpriority=\"high\" decoding=\"async\" src=\"https:\/\/max-emden.de\/wordpress\/wp-content\/plugins\/wp-youtube-lyte\/lyteCache.php?origThumbUrl=https%3A%2F%2Fi.ytimg.com%2Fvi%2FBEJMQ8XSvus%2F0.jpg\" alt=\"YouTube-Video-Vorschaubild\" width=\"420\" height=\"295\" \/><br \/>Dieses Video auf YouTube ansehen<\/a><\/noscript><\/div><\/div><div class=\"lL\" style=\"max-width:100%;width:420px;margin:5px;\"><\/div><\/p>\n","protected":false},"excerpt":{"rendered":"<p>In diesem Jahr\u00a0werden alle Franz\u00f6sischsch\u00fclerinnen und -sch\u00fcler der Jahrg\u00e4nge 6-10 an der\u00a0Cin\u00e9f\u00eate 2016 teilnehmen. Dieses Filmfest &#8211; organisiert vom Institut\u00a0fran\u00e7ais unter Schirmherrschaft der Franz\u00f6sischen Botschaft\u00a0sowie<a class=\"moretag\" href=\"https:\/\/max-emden.de\/wordpress\/cinefete-17\/\"> [&#8230;]<\/a><\/p>\n","protected":false},"author":1,"featured_media":3439,"comment_status":"closed","ping_status":"closed","sticky":false,"template":"","format":"standard","meta":{"footnotes":""},"categories":[31],"tags":[],"class_list":["post-3437","post","type-post","status-publish","format-standard","has-post-thumbnail","hentry","category-franzoesisch"],"_links":{"self":[{"href":"https:\/\/max-emden.de\/wordpress\/wp-json\/wp\/v2\/posts\/3437","targetHints":{"allow":["GET"]}}],"collection":[{"href":"https:\/\/max-emden.de\/wordpress\/wp-json\/wp\/v2\/posts"}],"about":[{"href":"https:\/\/max-emden.de\/wordpress\/wp-json\/wp\/v2\/types\/post"}],"author":[{"embeddable":true,"href":"https:\/\/max-emden.de\/wordpress\/wp-json\/wp\/v2\/users\/1"}],"replies":[{"embeddable":true,"href":"https:\/\/max-emden.de\/wordpress\/wp-json\/wp\/v2\/comments?post=3437"}],"version-history":[{"count":5,"href":"https:\/\/max-emden.de\/wordpress\/wp-json\/wp\/v2\/posts\/3437\/revisions"}],"predecessor-version":[{"id":3517,"href":"https:\/\/max-emden.de\/wordpress\/wp-json\/wp\/v2\/posts\/3437\/revisions\/3517"}],"wp:featuredmedia":[{"embeddable":true,"href":"https:\/\/max-emden.de\/wordpress\/wp-json\/wp\/v2\/media\/3439"}],"wp:attachment":[{"href":"https:\/\/max-emden.de\/wordpress\/wp-json\/wp\/v2\/media?parent=3437"}],"wp:term":[{"taxonomy":"category","embeddable":true,"href":"https:\/\/max-emden.de\/wordpress\/wp-json\/wp\/v2\/categories?post=3437"},{"taxonomy":"post_tag","embeddable":true,"href":"https:\/\/max-emden.de\/wordpress\/wp-json\/wp\/v2\/tags?post=3437"}],"curies":[{"name":"wp","href":"https:\/\/api.w.org\/{rel}","templated":true}]}}