{"id":3703,"date":"2016-12-13T11:32:29","date_gmt":"2016-12-13T11:32:29","guid":{"rendered":"http:\/\/max-emden.de\/wordpress\/?p=3703"},"modified":"2016-12-18T12:56:25","modified_gmt":"2016-12-18T12:56:25","slug":"laura-oldewurtel-aus-der-6b-gewinnt-vorlesewettbewerb","status":"publish","type":"post","link":"https:\/\/max-emden.de\/wordpress\/laura-oldewurtel-aus-der-6b-gewinnt-vorlesewettbewerb\/","title":{"rendered":"Laura Oldewurtel aus der 6b gewinnt Vorlesewettbewerb"},"content":{"rendered":"<p style=\"text-align: justify;\">Am Ende einiger sehr guter Vorleseleistungen\u00a0hat sich die Jury des diesj\u00e4hrigen Vorlesewettbewerbes der 6. Klassen &#8211; bestehend aus Helmut Kohle, Gabi Hollmann, Ute R\u00fcsch genannt Klaas und Inka Hesse &#8211; nach intensiven Beratungen auf eine Siegerin geeinigt, die uns jetzt beim st\u00e4dtischen Lesewettbewerb vertreten wird: Laura Oldewurtel aus der Klasse 6b. Sie setzte sich knapp gegen die weiteren\u00a0Klassensiegerinnen Mia Bredebusch (6c) und Helena Koch (6a) durch.<!--more--><\/p>\n<p>F\u00fcr die n\u00e4chste Runde w\u00fcnschen wir Laura viel Erfolg!<\/p>\n<p>&nbsp;<\/p>\n<figure id=\"attachment_3705\" aria-describedby=\"caption-attachment-3705\" style=\"width: 225px\" class=\"wp-caption aligncenter\"><a href=\"https:\/\/max-emden.de\/wordpress\/wp-content\/uploads\/2016\/12\/Vorleser.jpg\"><img fetchpriority=\"high\" decoding=\"async\" class=\"wp-image-3705 size-medium\" src=\"https:\/\/max-emden.de\/wordpress\/wp-content\/uploads\/2016\/12\/Vorleser-225x300.jpg\" width=\"225\" height=\"300\" srcset=\"https:\/\/max-emden.de\/wordpress\/wp-content\/uploads\/2016\/12\/Vorleser-225x300.jpg 225w, https:\/\/max-emden.de\/wordpress\/wp-content\/uploads\/2016\/12\/Vorleser-768x1024.jpg 768w\" sizes=\"(max-width: 225px) 100vw, 225px\" \/><\/a><figcaption id=\"caption-attachment-3705\" class=\"wp-caption-text\">Helena Koch (6a), Laura Oldewurtel (6b) und Mia Bredebusch (6c)<\/figcaption><\/figure>\n","protected":false},"excerpt":{"rendered":"<p>Am Ende einiger sehr guter Vorleseleistungen\u00a0hat sich die Jury des diesj\u00e4hrigen Vorlesewettbewerbes der 6. Klassen &#8211; bestehend aus Helmut Kohle, Gabi Hollmann, Ute R\u00fcsch genannt<a class=\"moretag\" href=\"https:\/\/max-emden.de\/wordpress\/laura-oldewurtel-aus-der-6b-gewinnt-vorlesewettbewerb\/\"> [&#8230;]<\/a><\/p>\n","protected":false},"author":1,"featured_media":3704,"comment_status":"closed","ping_status":"closed","sticky":false,"template":"","format":"standard","meta":{"footnotes":""},"categories":[58],"tags":[],"class_list":["post-3703","post","type-post","status-publish","format-standard","has-post-thumbnail","hentry","category-deutsch"],"_links":{"self":[{"href":"https:\/\/max-emden.de\/wordpress\/wp-json\/wp\/v2\/posts\/3703","targetHints":{"allow":["GET"]}}],"collection":[{"href":"https:\/\/max-emden.de\/wordpress\/wp-json\/wp\/v2\/posts"}],"about":[{"href":"https:\/\/max-emden.de\/wordpress\/wp-json\/wp\/v2\/types\/post"}],"author":[{"embeddable":true,"href":"https:\/\/max-emden.de\/wordpress\/wp-json\/wp\/v2\/users\/1"}],"replies":[{"embeddable":true,"href":"https:\/\/max-emden.de\/wordpress\/wp-json\/wp\/v2\/comments?post=3703"}],"version-history":[{"count":4,"href":"https:\/\/max-emden.de\/wordpress\/wp-json\/wp\/v2\/posts\/3703\/revisions"}],"predecessor-version":[{"id":3770,"href":"https:\/\/max-emden.de\/wordpress\/wp-json\/wp\/v2\/posts\/3703\/revisions\/3770"}],"wp:featuredmedia":[{"embeddable":true,"href":"https:\/\/max-emden.de\/wordpress\/wp-json\/wp\/v2\/media\/3704"}],"wp:attachment":[{"href":"https:\/\/max-emden.de\/wordpress\/wp-json\/wp\/v2\/media?parent=3703"}],"wp:term":[{"taxonomy":"category","embeddable":true,"href":"https:\/\/max-emden.de\/wordpress\/wp-json\/wp\/v2\/categories?post=3703"},{"taxonomy":"post_tag","embeddable":true,"href":"https:\/\/max-emden.de\/wordpress\/wp-json\/wp\/v2\/tags?post=3703"}],"curies":[{"name":"wp","href":"https:\/\/api.w.org\/{rel}","templated":true}]}}