{"id":3758,"date":"2016-12-17T16:34:34","date_gmt":"2016-12-17T16:34:34","guid":{"rendered":"http:\/\/max-emden.de\/wordpress\/?p=3758"},"modified":"2016-12-22T15:09:57","modified_gmt":"2016-12-22T15:09:57","slug":"warme-waffeln-fuer-wohltaetige-zwecke","status":"publish","type":"post","link":"https:\/\/max-emden.de\/wordpress\/warme-waffeln-fuer-wohltaetige-zwecke\/","title":{"rendered":"Warme Waffeln f\u00fcr wohlt\u00e4tige Zwecke"},"content":{"rendered":"<p style=\"text-align: justify;\">Zweite Runde der Waffelaktion: Auch am Vortag des vierten Advents bieten Sch\u00fclerinnen und Sch\u00fcler der SV wieder warme Waffeln im Media Markt an. Noch bis 19 Uhr gibt es bei leckerem Geb\u00e4ck die M\u00f6glichkeit nebenher noch etwas Gutes zu tun: Die Spenden des zweiten Aktionstages gehen an das Tierheim Emden.<!--more--><br \/>\nAm kommenden Mittwoch findet das letzte Mal eine Spendenaktion im Media Markt statt: Dann sammeln die SV-Mitglieder f\u00fcr den Kindergarten Neue Heimat.<\/p>\n<p style=\"text-align: justify;\"><a href=\"https:\/\/max-emden.de\/wordpress\/wp-content\/uploads\/2016\/12\/Waffel.jpg\"><img fetchpriority=\"high\" decoding=\"async\" class=\"size-medium wp-image-3787 aligncenter\" src=\"https:\/\/max-emden.de\/wordpress\/wp-content\/uploads\/2016\/12\/Waffel-300x225.jpg\" alt=\"\" width=\"300\" height=\"225\" srcset=\"https:\/\/max-emden.de\/wordpress\/wp-content\/uploads\/2016\/12\/Waffel-300x225.jpg 300w, https:\/\/max-emden.de\/wordpress\/wp-content\/uploads\/2016\/12\/Waffel-768x576.jpg 768w, https:\/\/max-emden.de\/wordpress\/wp-content\/uploads\/2016\/12\/Waffel-1024x768.jpg 1024w\" sizes=\"(max-width: 300px) 100vw, 300px\" \/><\/a><\/p>\n","protected":false},"excerpt":{"rendered":"<p>Zweite Runde der Waffelaktion: Auch am Vortag des vierten Advents bieten Sch\u00fclerinnen und Sch\u00fcler der SV wieder warme Waffeln im Media Markt an. Noch bis<a class=\"moretag\" href=\"https:\/\/max-emden.de\/wordpress\/warme-waffeln-fuer-wohltaetige-zwecke\/\"> [&#8230;]<\/a><\/p>\n","protected":false},"author":3,"featured_media":3759,"comment_status":"closed","ping_status":"closed","sticky":false,"template":"","format":"standard","meta":{"footnotes":""},"categories":[24,17],"tags":[],"class_list":["post-3758","post","type-post","status-publish","format-standard","has-post-thumbnail","hentry","category-armut-und-elend-bekaempfen","category-schuelervertretung"],"_links":{"self":[{"href":"https:\/\/max-emden.de\/wordpress\/wp-json\/wp\/v2\/posts\/3758","targetHints":{"allow":["GET"]}}],"collection":[{"href":"https:\/\/max-emden.de\/wordpress\/wp-json\/wp\/v2\/posts"}],"about":[{"href":"https:\/\/max-emden.de\/wordpress\/wp-json\/wp\/v2\/types\/post"}],"author":[{"embeddable":true,"href":"https:\/\/max-emden.de\/wordpress\/wp-json\/wp\/v2\/users\/3"}],"replies":[{"embeddable":true,"href":"https:\/\/max-emden.de\/wordpress\/wp-json\/wp\/v2\/comments?post=3758"}],"version-history":[{"count":6,"href":"https:\/\/max-emden.de\/wordpress\/wp-json\/wp\/v2\/posts\/3758\/revisions"}],"predecessor-version":[{"id":3810,"href":"https:\/\/max-emden.de\/wordpress\/wp-json\/wp\/v2\/posts\/3758\/revisions\/3810"}],"wp:featuredmedia":[{"embeddable":true,"href":"https:\/\/max-emden.de\/wordpress\/wp-json\/wp\/v2\/media\/3759"}],"wp:attachment":[{"href":"https:\/\/max-emden.de\/wordpress\/wp-json\/wp\/v2\/media?parent=3758"}],"wp:term":[{"taxonomy":"category","embeddable":true,"href":"https:\/\/max-emden.de\/wordpress\/wp-json\/wp\/v2\/categories?post=3758"},{"taxonomy":"post_tag","embeddable":true,"href":"https:\/\/max-emden.de\/wordpress\/wp-json\/wp\/v2\/tags?post=3758"}],"curies":[{"name":"wp","href":"https:\/\/api.w.org\/{rel}","templated":true}]}}