{"id":3840,"date":"2017-01-17T17:23:11","date_gmt":"2017-01-17T17:23:11","guid":{"rendered":"http:\/\/max-emden.de\/wordpress\/?p=3840"},"modified":"2017-01-25T18:26:22","modified_gmt":"2017-01-25T18:26:22","slug":"internationale-jugenddelegation-aus-nepal-simbabwe-und-indien-zu-besuch-am-max","status":"publish","type":"post","link":"https:\/\/max-emden.de\/wordpress\/internationale-jugenddelegation-aus-nepal-simbabwe-und-indien-zu-besuch-am-max\/","title":{"rendered":"Internationale tdh-Jugenddelegation aus Nepal, Simbabwe und Indien zu Besuch am Max"},"content":{"rendered":"<p>Dilip, Siatra und Puran &#8211; das sind die Namen einer besonderen Delegation, die am Freitag das Max besucht. Im Rahmen des Erdkunde-Leistungskurses werden die G\u00e4ste mit Max-Sch\u00fclerinnen und &#8211; sch\u00fclern einen Workshop zu den neuen Nachhaltigkeitszielen (Sustainable Development Goals, kurz: SDGs) der Vereinten Nationen durchf\u00fchren.<!--more--><\/p>\n<p>Erm\u00f6glicht wird dieser Besuch durch terre des hommes: Die Kinderrechtsorganisation wird ebenfalls mit drei Vertretern in Emden sein, darunter auch Anna B\u00fcschemann, die die G\u00e4ste vorstellt:<\/p>\n<blockquote><p>&#8222;Die drei Jugendlichen aus terre des hommes Projekten in Nepal, Indien und Zimbabwe, sind alle in lokalen und regionalen Jugendnetzwerken aktiv und von den Kindern und Jugendlichen zu ihren Vertretungen gew\u00e4hlt worden, um w\u00e4hrend des Jugendaustausches in Deutschland \u00fcber die Aktivit\u00e4ten der Kinder und Jugendlichen zu den SDGs zu berichten. Finanziert wird das Projekte \u00fcber \u201eEngagement Global\u201c.<\/p>\n<p>So kommen zwei der drei Jugendlichen z.B. aus tdh &#8211; Jugendprojekten, die sich stark auf Social Media und Vernetzung fokussieren. Dilip Kumar aus Nepal, der allein zwei Tage Fu\u00dfweg sowie eine dreit\u00e4gige Busfahrt ben\u00f6tigte, um aus seiner entlegenen Bergregion nach Kathmandu ( und dann weiter nach Delhi\/ Frankfurt\/ OS) reisen zu k\u00f6nnen, ist sehr stark in einem ECO Youth Club engagiert und arbeitet zudem noch als lokaler Journalist bei einem kommunalen Radiosender. Sie berichten \u00fcber Umweltthemen, Fragen zu \u201eDesaster Risk Reduction\/ Katastrophenvorsorge und erreichen \u00fcber eine Million Menschen. Fernsehen gibt es in den abgelegenen Gemeinden nicht wegen des fehlenden Satellitenempfangs, aber mit dem Radio erreichen sie auch die abgelegensten D\u00f6rfer.<\/p>\n<p>Die 18j\u00e4hrige Siatra aus Zimbabwe arbeitet in einem Youth Media Project, das Kinder und Jugendliche dahingehend schult und ausbildet, dass sie Probleme in ihren Gemeinden erkennen, Artikel dar\u00fcber schreiben, diese \u00fcber die sozialen Medien verbreiten und versuchen, diese Themen, die den Kindern und Jugendlichen so wichtig sind und ihr Leben tagt\u00e4glich negativ beeinflussen, in den Tageszeitungen zu platzieren und Politker auf diese Missst\u00e4nde aufmerksam zu machen.<\/p>\n<p>Sie sind alle sehr gut vernetzt und machen tolle Projekte.&#8220;<\/p><\/blockquote>\n","protected":false},"excerpt":{"rendered":"<p>Dilip, Siatra und Puran &#8211; das sind die Namen einer besonderen Delegation, die am Freitag das Max besucht. Im Rahmen des Erdkunde-Leistungskurses werden die G\u00e4ste<a class=\"moretag\" href=\"https:\/\/max-emden.de\/wordpress\/internationale-jugenddelegation-aus-nepal-simbabwe-und-indien-zu-besuch-am-max\/\"> [&#8230;]<\/a><\/p>\n","protected":false},"author":3,"featured_media":3842,"comment_status":"closed","ping_status":"closed","sticky":false,"template":"","format":"standard","meta":{"footnotes":""},"categories":[60,35,11],"tags":[],"class_list":["post-3840","post","type-post","status-publish","format-standard","has-post-thumbnail","hentry","category-erdkunde","category-interkulturelles-lernen","category-nachhaltigkeit"],"_links":{"self":[{"href":"https:\/\/max-emden.de\/wordpress\/wp-json\/wp\/v2\/posts\/3840","targetHints":{"allow":["GET"]}}],"collection":[{"href":"https:\/\/max-emden.de\/wordpress\/wp-json\/wp\/v2\/posts"}],"about":[{"href":"https:\/\/max-emden.de\/wordpress\/wp-json\/wp\/v2\/types\/post"}],"author":[{"embeddable":true,"href":"https:\/\/max-emden.de\/wordpress\/wp-json\/wp\/v2\/users\/3"}],"replies":[{"embeddable":true,"href":"https:\/\/max-emden.de\/wordpress\/wp-json\/wp\/v2\/comments?post=3840"}],"version-history":[{"count":6,"href":"https:\/\/max-emden.de\/wordpress\/wp-json\/wp\/v2\/posts\/3840\/revisions"}],"predecessor-version":[{"id":3900,"href":"https:\/\/max-emden.de\/wordpress\/wp-json\/wp\/v2\/posts\/3840\/revisions\/3900"}],"wp:featuredmedia":[{"embeddable":true,"href":"https:\/\/max-emden.de\/wordpress\/wp-json\/wp\/v2\/media\/3842"}],"wp:attachment":[{"href":"https:\/\/max-emden.de\/wordpress\/wp-json\/wp\/v2\/media?parent=3840"}],"wp:term":[{"taxonomy":"category","embeddable":true,"href":"https:\/\/max-emden.de\/wordpress\/wp-json\/wp\/v2\/categories?post=3840"},{"taxonomy":"post_tag","embeddable":true,"href":"https:\/\/max-emden.de\/wordpress\/wp-json\/wp\/v2\/tags?post=3840"}],"curies":[{"name":"wp","href":"https:\/\/api.w.org\/{rel}","templated":true}]}}