{"id":3889,"date":"2017-01-24T16:07:41","date_gmt":"2017-01-24T16:07:41","guid":{"rendered":"http:\/\/max-emden.de\/wordpress\/?p=3889"},"modified":"2017-02-06T15:57:43","modified_gmt":"2017-02-06T15:57:43","slug":"erstes-bilaterales-sirs-meeting-in-der-karibik-max-schueler-bloggen-ueber-erasmus-projekt","status":"publish","type":"post","link":"https:\/\/max-emden.de\/wordpress\/erstes-bilaterales-sirs-meeting-in-der-karibik-max-schueler-bloggen-ueber-erasmus-projekt\/","title":{"rendered":"Erstes bilaterales SIRS-Meeting in der Karibik &#8211; Max-Sch\u00fcler bloggen \u00fcber ERASMUS+-Projekt"},"content":{"rendered":"<p style=\"text-align: justify;\">Am fr\u00fchen Mittwochmorgen geht es los: 15 Sch\u00fclerinnen und Sch\u00fcler des Max-Windm\u00fcller-Gymnasiums fahren zum ersten bilateralen ERASMUS+-Meeting nach Martinique. Im Rahmen des europ\u00e4ischen Projektes SIRS (Social Integration of Refugees through Sports) werden die Max-Sch\u00fcler vom 25.1. &#8211; 3.2.2017 am Lyc\u00e9e de Bellevue gemeinsam mit den Partnersch\u00fclern arbeiten und sich ihre bisherigen Projektergebnisse vorstellen.<!--more--> Neben der Partnerschule auf Martinique, die inzwischen zum dritten Mal von einer Emder Gruppe besucht wird, nehmen an dem ERASMUS+-Projekt zudem Schulen aus Leeuwarden in den Niederlanden, Izmir in der T\u00fcrkei und Oslo in Norwegen teil.<\/p>\n<p style=\"text-align: justify;\">W\u00e4hrend des Aufenthaltes auf Martinique halten die Sch\u00fclerinnen und Sch\u00fcler alle Interessierten mit einem eigens eingerichteten Blog auf dem Laufenden: Unter <strong><a href=\"https:\/\/maxmartinique2017.wordpress.com\">https:\/\/maxmartinique2017.wordpress.com<\/a><\/strong> wird m\u00f6glichst tagesaktuell berichtet.<\/p>\n<p style=\"text-align: justify;\">Im M\u00e4rz gibt es bereits ein Wiedersehen: Dann werden Vertreter aller Partnerschulen zum Big Meeting nach Emden kommen!<\/p>\n","protected":false},"excerpt":{"rendered":"<p>Am fr\u00fchen Mittwochmorgen geht es los: 15 Sch\u00fclerinnen und Sch\u00fcler des Max-Windm\u00fcller-Gymnasiums fahren zum ersten bilateralen ERASMUS+-Meeting nach Martinique. Im Rahmen des europ\u00e4ischen Projektes SIRS<a class=\"moretag\" href=\"https:\/\/max-emden.de\/wordpress\/erstes-bilaterales-sirs-meeting-in-der-karibik-max-schueler-bloggen-ueber-erasmus-projekt\/\"> [&#8230;]<\/a><\/p>\n","protected":false},"author":3,"featured_media":3891,"comment_status":"closed","ping_status":"closed","sticky":false,"template":"","format":"standard","meta":{"footnotes":""},"categories":[5,35,82],"tags":[],"class_list":["post-3889","post","type-post","status-publish","format-standard","has-post-thumbnail","hentry","category-europaschule","category-interkulturelles-lernen","category-martinique-frankreich"],"_links":{"self":[{"href":"https:\/\/max-emden.de\/wordpress\/wp-json\/wp\/v2\/posts\/3889","targetHints":{"allow":["GET"]}}],"collection":[{"href":"https:\/\/max-emden.de\/wordpress\/wp-json\/wp\/v2\/posts"}],"about":[{"href":"https:\/\/max-emden.de\/wordpress\/wp-json\/wp\/v2\/types\/post"}],"author":[{"embeddable":true,"href":"https:\/\/max-emden.de\/wordpress\/wp-json\/wp\/v2\/users\/3"}],"replies":[{"embeddable":true,"href":"https:\/\/max-emden.de\/wordpress\/wp-json\/wp\/v2\/comments?post=3889"}],"version-history":[{"count":6,"href":"https:\/\/max-emden.de\/wordpress\/wp-json\/wp\/v2\/posts\/3889\/revisions"}],"predecessor-version":[{"id":3969,"href":"https:\/\/max-emden.de\/wordpress\/wp-json\/wp\/v2\/posts\/3889\/revisions\/3969"}],"wp:featuredmedia":[{"embeddable":true,"href":"https:\/\/max-emden.de\/wordpress\/wp-json\/wp\/v2\/media\/3891"}],"wp:attachment":[{"href":"https:\/\/max-emden.de\/wordpress\/wp-json\/wp\/v2\/media?parent=3889"}],"wp:term":[{"taxonomy":"category","embeddable":true,"href":"https:\/\/max-emden.de\/wordpress\/wp-json\/wp\/v2\/categories?post=3889"},{"taxonomy":"post_tag","embeddable":true,"href":"https:\/\/max-emden.de\/wordpress\/wp-json\/wp\/v2\/tags?post=3889"}],"curies":[{"name":"wp","href":"https:\/\/api.w.org\/{rel}","templated":true}]}}