{"id":3918,"date":"2017-02-01T19:27:45","date_gmt":"2017-02-01T19:27:45","guid":{"rendered":"http:\/\/max-emden.de\/wordpress\/?p=3918"},"modified":"2017-02-06T17:57:16","modified_gmt":"2017-02-06T17:57:16","slug":"lesewettbewerb-franzoesisch-fuer-kl-6-und-7","status":"publish","type":"post","link":"https:\/\/max-emden.de\/wordpress\/lesewettbewerb-franzoesisch-fuer-kl-6-und-7\/","title":{"rendered":"Lesewettbewerb Franz\u00f6sisch f\u00fcr Kl. 6 und 7"},"content":{"rendered":"<p style=\"text-align: justify;\">Nachdem in jeder Franz\u00f6sisch-Lerngruppe zuvor bereits der bzw. die beste Vorleser bzw. Vorleserin ermittelt wurde, fand am 26.01. in der 3. und 4. Stunde, \u00a0in der Schulbibliothek des Max das Finale des diesj\u00e4hrigen &#8222;Lesewettbewerbs Franz\u00f6sisch&#8220; statt.<!--more--> Nach den sehr guten Vortr\u00e4gen und tiergehenden Beratungen konnte sich die\u00a0Jury &#8211; bestehend aus\u00a0Frau P. Geiken (Elternvertreterin), Frau E. Prestien (Muttersprachlerin und ehemalige Lehrerin am GaT) und Frau S. van Hove (kommissarische Fachobfrau Franz\u00f6sisch) &#8211; am Ende aber doch auf zwei Gewinnerinnen einigen:<\/p>\n<p style=\"text-align: justify;\">In Jahrgang 6 hat Mia Bredebusch (6c) den Wettbewerb f\u00fcr sich entscheiden k\u00f6nnen und erhielt als Anerkennung der Leistung einen Buchpreis.<\/p>\n<p style=\"text-align: justify;\">In Jahrgang 7 hat\u00a0Uljana Bashcheva (7a) gewonnen und darf sich \u00fcber die \u00dcbernahme der DELF-Anmeldegb\u00fchr freuen, die freundlicherweise von Herrn Dr. Wosnitza gestiftet wurde.<\/p>\n","protected":false},"excerpt":{"rendered":"<p>Nachdem in jeder Franz\u00f6sisch-Lerngruppe zuvor bereits der bzw. die beste Vorleser bzw. Vorleserin ermittelt wurde, fand am 26.01. in der 3. und 4. Stunde, \u00a0in<a class=\"moretag\" href=\"https:\/\/max-emden.de\/wordpress\/lesewettbewerb-franzoesisch-fuer-kl-6-und-7\/\"> [&#8230;]<\/a><\/p>\n","protected":false},"author":1,"featured_media":3919,"comment_status":"closed","ping_status":"closed","sticky":false,"template":"","format":"standard","meta":{"footnotes":""},"categories":[31],"tags":[],"class_list":["post-3918","post","type-post","status-publish","format-standard","has-post-thumbnail","hentry","category-franzoesisch"],"_links":{"self":[{"href":"https:\/\/max-emden.de\/wordpress\/wp-json\/wp\/v2\/posts\/3918","targetHints":{"allow":["GET"]}}],"collection":[{"href":"https:\/\/max-emden.de\/wordpress\/wp-json\/wp\/v2\/posts"}],"about":[{"href":"https:\/\/max-emden.de\/wordpress\/wp-json\/wp\/v2\/types\/post"}],"author":[{"embeddable":true,"href":"https:\/\/max-emden.de\/wordpress\/wp-json\/wp\/v2\/users\/1"}],"replies":[{"embeddable":true,"href":"https:\/\/max-emden.de\/wordpress\/wp-json\/wp\/v2\/comments?post=3918"}],"version-history":[{"count":3,"href":"https:\/\/max-emden.de\/wordpress\/wp-json\/wp\/v2\/posts\/3918\/revisions"}],"predecessor-version":[{"id":3987,"href":"https:\/\/max-emden.de\/wordpress\/wp-json\/wp\/v2\/posts\/3918\/revisions\/3987"}],"wp:featuredmedia":[{"embeddable":true,"href":"https:\/\/max-emden.de\/wordpress\/wp-json\/wp\/v2\/media\/3919"}],"wp:attachment":[{"href":"https:\/\/max-emden.de\/wordpress\/wp-json\/wp\/v2\/media?parent=3918"}],"wp:term":[{"taxonomy":"category","embeddable":true,"href":"https:\/\/max-emden.de\/wordpress\/wp-json\/wp\/v2\/categories?post=3918"},{"taxonomy":"post_tag","embeddable":true,"href":"https:\/\/max-emden.de\/wordpress\/wp-json\/wp\/v2\/tags?post=3918"}],"curies":[{"name":"wp","href":"https:\/\/api.w.org\/{rel}","templated":true}]}}