{"id":4271,"date":"2017-03-05T12:05:16","date_gmt":"2017-03-05T12:05:16","guid":{"rendered":"http:\/\/max-emden.de\/wordpress\/?p=4271"},"modified":"2017-03-22T22:04:53","modified_gmt":"2017-03-22T22:04:53","slug":"coveryourworld-fotowettbewerb-der-max-bibliothek-zum-welttag-des-buches","status":"publish","type":"post","link":"https:\/\/max-emden.de\/wordpress\/coveryourworld-fotowettbewerb-der-max-bibliothek-zum-welttag-des-buches\/","title":{"rendered":"#CoverYourWorld &#8211; Fotowettbewerb der Max-Bibliothek zum Welttag des Buches"},"content":{"rendered":"<p style=\"text-align: justify;\">Deine Kreativit\u00e4t ist gefragt! In Kooperation mit der Buchhandlung \u201eLeseZeichen\u201c suchen wir die besten Verschmelzungen von Buchcover und Realit\u00e4t. Also schnapp dir deine Handykamera, such dir ein passendes Buch in der Schulbibliothek oder zu Hause und schicke uns dein Foto an ellmann(at)max-emden.de.\u00a0Abgabeschluss ist am 23.04.2017 um 16 Uhr.<!--more--><br \/>\nPro Sch\u00fcler\/in darf nur ein Bild eingereicht und f\u00fcr jedes Bild darf nur ein Buch genutzt werden. Au\u00dferdem darf au\u00dfer den Personen auf dem Buchcover niemand auf den Fotos erkennbar sein.<\/p>\n<p style=\"text-align: justify;\">Neben der Auszeichnung der drei besten Fotos (Ruhm, Ehre und Buchpreise) werden die besten Fotos im Anschluss an den Wettbewerb in der Buchhandlung &#8222;LeseZeichen&#8220; ausgestellt.<\/p>\n<p style=\"text-align: justify;\">Wir w\u00fcnschen Euch tolle und kreative Ideen und viel Erfolg!<\/p>\n<p><a href=\"https:\/\/max-emden.de\/wordpress\/wp-content\/uploads\/2017\/03\/Fotowettbewerb.pdf\" target=\"_blank\"><strong>&gt;&gt;Plakat zum Wettbewerb&lt;&lt;<\/strong><\/a><\/p>\n","protected":false},"excerpt":{"rendered":"<p>Deine Kreativit\u00e4t ist gefragt! In Kooperation mit der Buchhandlung \u201eLeseZeichen\u201c suchen wir die besten Verschmelzungen von Buchcover und Realit\u00e4t. Also schnapp dir deine Handykamera, such<a class=\"moretag\" href=\"https:\/\/max-emden.de\/wordpress\/coveryourworld-fotowettbewerb-der-max-bibliothek-zum-welttag-des-buches\/\"> [&#8230;]<\/a><\/p>\n","protected":false},"author":1,"featured_media":4276,"comment_status":"closed","ping_status":"closed","sticky":false,"template":"","format":"standard","meta":{"footnotes":""},"categories":[4],"tags":[],"class_list":["post-4271","post","type-post","status-publish","format-standard","has-post-thumbnail","hentry","category-bibliothek"],"_links":{"self":[{"href":"https:\/\/max-emden.de\/wordpress\/wp-json\/wp\/v2\/posts\/4271","targetHints":{"allow":["GET"]}}],"collection":[{"href":"https:\/\/max-emden.de\/wordpress\/wp-json\/wp\/v2\/posts"}],"about":[{"href":"https:\/\/max-emden.de\/wordpress\/wp-json\/wp\/v2\/types\/post"}],"author":[{"embeddable":true,"href":"https:\/\/max-emden.de\/wordpress\/wp-json\/wp\/v2\/users\/1"}],"replies":[{"embeddable":true,"href":"https:\/\/max-emden.de\/wordpress\/wp-json\/wp\/v2\/comments?post=4271"}],"version-history":[{"count":3,"href":"https:\/\/max-emden.de\/wordpress\/wp-json\/wp\/v2\/posts\/4271\/revisions"}],"predecessor-version":[{"id":4353,"href":"https:\/\/max-emden.de\/wordpress\/wp-json\/wp\/v2\/posts\/4271\/revisions\/4353"}],"wp:featuredmedia":[{"embeddable":true,"href":"https:\/\/max-emden.de\/wordpress\/wp-json\/wp\/v2\/media\/4276"}],"wp:attachment":[{"href":"https:\/\/max-emden.de\/wordpress\/wp-json\/wp\/v2\/media?parent=4271"}],"wp:term":[{"taxonomy":"category","embeddable":true,"href":"https:\/\/max-emden.de\/wordpress\/wp-json\/wp\/v2\/categories?post=4271"},{"taxonomy":"post_tag","embeddable":true,"href":"https:\/\/max-emden.de\/wordpress\/wp-json\/wp\/v2\/tags?post=4271"}],"curies":[{"name":"wp","href":"https:\/\/api.w.org\/{rel}","templated":true}]}}