{"id":4362,"date":"2017-03-26T17:33:10","date_gmt":"2017-03-26T17:33:10","guid":{"rendered":"http:\/\/max-emden.de\/wordpress\/?p=4362"},"modified":"2017-03-29T16:32:03","modified_gmt":"2017-03-29T16:32:03","slug":"max-schuelerinnen-nehmen-an-konferenz-in-tunis-teil","status":"publish","type":"post","link":"https:\/\/max-emden.de\/wordpress\/max-schuelerinnen-nehmen-an-konferenz-in-tunis-teil\/","title":{"rendered":"Max-Sch\u00fclerinnen nehmen an Konferenz in Tunis teil"},"content":{"rendered":"<p style=\"text-align: justify;\">Eine besondere Reise: Die beiden Elftkl\u00e4sslerinnen Johanna Philipps und Tomma Ubben nehmen zur Zeit an einer Konferenz im nordafrikanischen Tunis teil. Noch bis zum kommenden Wochenende vertreten die beiden Sch\u00fclerinnen das Max beim Euro-Arabischen Dialog der UNESCO-Projektschulen, um sich dort mit Jugendlichen aus arabischen L\u00e4ndern \u00fcber globale Probleme wie Migration, Umweltverschmutzung oder Bildung auszutauschen.<\/p>\n<p style=\"text-align: justify;\">Der erste Schritt zur Verst\u00e4ndigung ist schon gemacht: Auf den Schildern stehen die Namen der beiden auf Arabisch &#8211; weitere Berichte folgen nach der R\u00fcckkehr der M\u00e4dchen.<\/p>\n","protected":false},"excerpt":{"rendered":"<p>Eine besondere Reise: Die beiden Elftkl\u00e4sslerinnen Johanna Philipps und Tomma Ubben nehmen zur Zeit an einer Konferenz im nordafrikanischen Tunis teil. Noch bis zum kommenden<a class=\"moretag\" href=\"https:\/\/max-emden.de\/wordpress\/max-schuelerinnen-nehmen-an-konferenz-in-tunis-teil\/\"> [&#8230;]<\/a><\/p>\n","protected":false},"author":3,"featured_media":4363,"comment_status":"closed","ping_status":"closed","sticky":false,"template":"","format":"standard","meta":{"footnotes":""},"categories":[5,35,8],"tags":[],"class_list":["post-4362","post","type-post","status-publish","format-standard","has-post-thumbnail","hentry","category-europaschule","category-interkulturelles-lernen","category-max-unterwegs"],"_links":{"self":[{"href":"https:\/\/max-emden.de\/wordpress\/wp-json\/wp\/v2\/posts\/4362","targetHints":{"allow":["GET"]}}],"collection":[{"href":"https:\/\/max-emden.de\/wordpress\/wp-json\/wp\/v2\/posts"}],"about":[{"href":"https:\/\/max-emden.de\/wordpress\/wp-json\/wp\/v2\/types\/post"}],"author":[{"embeddable":true,"href":"https:\/\/max-emden.de\/wordpress\/wp-json\/wp\/v2\/users\/3"}],"replies":[{"embeddable":true,"href":"https:\/\/max-emden.de\/wordpress\/wp-json\/wp\/v2\/comments?post=4362"}],"version-history":[{"count":4,"href":"https:\/\/max-emden.de\/wordpress\/wp-json\/wp\/v2\/posts\/4362\/revisions"}],"predecessor-version":[{"id":4393,"href":"https:\/\/max-emden.de\/wordpress\/wp-json\/wp\/v2\/posts\/4362\/revisions\/4393"}],"wp:featuredmedia":[{"embeddable":true,"href":"https:\/\/max-emden.de\/wordpress\/wp-json\/wp\/v2\/media\/4363"}],"wp:attachment":[{"href":"https:\/\/max-emden.de\/wordpress\/wp-json\/wp\/v2\/media?parent=4362"}],"wp:term":[{"taxonomy":"category","embeddable":true,"href":"https:\/\/max-emden.de\/wordpress\/wp-json\/wp\/v2\/categories?post=4362"},{"taxonomy":"post_tag","embeddable":true,"href":"https:\/\/max-emden.de\/wordpress\/wp-json\/wp\/v2\/tags?post=4362"}],"curies":[{"name":"wp","href":"https:\/\/api.w.org\/{rel}","templated":true}]}}