{"id":4475,"date":"2017-04-05T18:08:53","date_gmt":"2017-04-05T18:08:53","guid":{"rendered":"http:\/\/max-emden.de\/wordpress\/?p=4475"},"modified":"2017-04-10T09:16:32","modified_gmt":"2017-04-10T09:16:32","slug":"neuer-austausch-mit-franzoesischem-internat-max-erhielt-erstmals-besuch-aus-der-normandie","status":"publish","type":"post","link":"https:\/\/max-emden.de\/wordpress\/neuer-austausch-mit-franzoesischem-internat-max-erhielt-erstmals-besuch-aus-der-normandie\/","title":{"rendered":"Neuer Austausch mit franz\u00f6sischem Internat- Max erhielt erstmals Besuch aus der Normandie"},"content":{"rendered":"<p style=\"text-align: justify;\">Lyc\u00e9e Le Robillard &#8211; das ist der Name der neuen Partnerschule des Max-Windm\u00fcller-Gymnasiums. Trotz der langen Tradition von Austauschfahrten in viele Teile Frankreichs ist die in Lieury-L&#8217;Oudon in der Normandie gelegene Schule auch f\u00fcr das Max etwas Besonderes: Erstmals findet der Austausch mit einem Internat statt! <!--more-->Und noch etwas ist ungew\u00f6hnlich an dem neuen Partner aus der Normandie, denn als sogenanntes Lyc\u00e9e Agricole bietet Le Robillard seinen Sch\u00fclerinnen und Sch\u00fclern auch die M\u00f6glichkeit, einen Abschluss mit einem landwirtschaftlichen Schwerpunkt zu machen &#8211; neben dem altbekannten Bac, dem franz\u00f6sischen Pendant zum deutschen Abitur, kann an dieser Schule auch das Bac agricole erworben werden.<br \/>\nAngesichts dieser besonderen Konstellation geh\u00f6rte zum Programm des Besuchs der 23 Sch\u00fcler in Emden, die von ihren Lehrern Emilie Labarri\u00e8re, Pierre Mac\u00e9 und Nicole Marquet begleitet worden waren, nat\u00fcrlich ein Besuch eines hiesigen Bauernhofes. Zudem erkundeten die normannischen G\u00e4ste Borkum, Bremen und auch Emden und seine Kan\u00e4le- nat\u00fcrlich im Drachenboot. Neben touristischen Highlights drehte sich der Austausch aber auch um ein Thema, das in Zukunft nicht nur f\u00fcr Frankreich und Deutschland wichtig sein: Einen ganzen Tag widmeten sich die Franzosen und ihre deutschen Partner dem Thema der Erneuerbaren Energien. \u201eAuch beim Gegenbesuch in der Normandie wollen wir uns damit auseinandersetzen\u201c, so Ann-Kathrin Lange. Die Franz\u00f6sischlehrerin, die gemeinsam mit ihrer Kollegin Anna Lena Bonhaus den Austausch geplant hat, wird mit den Max-Sch\u00fclern im Mai 2017 nach Lieury-L&#8217;Oudon fahren. Dort werden die Austauschpartner einen Teil der Zeit bei den Familien ihrer Gastgeber verbringen und nat\u00fcrlich auch im Internat wohnen.<\/p>\n","protected":false},"excerpt":{"rendered":"<p>Lyc\u00e9e Le Robillard &#8211; das ist der Name der neuen Partnerschule des Max-Windm\u00fcller-Gymnasiums. Trotz der langen Tradition von Austauschfahrten in viele Teile Frankreichs ist die<a class=\"moretag\" href=\"https:\/\/max-emden.de\/wordpress\/neuer-austausch-mit-franzoesischem-internat-max-erhielt-erstmals-besuch-aus-der-normandie\/\"> [&#8230;]<\/a><\/p>\n","protected":false},"author":3,"featured_media":4477,"comment_status":"closed","ping_status":"closed","sticky":false,"template":"","format":"standard","meta":{"footnotes":""},"categories":[5,35,87],"tags":[],"class_list":["post-4475","post","type-post","status-publish","format-standard","has-post-thumbnail","hentry","category-europaschule","category-interkulturelles-lernen","category-lieury-loudon-frankreich"],"_links":{"self":[{"href":"https:\/\/max-emden.de\/wordpress\/wp-json\/wp\/v2\/posts\/4475","targetHints":{"allow":["GET"]}}],"collection":[{"href":"https:\/\/max-emden.de\/wordpress\/wp-json\/wp\/v2\/posts"}],"about":[{"href":"https:\/\/max-emden.de\/wordpress\/wp-json\/wp\/v2\/types\/post"}],"author":[{"embeddable":true,"href":"https:\/\/max-emden.de\/wordpress\/wp-json\/wp\/v2\/users\/3"}],"replies":[{"embeddable":true,"href":"https:\/\/max-emden.de\/wordpress\/wp-json\/wp\/v2\/comments?post=4475"}],"version-history":[{"count":3,"href":"https:\/\/max-emden.de\/wordpress\/wp-json\/wp\/v2\/posts\/4475\/revisions"}],"predecessor-version":[{"id":4534,"href":"https:\/\/max-emden.de\/wordpress\/wp-json\/wp\/v2\/posts\/4475\/revisions\/4534"}],"wp:featuredmedia":[{"embeddable":true,"href":"https:\/\/max-emden.de\/wordpress\/wp-json\/wp\/v2\/media\/4477"}],"wp:attachment":[{"href":"https:\/\/max-emden.de\/wordpress\/wp-json\/wp\/v2\/media?parent=4475"}],"wp:term":[{"taxonomy":"category","embeddable":true,"href":"https:\/\/max-emden.de\/wordpress\/wp-json\/wp\/v2\/categories?post=4475"},{"taxonomy":"post_tag","embeddable":true,"href":"https:\/\/max-emden.de\/wordpress\/wp-json\/wp\/v2\/tags?post=4475"}],"curies":[{"name":"wp","href":"https:\/\/api.w.org\/{rel}","templated":true}]}}