{"id":4481,"date":"2017-04-06T14:55:01","date_gmt":"2017-04-06T14:55:01","guid":{"rendered":"http:\/\/max-emden.de\/wordpress\/?p=4481"},"modified":"2017-04-06T14:55:32","modified_gmt":"2017-04-06T14:55:32","slug":"max-kooperiert-mit-dem-nationalparkhaus-in-greetsiel","status":"publish","type":"post","link":"https:\/\/max-emden.de\/wordpress\/max-kooperiert-mit-dem-nationalparkhaus-in-greetsiel\/","title":{"rendered":"Max kooperiert mit dem Nationalparkhaus in Greetsiel"},"content":{"rendered":"<p style=\"text-align: justify;\">Das Wattenmeer geh\u00f6rt zu den artenreichsten und ungew\u00f6hnlichsten Landschaften auf der Welt &#8211; nicht umsonst ist es deshalb von der UNESCO zum Weltnaturerbe erkl\u00e4rt worden.<\/p>\n<p style=\"text-align: justify;\">Am Max-Windm\u00fcller-Gymnasium nimmt das Wattenmeer zuk\u00fcnftig mehr Raum ein als bisher: Im Rahmen einer Kooperation mit dem Nationalparkhaus in Greetsiel werden alle Sch\u00fclerinnen und Sch\u00fcler des 5. Jahrganges die Vielf\u00e4ltigkeit dieser Landschaft intensiv erkunden. Eine Exkursion ins Watt und die Salzwiese geh\u00f6rt ebenso zu diesem Projekt wie die Arbeit im Nationalparkhaus und im Greetsieler Hafen.<\/p>\n<p style=\"text-align: justify;\">Vertieft wird das Gelernte in der Schule: Auf unterschiedlichste Art und Weise setzen die Sch\u00fclerinnen und Sch\u00fcler das Erlebte und die neuen Kenntnisse ein und werden dabei selbst aktiv.<\/p>\n<p style=\"text-align: justify;\">Unterst\u00fctzt werden wir dabei von unserem Kooperationspartner, dem <a href=\"http:\/\/www.nationalparkhauswattenmeer.de\/nationalpark-haus-greetsiel\">Nationalparkhaus Greetsiel<\/a>.<\/p>\n<p style=\"text-align: justify;\">Weitere Informationen finden sich auf der <a href=\"http:\/\/www.nationalpark-wattenmeer.de\/\">Homepage des Nationalparkes Wattenmeer<\/a>.<\/p>\n<p>&nbsp;<\/p>\n","protected":false},"excerpt":{"rendered":"<p>Das Wattenmeer geh\u00f6rt zu den artenreichsten und ungew\u00f6hnlichsten Landschaften auf der Welt &#8211; nicht umsonst ist es deshalb von der UNESCO zum Weltnaturerbe erkl\u00e4rt worden.<a class=\"moretag\" href=\"https:\/\/max-emden.de\/wordpress\/max-kooperiert-mit-dem-nationalparkhaus-in-greetsiel\/\"> [&#8230;]<\/a><\/p>\n","protected":false},"author":3,"featured_media":4495,"comment_status":"closed","ping_status":"closed","sticky":false,"template":"","format":"standard","meta":{"footnotes":""},"categories":[23],"tags":[],"class_list":["post-4481","post","type-post","status-publish","format-standard","has-post-thumbnail","hentry","category-welterbe"],"_links":{"self":[{"href":"https:\/\/max-emden.de\/wordpress\/wp-json\/wp\/v2\/posts\/4481","targetHints":{"allow":["GET"]}}],"collection":[{"href":"https:\/\/max-emden.de\/wordpress\/wp-json\/wp\/v2\/posts"}],"about":[{"href":"https:\/\/max-emden.de\/wordpress\/wp-json\/wp\/v2\/types\/post"}],"author":[{"embeddable":true,"href":"https:\/\/max-emden.de\/wordpress\/wp-json\/wp\/v2\/users\/3"}],"replies":[{"embeddable":true,"href":"https:\/\/max-emden.de\/wordpress\/wp-json\/wp\/v2\/comments?post=4481"}],"version-history":[{"count":3,"href":"https:\/\/max-emden.de\/wordpress\/wp-json\/wp\/v2\/posts\/4481\/revisions"}],"predecessor-version":[{"id":4497,"href":"https:\/\/max-emden.de\/wordpress\/wp-json\/wp\/v2\/posts\/4481\/revisions\/4497"}],"wp:featuredmedia":[{"embeddable":true,"href":"https:\/\/max-emden.de\/wordpress\/wp-json\/wp\/v2\/media\/4495"}],"wp:attachment":[{"href":"https:\/\/max-emden.de\/wordpress\/wp-json\/wp\/v2\/media?parent=4481"}],"wp:term":[{"taxonomy":"category","embeddable":true,"href":"https:\/\/max-emden.de\/wordpress\/wp-json\/wp\/v2\/categories?post=4481"},{"taxonomy":"post_tag","embeddable":true,"href":"https:\/\/max-emden.de\/wordpress\/wp-json\/wp\/v2\/tags?post=4481"}],"curies":[{"name":"wp","href":"https:\/\/api.w.org\/{rel}","templated":true}]}}