{"id":4693,"date":"2017-05-19T16:52:55","date_gmt":"2017-05-19T16:52:55","guid":{"rendered":"http:\/\/max-emden.de\/wordpress\/?p=4693"},"modified":"2017-06-03T11:11:54","modified_gmt":"2017-06-03T11:11:54","slug":"max-schueler-besuchten-neuen-austauschpartner-in-der-normandie","status":"publish","type":"post","link":"https:\/\/max-emden.de\/wordpress\/max-schueler-besuchten-neuen-austauschpartner-in-der-normandie\/","title":{"rendered":"Max-Sch\u00fcler besuchten neuen Austauschpartner in der Normandie"},"content":{"rendered":"<p align=\"JUSTIFY\">Nach dem <a href=\"https:\/\/max-emden.de\/wordpress\/neuer-austausch-mit-franzoesischem-internat-max-erhielt-erstmals-besuch-aus-der-normandie\/\">Besuch der Sch\u00fcler des Lyc\u00e9e Le Robillard<\/a> in Emden im M\u00e4rz ging es nun zum Gegenbesuch in die Normandie. In Begleitung ihrer Lehrerinnen Ann-Katrin Lange und Anna Lena Beilken reisten die Max-Sch\u00fcler in der vergangenen Woche zum Internatsgymnasium in der N\u00e4he der Atlantikk\u00fcste, um einen Einblick in das Leben ihrer Austauschpartner zu gewinnen.<!--more--><\/p>\n<p align=\"JUSTIFY\">\u00dcber eine ereignisreiche Fahrt berichten Jessika Schulga und Mareike Seewald aus der 9a:<\/p>\n<blockquote>\n<p align=\"JUSTIFY\"><span style=\"font-size: medium;\"><em>Die Austauschfahrt in die Normandie (Frankreich) begann am 5.05.17 um 8:00 Uhr an der Nordseehalle. Voller Vorfreude haben wir die 12st\u00fcndige Busfahrt mit Musik und kurzen Pausen erfolgreich \u00fcberstanden. Als wir am Abend dort ankamen, wurden wir von unseren Austauschsch\u00fclern und deren Eltern herzlich mit selbst hergestelltem Apfelsaft und Cidre empfangen. Das Wochenende, einschlie\u00dflich Montag, ein Feiertag zum Gedenken an das Ende des Zweiten Weltkrieges, verbrachten wir in unseren jeweiligen Gastfamilien. Wir unternahmen unterschiedliche Aktivit\u00e4ten, z.B. gemeinsames Bowlen, Besuch eines Freizeitparks oder Erkunden der K\u00fcste. <\/em><\/span><\/p>\n<p align=\"JUSTIFY\"><span style=\"font-size: medium;\"><em>Der Gro\u00dfteil von uns erreichte das Internat bereits am Montagabend, wo wir unsere Zimmer aussuchen und uns einrichten konnten. Die restlichen Mitsch\u00fcler kamen am folgenden Morgen an, nachdem die Anderen schon gefr\u00fchst\u00fcckt hatten. Am fr\u00fchen Vormittag fuhren wir mit unserem eigenen Bus zu einem naheliegenden Bauernhof. Nachdem uns dort innerhalb einer Stunde die wichtigsten Informationen mitgeteilt wurden, fuhren wir zum Ch\u00e2teau de Falaise. Auch hier wurden uns bei einer F\u00fchrung viele Fakten \u00fcber die Burg aus der Zeit William des Eroberers erz\u00e4hlt. Am sp\u00e4ten Abend hatten wir noch die M\u00f6glichkeiten, mit den hauseigenen Pferden durch den Wald zu reiten. <\/em><\/span><\/p>\n<p align=\"JUSTIFY\"><span style=\"font-size: medium;\"><em>Am n\u00e4chsten Tag besuchten wir den bekannten Mont Saint Michel, welcher von uns Atlantis genannt wurde. Diesen durften wir in Kleingruppen auf eigene Faust erkunden und dabei blieb nat\u00fcrlich auch Zeit, um Souvenirs oder \u00e4hnliches zu kaufen. Der Mont Saint Michel erschien uns wie eine kleine, selbsterbaute Stadt. Nach dem Aufenthalt wanderten wir 6km durch das Watt, wobei wir weiterhin einen bezaubernden Blick auf den Mont Saint Michel hatten. Die F\u00fchrung dauerten 2\u00bd Stunden. In dieser Zeit stellten wir unseren eigenen Treibsand her, lernten Vogelarten kennen und durchquerten kleinere Fl\u00fcsse. Viele beklagten im Nachhinein ihren Sonnenbrand. <\/em><\/span><\/p>\n<p align=\"JUSTIFY\"><span style=\"font-size: medium;\"><em>Am Donnerstag besichtigten wir die K\u00fcste und erlebten ein 360\u00b0 Kino, welches \u00fcber die Landung der Alliierten im Zweiten Weltkrieg berichtete. Am Nachmittag erarbeiteten wir gemeinsam in gemischten Gruppen Referate zu unterschiedlichen Themen bez\u00fcglich Emden und der Normandie. Unsere Austauschsch\u00fcler veranstalteten am Abend eine Abschiedsparty mit Cr\u00eapes, wozu alle Sch\u00fcler herzlich eingeladen wurden.<\/em><\/span><\/p>\n<p align=\"JUSTIFY\"><span style=\"font-size: medium;\"><em>Am letzten Tag mussten wir bereits um 7:30 Uhr am Bus stehen, um unsere Reise anzutreten, wobei die Jungs am Morgen verschlafen hatten. Dennoch erreichten wir am sp\u00e4ten Vormittag Paris reibungslos. Dort nahmen wir an einer Bootsfahrt teil, wobei uns die ber\u00fchmten Sehensw\u00fcrdigkeiten gezeigt wurden. Nach der Tour fuhren wir mit der Metro zur Kathedrale Notre Dame, um dort in kleinen Gruppen loszumarschieren. Wir hatten die M\u00f6glichkeit, einen abgegrenzten Teil von Paris auf eigene Faust zu erkunden und ausgiebig shoppen zu gehen. Am Abend trafen wir uns erneut an der Notre Dame, um von dort aus gemeinsam zum Eiffelturm zu fahren. Nach zahlreichen Bildern vor dem Eiffelturm machten wir uns auf den Weg zu einem abschlie\u00dfenden Abendessen. Trotz der starken Stimmungsschwankungen des Wetters hatten wir alle viel Spa\u00df und genossen die Zeit in Paris.<\/em><\/span><\/p>\n<\/blockquote>\n<p align=\"RIGHT\"><span style=\"font-size: medium;\">\u00a0<\/span><\/p>\n","protected":false},"excerpt":{"rendered":"<p>Nach dem Besuch der Sch\u00fcler des Lyc\u00e9e Le Robillard in Emden im M\u00e4rz ging es nun zum Gegenbesuch in die Normandie. In Begleitung ihrer Lehrerinnen<a class=\"moretag\" href=\"https:\/\/max-emden.de\/wordpress\/max-schueler-besuchten-neuen-austauschpartner-in-der-normandie\/\"> [&#8230;]<\/a><\/p>\n","protected":false},"author":3,"featured_media":4694,"comment_status":"closed","ping_status":"closed","sticky":false,"template":"","format":"standard","meta":{"footnotes":""},"categories":[5,87],"tags":[],"class_list":["post-4693","post","type-post","status-publish","format-standard","has-post-thumbnail","hentry","category-europaschule","category-lieury-loudon-frankreich"],"_links":{"self":[{"href":"https:\/\/max-emden.de\/wordpress\/wp-json\/wp\/v2\/posts\/4693","targetHints":{"allow":["GET"]}}],"collection":[{"href":"https:\/\/max-emden.de\/wordpress\/wp-json\/wp\/v2\/posts"}],"about":[{"href":"https:\/\/max-emden.de\/wordpress\/wp-json\/wp\/v2\/types\/post"}],"author":[{"embeddable":true,"href":"https:\/\/max-emden.de\/wordpress\/wp-json\/wp\/v2\/users\/3"}],"replies":[{"embeddable":true,"href":"https:\/\/max-emden.de\/wordpress\/wp-json\/wp\/v2\/comments?post=4693"}],"version-history":[{"count":4,"href":"https:\/\/max-emden.de\/wordpress\/wp-json\/wp\/v2\/posts\/4693\/revisions"}],"predecessor-version":[{"id":4761,"href":"https:\/\/max-emden.de\/wordpress\/wp-json\/wp\/v2\/posts\/4693\/revisions\/4761"}],"wp:featuredmedia":[{"embeddable":true,"href":"https:\/\/max-emden.de\/wordpress\/wp-json\/wp\/v2\/media\/4694"}],"wp:attachment":[{"href":"https:\/\/max-emden.de\/wordpress\/wp-json\/wp\/v2\/media?parent=4693"}],"wp:term":[{"taxonomy":"category","embeddable":true,"href":"https:\/\/max-emden.de\/wordpress\/wp-json\/wp\/v2\/categories?post=4693"},{"taxonomy":"post_tag","embeddable":true,"href":"https:\/\/max-emden.de\/wordpress\/wp-json\/wp\/v2\/tags?post=4693"}],"curies":[{"name":"wp","href":"https:\/\/api.w.org\/{rel}","templated":true}]}}