{"id":4746,"date":"2017-06-02T17:30:34","date_gmt":"2017-06-02T17:30:34","guid":{"rendered":"http:\/\/max-emden.de\/wordpress\/?p=4746"},"modified":"2017-06-20T13:32:51","modified_gmt":"2017-06-20T13:32:51","slug":"denis-goldberg-besucht-das-max","status":"publish","type":"post","link":"https:\/\/max-emden.de\/wordpress\/denis-goldberg-besucht-das-max\/","title":{"rendered":"Denis Goldberg besucht das Max!"},"content":{"rendered":"<p style=\"text-align: justify;\">Gek\u00e4mpft mit Nelson Mandela, verurteilt zu lebenslanger Haft, Vertreter des ANC bei den Vereinten Nationen &#8211; die Liste der Attribute, die mit Denis Goldberg verkn\u00fcpft sind, ist lang und verdeutlicht, dass dieser Mann viel zu erz\u00e4hlen hat. Am 15.6.2017 besucht der ehemalige Anti-Apartheid-K\u00e4mpfer das Max-Windm\u00fcller-Gymnasium und wird dort aus seinem Leben berichten:<!--more--><\/p>\n<p style=\"text-align: justify;\">Als einer der wenigen Wei\u00dfen setzte er sich schon fr\u00fch in seiner Heimat S\u00fcdafrika f\u00fcr Menschenrechte und Gleichberechtigung ein. Er organisierte gemeinsam mit dem sp\u00e4teren Pr\u00e4sidenten und Friedens-Nobelpreistr\u00e4ger Nelson Mandela den Widerstand gegen das rassistische Regime und wurde deshalb als Terrorist im legend\u00e4ren Rivonia-Prozess 1963 zu lebenslanger Haft verurteilt. 22 Jahre sa\u00df er in Pretoria ein, w\u00e4hrend seine schwarzen Kameraden auf die Gef\u00e4ngnisinsel Robben Island verbannt worden waren &#8211; die Rassentrennung galt selbst hinter Gittern.<\/p>\n<p><a href=\"https:\/\/max-emden.de\/wordpress\/wp-content\/uploads\/2017\/06\/K800_goldberg.jpg\"><img fetchpriority=\"high\" decoding=\"async\" class=\"wp-image-4747 size-full aligncenter\" src=\"https:\/\/max-emden.de\/wordpress\/wp-content\/uploads\/2017\/06\/K800_goldberg.jpg\" alt=\"\" width=\"600\" height=\"836\" srcset=\"https:\/\/max-emden.de\/wordpress\/wp-content\/uploads\/2017\/06\/K800_goldberg.jpg 600w, https:\/\/max-emden.de\/wordpress\/wp-content\/uploads\/2017\/06\/K800_goldberg-215x300.jpg 215w\" sizes=\"(max-width: 600px) 100vw, 600px\" \/><\/a><\/p>\n<p style=\"text-align: justify;\">Nach seiner Freilassung im Jahre 1985 setzte er sich vom Londoner Auslandsb\u00fcro des ANC f\u00fcr das Ende der Apartheid ein. Zu diesem Zweck bereiste er zahllose L\u00e4nder und sprach vor den Vereinten Nationen in New York, bis 1994 in S\u00fcdafrika erstmals frei gew\u00e4hlt werden konnte. Bis heute ist der inzwischen 84J\u00e4hrige aktiv gegen Rassismus und Unterdr\u00fcckung: Mit seiner Organisation H.E.A.R.T. setzt er sich f\u00fcr bessere Lebensbedingungen in S\u00fcdafrika ein.<\/p>\n<p style=\"text-align: justify;\">Das Max-Windm\u00fcller-Gymnasium freut sich deshalb besonders \u00fcber den <strong>Besuch Denis Goldberg an der Schule<\/strong>: Am <strong>15.6.2017<\/strong> wird er in der <strong>3. und 4. Stunde<\/strong> aus seinem Leben erz\u00e4hlen und <strong>mit Zehnt- und Elftkl\u00e4sslern sprechen<\/strong>.<\/p>\n<p style=\"text-align: justify;\"><strong>Am Abend des selben Tages<\/strong> findet in der <strong>Neuen Kirche um 20 Uhr ein Abend mit Denis Goldberg<\/strong> statt. Diese Veranstaltung ist \u00f6ffentlich und wird musikalisch durch den <strong>Gospelchor Happiness<\/strong> begleitet. <strong>Der Eintritt ist frei.<\/strong><\/p>\n<p style=\"text-align: justify;\">Wer sich vor dem Vortrag \u00fcber Goldberg informieren m\u00f6chte, kann dies um <strong>18 Uhr im Gemeindehaus Gr\u00f6ne Stee<\/strong> (<span class=\"_Xbe\">Fanny-Hensel-Stra\u00dfe 3A, Emden-Conrebbersweg<\/span>) tun: Dort wird der ca. <strong>50min\u00fctige Film &#8222;Comrade Goldberg&#8220;<\/strong> gezeigt.<\/p>\n<p style=\"text-align: justify;\"><strong>Der Besuch von Denis Goldberg wird vom F\u00f6rderverein des Max-Windm\u00fcller-Gymnasiums, der ev.-ref. Kirchengemeinde Emden und der Stadt Emden unterst\u00fctzt.<\/strong><\/p>\n<p>&nbsp;<\/p>\n","protected":false},"excerpt":{"rendered":"<p>Gek\u00e4mpft mit Nelson Mandela, verurteilt zu lebenslanger Haft, Vertreter des ANC bei den Vereinten Nationen &#8211; die Liste der Attribute, die mit Denis Goldberg verkn\u00fcpft<a class=\"moretag\" href=\"https:\/\/max-emden.de\/wordpress\/denis-goldberg-besucht-das-max\/\"> [&#8230;]<\/a><\/p>\n","protected":false},"author":3,"featured_media":4749,"comment_status":"closed","ping_status":"closed","sticky":false,"template":"","format":"standard","meta":{"footnotes":""},"categories":[10],"tags":[],"class_list":["post-4746","post","type-post","status-publish","format-standard","has-post-thumbnail","hentry","category-menschenrechte-fuer-alle-verwirklichen"],"_links":{"self":[{"href":"https:\/\/max-emden.de\/wordpress\/wp-json\/wp\/v2\/posts\/4746","targetHints":{"allow":["GET"]}}],"collection":[{"href":"https:\/\/max-emden.de\/wordpress\/wp-json\/wp\/v2\/posts"}],"about":[{"href":"https:\/\/max-emden.de\/wordpress\/wp-json\/wp\/v2\/types\/post"}],"author":[{"embeddable":true,"href":"https:\/\/max-emden.de\/wordpress\/wp-json\/wp\/v2\/users\/3"}],"replies":[{"embeddable":true,"href":"https:\/\/max-emden.de\/wordpress\/wp-json\/wp\/v2\/comments?post=4746"}],"version-history":[{"count":5,"href":"https:\/\/max-emden.de\/wordpress\/wp-json\/wp\/v2\/posts\/4746\/revisions"}],"predecessor-version":[{"id":4806,"href":"https:\/\/max-emden.de\/wordpress\/wp-json\/wp\/v2\/posts\/4746\/revisions\/4806"}],"wp:featuredmedia":[{"embeddable":true,"href":"https:\/\/max-emden.de\/wordpress\/wp-json\/wp\/v2\/media\/4749"}],"wp:attachment":[{"href":"https:\/\/max-emden.de\/wordpress\/wp-json\/wp\/v2\/media?parent=4746"}],"wp:term":[{"taxonomy":"category","embeddable":true,"href":"https:\/\/max-emden.de\/wordpress\/wp-json\/wp\/v2\/categories?post=4746"},{"taxonomy":"post_tag","embeddable":true,"href":"https:\/\/max-emden.de\/wordpress\/wp-json\/wp\/v2\/tags?post=4746"}],"curies":[{"name":"wp","href":"https:\/\/api.w.org\/{rel}","templated":true}]}}