{"id":4766,"date":"2017-06-11T17:10:43","date_gmt":"2017-06-11T17:10:43","guid":{"rendered":"http:\/\/max-emden.de\/wordpress\/?p=4766"},"modified":"2017-06-22T07:45:15","modified_gmt":"2017-06-22T07:45:15","slug":"sandra-fuhrmann-erreicht-landessieg-bei-geschichtswettbewerb-grosser-erfolg-mit-arbeit-zur-reformationsgeschichte-emden","status":"publish","type":"post","link":"https:\/\/max-emden.de\/wordpress\/sandra-fuhrmann-erreicht-landessieg-bei-geschichtswettbewerb-grosser-erfolg-mit-arbeit-zur-reformationsgeschichte-emden\/","title":{"rendered":"Sandra Fuhrmann erreicht Landessieg bei Geschichtswettbewerb &#8211; Gro\u00dfer Erfolg mit Arbeit zur Reformationsgeschichte Emden"},"content":{"rendered":"<p style=\"text-align: justify;\">\u201eDer Glaube kommt \u00fcbers Meer- Die Geschichte der Reformation in Emden\u201c &#8211; das ist der Titel der Arbeit, mit der Sandra Fuhrmann die Juroren \u00fcberzeugt hat: Gemeinsam mit 28 weiteren Preistr\u00e4gern hat sie den Landessieg beim Geschichtswettbewerb des Bundespr\u00e4sidenten erzielt und wird deshalb am 10. August im Nieders\u00e4chsischen Landtag in Hannover ausgezeichnet.<!--more--><\/p>\n<p style=\"text-align: justify;\">Ausgel\u00f6st wurde das Interesse an dem Thema durch ein Theaterst\u00fcck: Als \u201eBaldanders\u201c hatte Sandra im vergangenen Jahr an der erfolgreichen Mansfeld-Inszenierung der Rampe anl\u00e4sslich des Walljubil\u00e4ums mitgewirkt und sich im Laufe der Proben begonnen, Fragen zu stellen. \u201eIch wollte wissen, was eigentlich vor dem Drei\u00dfigj\u00e4hrigen Krieg war\u201c, erkl\u00e4rt die Achtkl\u00e4sslerin. Das Interesse war geweckt und dann kam eines zum anderen: Nach der Premiere des St\u00fcckes wurde Sandra von Alexander Jahn, Lehrer am UEG in Leer, angesprochen, ob sie nicht am Geschichtswettbewerb des Bundespr\u00e4sidenten teilnehmen wolle. Jahn war bereits vorher durch seine Partnerin Stephanie Aikens auf die Max-Sch\u00fclerin aufmerksam geworden: Die Kunstlehrerin hatte Sandra bei der Teilnahme am Europ\u00e4ischen Wettbewerb unterst\u00fctzt &#8211; und zwar mit viel Erfolg: Mit ihrem Beitrag \u201eAb heute bin ich mutig\u201c konnte die damals Zw\u00f6lfj\u00e4hrige des die Auszeichnung f\u00fcr die beste Arbeit gewinnen.<\/p>\n<figure id=\"attachment_4768\" aria-describedby=\"caption-attachment-4768\" style=\"width: 941px\" class=\"wp-caption alignnone\"><a href=\"https:\/\/max-emden.de\/wordpress\/wp-content\/uploads\/2017\/06\/K800_Gesch-Wettbewerb-2017.jpg\"><img fetchpriority=\"high\" decoding=\"async\" class=\"wp-image-4768 size-full\" src=\"https:\/\/max-emden.de\/wordpress\/wp-content\/uploads\/2017\/06\/K800_Gesch-Wettbewerb-2017.jpg\" alt=\"\" width=\"941\" height=\"600\" srcset=\"https:\/\/max-emden.de\/wordpress\/wp-content\/uploads\/2017\/06\/K800_Gesch-Wettbewerb-2017.jpg 941w, https:\/\/max-emden.de\/wordpress\/wp-content\/uploads\/2017\/06\/K800_Gesch-Wettbewerb-2017-300x191.jpg 300w, https:\/\/max-emden.de\/wordpress\/wp-content\/uploads\/2017\/06\/K800_Gesch-Wettbewerb-2017-768x490.jpg 768w\" sizes=\"(max-width: 941px) 100vw, 941px\" \/><\/a><figcaption id=\"caption-attachment-4768\" class=\"wp-caption-text\">Freuen sich mit Sandra: Dr. J. Marius J. Lange van Ravenswaay (JaL), Alexander Jahn (Tutor), Werner Gluns, Frank Tapper (beide Max) und Klaas-Dieter Vo\u00df (JaL)<\/figcaption><\/figure>\n<p style=\"text-align: justify;\">Sandra wollte teilnehmen: \u201eIch suche die Herausforderung\u201c, beschreibt die Achtkl\u00e4sslerin ihre Motivation. Sofort machte sie sich ans Werk: Sie erinnerte sich an einen Besuch mit ihrer Klasse in der Johannes-\u00e0-Lasco-Bibliothek (JaL) und kontaktierte Klaas-Dieter Vo\u00df, der sich als wissenschaftlicher Mitarbeiter bestens mit den umfangreichen Buchbest\u00e4nden zur Reformation in Emden auskennt und erste Informationen geben konnte. Dann folgte ein intensives Studium der Literatur, weitere Recherchen und schlie\u00dflich die ersten Entw\u00fcrfe zur Arbeit, die sie ihrem Mentor zur Begutachtung gab: \u201eZun\u00e4chst fehlte noch der rote Faden\u201c, so Jahn. Das blieb allerdings nicht so: \u201eSandra hat Korrekturen und Vorschl\u00e4ge beeindruckend umgesetzt.\u201c Trotz des einen oder anderen R\u00fcckschlages &#8211; am Heiligabend st\u00fcrzte der Computer ab- entstand am Ende eine Arbeit, die nicht nur angesichts ihres Umfanges von knapp f\u00fcnfzig Seiten beeindruckt: \u201eDie inhaltliche Qualit\u00e4t ist bemerkenswert\u201c, so Schulleiter Frank Tapper, der sich ebenso \u00fcber Sandras erfolgreiches Engagement freute wie ihr Klassenlehrer Werner Gluns.<\/p>\n<p style=\"text-align: justify;\">Auch Dr. J. Marius J. Lange van Ravenswaay, wissenschaftlicher Vorstand der JaL, lobte den Eifer der jungen Autorin: Wir sind nat\u00fcrlich froh, dass sich im Reformationsjubil\u00e4umsjahr auch so junge Menschen mit diesem Thema besch\u00e4ftigen.\u201c Gerne hatte van Ravenswaay deshalb auch zur Pressekonferenz in die R\u00e4ume der Johannes-\u00e0-Lasco-Bibliothek eingeladen. Vielleicht nicht zum letzten Mal: Als Landessiegerin nimmt Sandra mit ihrer Arbeit nun am Bundeswettbewerb teil: Aus den besten 250 Texten von \u00fcber 1700 Einsendungen werden demn\u00e4chst die besten Beitr\u00e4ge gek\u00fcrt. F\u00fcr die Erstplatzierten geht es nach Berlin: Im Schloss Bellevue zeichnet dann der Bundespr\u00e4sident pers\u00f6nlich die Gewinner aus.<\/p>\n<p>&nbsp;<\/p>\n","protected":false},"excerpt":{"rendered":"<p>\u201eDer Glaube kommt \u00fcbers Meer- Die Geschichte der Reformation in Emden\u201c &#8211; das ist der Titel der Arbeit, mit der Sandra Fuhrmann die Juroren \u00fcberzeugt<a class=\"moretag\" href=\"https:\/\/max-emden.de\/wordpress\/sandra-fuhrmann-erreicht-landessieg-bei-geschichtswettbewerb-grosser-erfolg-mit-arbeit-zur-reformationsgeschichte-emden\/\"> [&#8230;]<\/a><\/p>\n","protected":false},"author":3,"featured_media":4767,"comment_status":"closed","ping_status":"closed","sticky":false,"template":"","format":"standard","meta":{"footnotes":""},"categories":[2],"tags":[],"class_list":["post-4766","post","type-post","status-publish","format-standard","has-post-thumbnail","hentry","category-allgemein"],"_links":{"self":[{"href":"https:\/\/max-emden.de\/wordpress\/wp-json\/wp\/v2\/posts\/4766","targetHints":{"allow":["GET"]}}],"collection":[{"href":"https:\/\/max-emden.de\/wordpress\/wp-json\/wp\/v2\/posts"}],"about":[{"href":"https:\/\/max-emden.de\/wordpress\/wp-json\/wp\/v2\/types\/post"}],"author":[{"embeddable":true,"href":"https:\/\/max-emden.de\/wordpress\/wp-json\/wp\/v2\/users\/3"}],"replies":[{"embeddable":true,"href":"https:\/\/max-emden.de\/wordpress\/wp-json\/wp\/v2\/comments?post=4766"}],"version-history":[{"count":4,"href":"https:\/\/max-emden.de\/wordpress\/wp-json\/wp\/v2\/posts\/4766\/revisions"}],"predecessor-version":[{"id":4817,"href":"https:\/\/max-emden.de\/wordpress\/wp-json\/wp\/v2\/posts\/4766\/revisions\/4817"}],"wp:featuredmedia":[{"embeddable":true,"href":"https:\/\/max-emden.de\/wordpress\/wp-json\/wp\/v2\/media\/4767"}],"wp:attachment":[{"href":"https:\/\/max-emden.de\/wordpress\/wp-json\/wp\/v2\/media?parent=4766"}],"wp:term":[{"taxonomy":"category","embeddable":true,"href":"https:\/\/max-emden.de\/wordpress\/wp-json\/wp\/v2\/categories?post=4766"},{"taxonomy":"post_tag","embeddable":true,"href":"https:\/\/max-emden.de\/wordpress\/wp-json\/wp\/v2\/tags?post=4766"}],"curies":[{"name":"wp","href":"https:\/\/api.w.org\/{rel}","templated":true}]}}