{"id":4785,"date":"2017-06-15T16:55:06","date_gmt":"2017-06-15T16:55:06","guid":{"rendered":"http:\/\/max-emden.de\/wordpress\/?p=4785"},"modified":"2017-06-23T06:18:20","modified_gmt":"2017-06-23T06:18:20","slug":"foerderverein-stiftet-t-shirts-fuer-die-schulsanitaeter","status":"publish","type":"post","link":"https:\/\/max-emden.de\/wordpress\/foerderverein-stiftet-t-shirts-fuer-die-schulsanitaeter\/","title":{"rendered":"F\u00f6rderverein stiftet T-Shirts f\u00fcr die Schulsanit\u00e4ter\u00a0"},"content":{"rendered":"<p style=\"text-align: justify;\">Seit nunmehr drei Jahren gibt es den Schulsanit\u00e4tsdienst am Max bzw. GaT. Neben dem t\u00e4glichen Dienst, den zweiw\u00f6chentlichen AG-Stunden, in denen gemeinsam mit dem Jugendrotkreuz Hinte und unter Anleitung von Erik Heeren verschiedene Ma\u00dfnahmen der Ersten Hilfe erprobt werden und des Dienstes w\u00e4hrend der Sportfeste nimmt der SSD auch jedes Jahr an verschiedenen Wettbewerben des Jugendrotkreuzes teil.<!--more--><\/p>\n<p style=\"text-align: justify;\">Um diese vielf\u00e4ltigen Aufgaben verl\u00e4sslich zu erf\u00fcllen ist eine ausreichende Zahl Sanit\u00e4terinnen und Sanit\u00e4ter notwendig. Erfreulicherweise haben im vergangenen Schuljahr neun neue SSD-ler ihre Ausbildung abgeschlossen und verst\u00e4rken seit Montag das bisherige Team, sodass sich mittlerweile 14 aktive Sanit\u00e4ter f\u00fcr die Schulgemeinschaft einsetzen.<\/p>\n<p style=\"text-align: justify;\">Dank des F\u00f6rdervereins haben die Sanit\u00e4terinnen und Sanit\u00e4ter nun nicht nur einheitliche Pullover, sondern seit kurzem auch einheitliche Dienst-T-Shirts und Einsatzwesten erhalten. Hierf\u00fcr ein herzliches Dankesch\u00f6n!<\/p>\n<p>&nbsp;<\/p>\n<figure id=\"attachment_4786\" aria-describedby=\"caption-attachment-4786\" style=\"width: 1024px\" class=\"wp-caption alignleft\"><a href=\"https:\/\/max-emden.de\/wordpress\/wp-content\/uploads\/2017\/06\/SSD-20172018_HP.jpg\"><img fetchpriority=\"high\" decoding=\"async\" class=\"wp-image-4786 size-large\" src=\"https:\/\/max-emden.de\/wordpress\/wp-content\/uploads\/2017\/06\/SSD-20172018_HP-1024x690.jpg\" alt=\"\" width=\"1024\" height=\"690\" srcset=\"https:\/\/max-emden.de\/wordpress\/wp-content\/uploads\/2017\/06\/SSD-20172018_HP-1024x690.jpg 1024w, https:\/\/max-emden.de\/wordpress\/wp-content\/uploads\/2017\/06\/SSD-20172018_HP-300x202.jpg 300w, https:\/\/max-emden.de\/wordpress\/wp-content\/uploads\/2017\/06\/SSD-20172018_HP-768x517.jpg 768w\" sizes=\"(max-width: 1024px) 100vw, 1024px\" \/><\/a><figcaption id=\"caption-attachment-4786\" class=\"wp-caption-text\">Der Schulsanit\u00e4tsdienst des Max:<br \/> Hintere Reihe (v.l.n.r): Jennifer Nguyen, Jonas Bekaan, Sina Gers, Wencke J\u00fcrrens, Laura Oldewurtel, Freya Schmidt, Benjamin Bergmann.<br \/> Vordere Reihe (v.l.n.r): Okka Barghoorn, Anna-Lena Klein, Liv Roos, Mauritz F\u00fchner, Reyk Jan\u00dfen<br \/> Nicht auf dem Foto: Jorias Lobeck und Celina Probojcevic<\/figcaption><\/figure>\n<p>&nbsp;<\/p>\n","protected":false},"excerpt":{"rendered":"<p>Seit nunmehr drei Jahren gibt es den Schulsanit\u00e4tsdienst am Max bzw. GaT. Neben dem t\u00e4glichen Dienst, den zweiw\u00f6chentlichen AG-Stunden, in denen gemeinsam mit dem Jugendrotkreuz<a class=\"moretag\" href=\"https:\/\/max-emden.de\/wordpress\/foerderverein-stiftet-t-shirts-fuer-die-schulsanitaeter\/\"> [&#8230;]<\/a><\/p>\n","protected":false},"author":1,"featured_media":4786,"comment_status":"closed","ping_status":"closed","sticky":false,"template":"","format":"standard","meta":{"footnotes":""},"categories":[18,36],"tags":[],"class_list":["post-4785","post","type-post","status-publish","format-standard","has-post-thumbnail","hentry","category-schulsanitaetsdienst","category-klasse-56"],"_links":{"self":[{"href":"https:\/\/max-emden.de\/wordpress\/wp-json\/wp\/v2\/posts\/4785","targetHints":{"allow":["GET"]}}],"collection":[{"href":"https:\/\/max-emden.de\/wordpress\/wp-json\/wp\/v2\/posts"}],"about":[{"href":"https:\/\/max-emden.de\/wordpress\/wp-json\/wp\/v2\/types\/post"}],"author":[{"embeddable":true,"href":"https:\/\/max-emden.de\/wordpress\/wp-json\/wp\/v2\/users\/1"}],"replies":[{"embeddable":true,"href":"https:\/\/max-emden.de\/wordpress\/wp-json\/wp\/v2\/comments?post=4785"}],"version-history":[{"count":3,"href":"https:\/\/max-emden.de\/wordpress\/wp-json\/wp\/v2\/posts\/4785\/revisions"}],"predecessor-version":[{"id":4862,"href":"https:\/\/max-emden.de\/wordpress\/wp-json\/wp\/v2\/posts\/4785\/revisions\/4862"}],"wp:featuredmedia":[{"embeddable":true,"href":"https:\/\/max-emden.de\/wordpress\/wp-json\/wp\/v2\/media\/4786"}],"wp:attachment":[{"href":"https:\/\/max-emden.de\/wordpress\/wp-json\/wp\/v2\/media?parent=4785"}],"wp:term":[{"taxonomy":"category","embeddable":true,"href":"https:\/\/max-emden.de\/wordpress\/wp-json\/wp\/v2\/categories?post=4785"},{"taxonomy":"post_tag","embeddable":true,"href":"https:\/\/max-emden.de\/wordpress\/wp-json\/wp\/v2\/tags?post=4785"}],"curies":[{"name":"wp","href":"https:\/\/api.w.org\/{rel}","templated":true}]}}