{"id":4998,"date":"2017-08-02T21:02:13","date_gmt":"2017-08-02T21:02:13","guid":{"rendered":"http:\/\/max-emden.de\/wordpress\/?p=4998"},"modified":"2017-08-02T21:02:45","modified_gmt":"2017-08-02T21:02:45","slug":"wilke-held","status":"publish","type":"post","link":"https:\/\/max-emden.de\/wordpress\/wilke-held\/","title":{"rendered":"Wilke Held, Deutsch und Politik-Wirtschaft"},"content":{"rendered":"<figure id=\"attachment_4982\" aria-describedby=\"caption-attachment-4982\" style=\"width: 210px\" class=\"wp-caption alignleft\"><img fetchpriority=\"high\" decoding=\"async\" class=\"wp-image-4982 size-medium\" src=\"https:\/\/max-emden.de\/wordpress\/wp-content\/uploads\/2017\/08\/NeuanderSchule2017_Wild-210x300.jpg\" alt=\"\" width=\"210\" height=\"300\" srcset=\"https:\/\/max-emden.de\/wordpress\/wp-content\/uploads\/2017\/08\/NeuanderSchule2017_Wild-210x300.jpg 210w, https:\/\/max-emden.de\/wordpress\/wp-content\/uploads\/2017\/08\/NeuanderSchule2017_Wild.jpg 581w\" sizes=\"(max-width: 210px) 100vw, 210px\" \/><figcaption id=\"caption-attachment-4982\" class=\"wp-caption-text\">Wilke Held,\u00a0(De\/ PW)<\/figcaption><\/figure>\n<p>Hallo Emden,<\/p>\n<p>zum neuen Schuljahr kommen nicht nur viele neue Sch\u00fcler ans MAX, sondern auch einige neue Lehrer. Einer davon bin ich.<\/p>\n<p>Geboren in Oldenburg hat es mich zum Studieren nach Mainz, Istanbul und zuletzt zum Referendariat nach Kiel verschlagen. Nach meinem Umzug nach Wolthusen in den Sommerferien freue ich mich jetzt auf meine Aufgaben als Lehrer f\u00fcr Deutsch und Politik \/ Wirtschaft, nette Sch\u00fclerinnen und Sch\u00fcler und nicht zuletzt auch auf den ostfriesischen Sonnenschein zwischen den Regenschauern.<\/p>\n<p>An meiner Arbeit mag ich ganz viel. Vor allem aber die vielen klugen Gedanken, die ich im Laufe eines Vormittags von Sch\u00fclerinnen und Sch\u00fclern h\u00f6re. Ich finde es immer wieder sch\u00f6n zu sehen, zu was junge Menschen in der Lage sind, wenn man ihnen denn die Freiheit l\u00e4sst, die sie dazu brauchen. Konsequenterweise hat Schule dann aber auch viel mit dem Erlernen von Verantwortung zu tun, denn Freiheit ohne Verantwortung kann in einer lebendigen Schule kaum gelingen.<\/p>\n<p>Freiheit und Verantwortung: Mich erinnert das an Sport, an Mannschaftssport. F\u00fcr mich ist Schule Mannschaftssport und ich habe bisher das sch\u00f6ne Gef\u00fchl, dass dies am MAX viele Kolleginnen und Kollegen \u00e4hnlich sehen.<\/p>\n<p>In Vorfreude auf unseren gemeinsamen Schulalltag, die Zusammenarbeit und die klugen Gedanken von euch.<\/p>\n<p>&nbsp;<\/p>\n<p>Bis bald,<\/p>\n<p>Wilke Held<\/p>\n","protected":false},"excerpt":{"rendered":"<p>Hallo Emden, zum neuen Schuljahr kommen nicht nur viele neue Sch\u00fcler ans MAX, sondern auch einige neue Lehrer. Einer davon bin ich. Geboren in Oldenburg<a class=\"moretag\" href=\"https:\/\/max-emden.de\/wordpress\/wilke-held\/\"> [&#8230;]<\/a><\/p>\n","protected":false},"author":1,"featured_media":0,"comment_status":"closed","ping_status":"closed","sticky":false,"template":"","format":"standard","meta":{"footnotes":""},"categories":[80],"tags":[],"class_list":["post-4998","post","type-post","status-publish","format-standard","hentry","category-neu-an-der-schule"],"_links":{"self":[{"href":"https:\/\/max-emden.de\/wordpress\/wp-json\/wp\/v2\/posts\/4998","targetHints":{"allow":["GET"]}}],"collection":[{"href":"https:\/\/max-emden.de\/wordpress\/wp-json\/wp\/v2\/posts"}],"about":[{"href":"https:\/\/max-emden.de\/wordpress\/wp-json\/wp\/v2\/types\/post"}],"author":[{"embeddable":true,"href":"https:\/\/max-emden.de\/wordpress\/wp-json\/wp\/v2\/users\/1"}],"replies":[{"embeddable":true,"href":"https:\/\/max-emden.de\/wordpress\/wp-json\/wp\/v2\/comments?post=4998"}],"version-history":[{"count":3,"href":"https:\/\/max-emden.de\/wordpress\/wp-json\/wp\/v2\/posts\/4998\/revisions"}],"predecessor-version":[{"id":5001,"href":"https:\/\/max-emden.de\/wordpress\/wp-json\/wp\/v2\/posts\/4998\/revisions\/5001"}],"wp:attachment":[{"href":"https:\/\/max-emden.de\/wordpress\/wp-json\/wp\/v2\/media?parent=4998"}],"wp:term":[{"taxonomy":"category","embeddable":true,"href":"https:\/\/max-emden.de\/wordpress\/wp-json\/wp\/v2\/categories?post=4998"},{"taxonomy":"post_tag","embeddable":true,"href":"https:\/\/max-emden.de\/wordpress\/wp-json\/wp\/v2\/tags?post=4998"}],"curies":[{"name":"wp","href":"https:\/\/api.w.org\/{rel}","templated":true}]}}