{"id":5101,"date":"2017-08-18T18:22:00","date_gmt":"2017-08-18T18:22:00","guid":{"rendered":"http:\/\/max-emden.de\/wordpress\/?p=5101"},"modified":"2017-08-23T08:10:00","modified_gmt":"2017-08-23T08:10:00","slug":"max-windmueller-channel-neues-video-online","status":"publish","type":"post","link":"https:\/\/max-emden.de\/wordpress\/max-windmueller-channel-neues-video-online\/","title":{"rendered":"Max-Windm\u00fcller-Channel: Neues Video online!"},"content":{"rendered":"<p style=\"text-align: justify;\">&#8222;Mit Sicherheit gut ankommen&#8220; &#8211; unter diesem Titel findet noch bis Ende September ein Projekt statt, mit dem die OUTLAW-Stiftung auf die Situation von Fl\u00fcchtlingen aufmerksam machen m\u00f6chte. Dazu geh\u00f6rt auch die szenische Lesung &#8222;Ein Morgen vor Lampedusa&#8220;, die am 12.8.2017 als Open air- Veranstaltung von Sch\u00fclerinnen des Deutsch-Leistungskurses am Delft pr\u00e4sentiert wurde.<!--more--><\/p>\n<div class=\"lyte-wrapper fourthree\" style=\"width:420px;max-width:100%;margin:5px;\"><div class=\"lyMe\" id=\"WYL_3wplvU9alaQ\"><div id=\"lyte_3wplvU9alaQ\" data-src=\"https:\/\/max-emden.de\/wordpress\/wp-content\/plugins\/wp-youtube-lyte\/lyteCache.php?origThumbUrl=%2F%2Fi.ytimg.com%2Fvi%2F3wplvU9alaQ%2Fhqdefault.jpg\" class=\"pL\"><div class=\"tC\"><div class=\"tT\"><\/div><\/div><div class=\"play\"><\/div><div class=\"ctrl\"><div class=\"Lctrl\"><\/div><div class=\"Rctrl\"><\/div><\/div><\/div><noscript><a href=\"https:\/\/youtu.be\/3wplvU9alaQ\" rel=\"nofollow\"><img fetchpriority=\"high\" decoding=\"async\" src=\"https:\/\/max-emden.de\/wordpress\/wp-content\/plugins\/wp-youtube-lyte\/lyteCache.php?origThumbUrl=https%3A%2F%2Fi.ytimg.com%2Fvi%2F3wplvU9alaQ%2F0.jpg\" alt=\"YouTube-Video-Vorschaubild\" width=\"420\" height=\"295\" \/><br \/>Dieses Video auf YouTube ansehen<\/a><\/noscript><\/div><\/div><div class=\"lL\" style=\"max-width:100%;width:420px;margin:5px;\"><\/div><\/p>\n<p>Tobias Bruns hat dieses Ereignis gefilmt &#8211; vielen Dank!<\/p>\n","protected":false},"excerpt":{"rendered":"<p>&#8222;Mit Sicherheit gut ankommen&#8220; &#8211; unter diesem Titel findet noch bis Ende September ein Projekt statt, mit dem die OUTLAW-Stiftung auf die Situation von Fl\u00fcchtlingen<a class=\"moretag\" href=\"https:\/\/max-emden.de\/wordpress\/max-windmueller-channel-neues-video-online\/\"> [&#8230;]<\/a><\/p>\n","protected":false},"author":3,"featured_media":5102,"comment_status":"closed","ping_status":"closed","sticky":false,"template":"","format":"standard","meta":{"footnotes":""},"categories":[89],"tags":[],"class_list":["post-5101","post","type-post","status-publish","format-standard","has-post-thumbnail","hentry","category-unesco"],"_links":{"self":[{"href":"https:\/\/max-emden.de\/wordpress\/wp-json\/wp\/v2\/posts\/5101","targetHints":{"allow":["GET"]}}],"collection":[{"href":"https:\/\/max-emden.de\/wordpress\/wp-json\/wp\/v2\/posts"}],"about":[{"href":"https:\/\/max-emden.de\/wordpress\/wp-json\/wp\/v2\/types\/post"}],"author":[{"embeddable":true,"href":"https:\/\/max-emden.de\/wordpress\/wp-json\/wp\/v2\/users\/3"}],"replies":[{"embeddable":true,"href":"https:\/\/max-emden.de\/wordpress\/wp-json\/wp\/v2\/comments?post=5101"}],"version-history":[{"count":3,"href":"https:\/\/max-emden.de\/wordpress\/wp-json\/wp\/v2\/posts\/5101\/revisions"}],"predecessor-version":[{"id":5189,"href":"https:\/\/max-emden.de\/wordpress\/wp-json\/wp\/v2\/posts\/5101\/revisions\/5189"}],"wp:featuredmedia":[{"embeddable":true,"href":"https:\/\/max-emden.de\/wordpress\/wp-json\/wp\/v2\/media\/5102"}],"wp:attachment":[{"href":"https:\/\/max-emden.de\/wordpress\/wp-json\/wp\/v2\/media?parent=5101"}],"wp:term":[{"taxonomy":"category","embeddable":true,"href":"https:\/\/max-emden.de\/wordpress\/wp-json\/wp\/v2\/categories?post=5101"},{"taxonomy":"post_tag","embeddable":true,"href":"https:\/\/max-emden.de\/wordpress\/wp-json\/wp\/v2\/tags?post=5101"}],"curies":[{"name":"wp","href":"https:\/\/api.w.org\/{rel}","templated":true}]}}