{"id":5399,"date":"2017-09-26T16:03:27","date_gmt":"2017-09-26T16:03:27","guid":{"rendered":"http:\/\/max-emden.de\/wordpress\/?p=5399"},"modified":"2017-10-20T10:23:41","modified_gmt":"2017-10-20T10:23:41","slug":"gipfel-gegen-die-plastiktuete-in-osnabrueck-wider-die-wegwerfmentalitaet","status":"publish","type":"post","link":"https:\/\/max-emden.de\/wordpress\/gipfel-gegen-die-plastiktuete-in-osnabrueck-wider-die-wegwerfmentalitaet\/","title":{"rendered":"Gipfel gegen die Plastikt\u00fcte in Osnabr\u00fcck &#8211; Wider die Wegwerfmentalit\u00e4t"},"content":{"rendered":"<p style=\"text-align: justify;\">Laura Broja und Lisa Klinkhart haben am vergangenen Donnerstag und Freitag am \u201eplastikt\u00fctenfreien Gipfel\u201c in Osnabr\u00fcck teilgenommen. Etwa 50 Jugendliche haben sich auf Einladung der Aktionsgemeinschaft &#8222;<strong><a href=\"http:\/\/plastik.fokus-os.de\" target=\"_blank\" rel=\"noopener\">Plastikt\u00fctenfreies Osnabr\u00fcck<\/a><\/strong>&#8220; \u00a0in den R\u00e4umlichkeiten der Hochschule Osnabr\u00fcck getroffen, um gemeinsam zu den Themen \u201ePlastik\u201c und \u201eVerpackungsm\u00fcll\u201c zu arbeiten.<!--more--> Mit dabei waren weiterhin Sch\u00fclerinnen und Sch\u00fcler der Ursulaschule, Sch\u00fcler der Gesamtschule Schinkel und Jugendliche von Unesco-Schulen aus verschiedenen St\u00e4dten im Nordwesten.<\/p>\n<p style=\"text-align: justify;\">Auf dem Programm standen hierbei neben diversen Workshops zum Themenbereich &#8222;Plastikm\u00fcll&#8220; auch Exkursionen (Stadt Osnabr\u00fcck und Botanischer Garten der Universit\u00e4t Osnabr\u00fcck), ein Vortrag von\u00a0Prof. Dr. Markus Gro\u00dfe Ophoff (Deutsche Bundesstiftung Umwelt), in welchem den Teilnehmerinnen und Teilnehmern die Ursachen und Auswirkungen des Klimawandels sowie weiterer Umweltgefahren erl\u00e4utert wurden und verschiedene Experimente im &#8222;GreenLab&#8220; der Universit\u00e4t Osnabr\u00fcck.<\/p>\n<p style=\"text-align: justify;\">Zum Abschluss wurden <a href=\"https:\/\/max-emden.de\/wordpress\/wp-content\/uploads\/2017\/09\/Forderungskatalog-Plastikt\u00fctenfreier-Gipfel.pdf\" target=\"_blank\" rel=\"noopener\">Forderungskataloge<\/a> an die Politik, die Gesellschaft und die Wirtschaft formuliert, mit denen die verschiedenen Gruppen in Zukunft weiterarbeiten m\u00f6chten.<\/p>\n<figure id=\"attachment_5400\" aria-describedby=\"caption-attachment-5400\" style=\"width: 228px\" class=\"wp-caption alignleft\"><a href=\"https:\/\/max-emden.de\/wordpress\/wp-content\/uploads\/2017\/09\/noz2609Plastik.jpg\"><img fetchpriority=\"high\" decoding=\"async\" class=\"wp-image-5400 size-medium\" src=\"https:\/\/max-emden.de\/wordpress\/wp-content\/uploads\/2017\/09\/noz2609Plastik-228x300.jpg\" alt=\"\" width=\"228\" height=\"300\" srcset=\"https:\/\/max-emden.de\/wordpress\/wp-content\/uploads\/2017\/09\/noz2609Plastik-228x300.jpg 228w, https:\/\/max-emden.de\/wordpress\/wp-content\/uploads\/2017\/09\/noz2609Plastik.jpg 746w\" sizes=\"(max-width: 228px) 100vw, 228px\" \/><\/a><figcaption id=\"caption-attachment-5400\" class=\"wp-caption-text\">Bericht der Neuen Osnabr\u00fccker Zeitung<\/figcaption><\/figure>\n<p>&nbsp;<\/p>\n<p>&nbsp;<\/p>\n<p>&nbsp;<\/p>\n<p>&nbsp;<\/p>\n<p>&nbsp;<\/p>\n<p>&nbsp;<\/p>\n<p>&nbsp;<\/p>\n<p>&nbsp;<\/p>\n<p>&nbsp;<\/p>\n<p>&nbsp;<\/p>\n<figure id=\"attachment_5402\" aria-describedby=\"caption-attachment-5402\" style=\"width: 150px\" class=\"wp-caption alignleft\"><a href=\"https:\/\/max-emden.de\/wordpress\/wp-content\/uploads\/2017\/09\/Gruppenbild.jpg\"><img decoding=\"async\" class=\"wp-image-5402 size-thumbnail\" src=\"https:\/\/max-emden.de\/wordpress\/wp-content\/uploads\/2017\/09\/Gruppenbild-150x150.jpg\" alt=\"\" width=\"150\" height=\"150\" \/><\/a><figcaption id=\"caption-attachment-5402\" class=\"wp-caption-text\">Teilnehmer des Gipfels<\/figcaption><\/figure>\n<figure id=\"attachment_5403\" aria-describedby=\"caption-attachment-5403\" style=\"width: 150px\" class=\"wp-caption alignleft\"><a href=\"https:\/\/max-emden.de\/wordpress\/wp-content\/uploads\/2017\/09\/Experiment1.jpg\"><img decoding=\"async\" class=\"wp-image-5403 size-thumbnail\" src=\"https:\/\/max-emden.de\/wordpress\/wp-content\/uploads\/2017\/09\/Experiment1-150x150.jpg\" alt=\"\" width=\"150\" height=\"150\" \/><\/a><figcaption id=\"caption-attachment-5403\" class=\"wp-caption-text\">&#8222;GreenLab&#8220; der Uni Osnabr\u00fcck<\/figcaption><\/figure>\n<figure id=\"attachment_5404\" aria-describedby=\"caption-attachment-5404\" style=\"width: 150px\" class=\"wp-caption alignleft\"><a href=\"https:\/\/max-emden.de\/wordpress\/wp-content\/uploads\/2017\/09\/VortragDBU.jpg\"><img loading=\"lazy\" decoding=\"async\" class=\"wp-image-5404 size-thumbnail\" src=\"https:\/\/max-emden.de\/wordpress\/wp-content\/uploads\/2017\/09\/VortragDBU-150x150.jpg\" alt=\"\" width=\"150\" height=\"150\" \/><\/a><figcaption id=\"caption-attachment-5404\" class=\"wp-caption-text\">Vortrag in der DBU<\/figcaption><\/figure>\n<p>&nbsp;<\/p>\n<p>&nbsp;<\/p>\n<p>&nbsp;<\/p>\n<p>&nbsp;<\/p>\n<p>&nbsp;<\/p>\n<p>&nbsp;<\/p>\n<p style=\"text-align: right;\"><em>Fotos: europe direct und Henning Lichtenberg<\/em><\/p>\n","protected":false},"excerpt":{"rendered":"<p>Laura Broja und Lisa Klinkhart haben am vergangenen Donnerstag und Freitag am \u201eplastikt\u00fctenfreien Gipfel\u201c in Osnabr\u00fcck teilgenommen. Etwa 50 Jugendliche haben sich auf Einladung der<a class=\"moretag\" href=\"https:\/\/max-emden.de\/wordpress\/gipfel-gegen-die-plastiktuete-in-osnabrueck-wider-die-wegwerfmentalitaet\/\"> [&#8230;]<\/a><\/p>\n","protected":false},"author":1,"featured_media":5404,"comment_status":"closed","ping_status":"closed","sticky":false,"template":"","format":"standard","meta":{"footnotes":""},"categories":[60,11,17,89],"tags":[],"class_list":["post-5399","post","type-post","status-publish","format-standard","has-post-thumbnail","hentry","category-erdkunde","category-nachhaltigkeit","category-schuelervertretung","category-unesco"],"_links":{"self":[{"href":"https:\/\/max-emden.de\/wordpress\/wp-json\/wp\/v2\/posts\/5399","targetHints":{"allow":["GET"]}}],"collection":[{"href":"https:\/\/max-emden.de\/wordpress\/wp-json\/wp\/v2\/posts"}],"about":[{"href":"https:\/\/max-emden.de\/wordpress\/wp-json\/wp\/v2\/types\/post"}],"author":[{"embeddable":true,"href":"https:\/\/max-emden.de\/wordpress\/wp-json\/wp\/v2\/users\/1"}],"replies":[{"embeddable":true,"href":"https:\/\/max-emden.de\/wordpress\/wp-json\/wp\/v2\/comments?post=5399"}],"version-history":[{"count":7,"href":"https:\/\/max-emden.de\/wordpress\/wp-json\/wp\/v2\/posts\/5399\/revisions"}],"predecessor-version":[{"id":5485,"href":"https:\/\/max-emden.de\/wordpress\/wp-json\/wp\/v2\/posts\/5399\/revisions\/5485"}],"wp:featuredmedia":[{"embeddable":true,"href":"https:\/\/max-emden.de\/wordpress\/wp-json\/wp\/v2\/media\/5404"}],"wp:attachment":[{"href":"https:\/\/max-emden.de\/wordpress\/wp-json\/wp\/v2\/media?parent=5399"}],"wp:term":[{"taxonomy":"category","embeddable":true,"href":"https:\/\/max-emden.de\/wordpress\/wp-json\/wp\/v2\/categories?post=5399"},{"taxonomy":"post_tag","embeddable":true,"href":"https:\/\/max-emden.de\/wordpress\/wp-json\/wp\/v2\/tags?post=5399"}],"curies":[{"name":"wp","href":"https:\/\/api.w.org\/{rel}","templated":true}]}}