{"id":6027,"date":"2018-01-30T08:35:37","date_gmt":"2018-01-30T08:35:37","guid":{"rendered":"http:\/\/max-emden.de\/wordpress\/?p=6027"},"modified":"2018-02-14T18:37:17","modified_gmt":"2018-02-14T18:37:17","slug":"erasmus-gute-stimmung-beim-ersten-projekttag","status":"publish","type":"post","link":"https:\/\/max-emden.de\/wordpress\/erasmus-gute-stimmung-beim-ersten-projekttag\/","title":{"rendered":"ERASMUS+: Gute Stimmung beim ersten Projekttag"},"content":{"rendered":"<p style=\"text-align: justify;\">V\u00f6lkerball, Fu\u00dfball und Tanzen &#8211; Sport f\u00fcr alle Geschm\u00e4cker gab es beim ersten Projekttag des diesj\u00e4hrigen Durchganges von SIRS. Seit 2016 engagiert sich das Max im Rahmen des ERASMUS+-Projektes gemeinsam mit Schulen aus Norwegen, den Niederlanden, der T\u00fcrkei und Martinique f\u00fcr die Integration von Fl\u00fcchtlingen durch Sport. Dieses Mal widmet sich die Projektgruppe des Max besonders Kindern im Grundschulalter.<!--more--> In der Halle der GS Gr\u00fcner Weg trafen sich die Max-Sch\u00fclerinnen mit zwanzig Dritt- und Viertkl\u00e4sslern, um zum Auftakt gemeinsam zu spielen. Etwa zwei Stunden konnten die Jungen und M\u00e4dchen in der Halle nach Herzenslust sporteln, bevor es zum Abschluss ein gemeinsames Kuchenessen gab. Der ersten Veranstaltung sollen weitere Termine folgen: F\u00fcr das n\u00e4chste Mal am 14.2.2018 ist ein Tanznachmittag in der Tanzschule Hellwig geplant.<br \/>\nIm April findet in Leeuwarden das n\u00e4chste gro\u00dfe Meeting statt: In Europas Kulturhauptstadt 2018 kommen dann Delegationen aus allen Teilnehmerl\u00e4ndern zusammen, um sich \u00fcber die Erfahrungen der diesj\u00e4hrigen Arbeit auszutauschen.<\/p>\n","protected":false},"excerpt":{"rendered":"<p>V\u00f6lkerball, Fu\u00dfball und Tanzen &#8211; Sport f\u00fcr alle Geschm\u00e4cker gab es beim ersten Projekttag des diesj\u00e4hrigen Durchganges von SIRS. Seit 2016 engagiert sich das Max<a class=\"moretag\" href=\"https:\/\/max-emden.de\/wordpress\/erasmus-gute-stimmung-beim-ersten-projekttag\/\"> [&#8230;]<\/a><\/p>\n","protected":false},"author":3,"featured_media":6029,"comment_status":"closed","ping_status":"closed","sticky":false,"template":"","format":"standard","meta":{"footnotes":""},"categories":[5,35,89],"tags":[],"class_list":["post-6027","post","type-post","status-publish","format-standard","has-post-thumbnail","hentry","category-europaschule","category-interkulturelles-lernen","category-unesco"],"_links":{"self":[{"href":"https:\/\/max-emden.de\/wordpress\/wp-json\/wp\/v2\/posts\/6027","targetHints":{"allow":["GET"]}}],"collection":[{"href":"https:\/\/max-emden.de\/wordpress\/wp-json\/wp\/v2\/posts"}],"about":[{"href":"https:\/\/max-emden.de\/wordpress\/wp-json\/wp\/v2\/types\/post"}],"author":[{"embeddable":true,"href":"https:\/\/max-emden.de\/wordpress\/wp-json\/wp\/v2\/users\/3"}],"replies":[{"embeddable":true,"href":"https:\/\/max-emden.de\/wordpress\/wp-json\/wp\/v2\/comments?post=6027"}],"version-history":[{"count":5,"href":"https:\/\/max-emden.de\/wordpress\/wp-json\/wp\/v2\/posts\/6027\/revisions"}],"predecessor-version":[{"id":6108,"href":"https:\/\/max-emden.de\/wordpress\/wp-json\/wp\/v2\/posts\/6027\/revisions\/6108"}],"wp:featuredmedia":[{"embeddable":true,"href":"https:\/\/max-emden.de\/wordpress\/wp-json\/wp\/v2\/media\/6029"}],"wp:attachment":[{"href":"https:\/\/max-emden.de\/wordpress\/wp-json\/wp\/v2\/media?parent=6027"}],"wp:term":[{"taxonomy":"category","embeddable":true,"href":"https:\/\/max-emden.de\/wordpress\/wp-json\/wp\/v2\/categories?post=6027"},{"taxonomy":"post_tag","embeddable":true,"href":"https:\/\/max-emden.de\/wordpress\/wp-json\/wp\/v2\/tags?post=6027"}],"curies":[{"name":"wp","href":"https:\/\/api.w.org\/{rel}","templated":true}]}}