{"id":6413,"date":"2018-05-01T10:32:58","date_gmt":"2018-05-01T10:32:58","guid":{"rendered":"http:\/\/max-emden.de\/wordpress\/?p=6413"},"modified":"2018-05-09T17:04:08","modified_gmt":"2018-05-09T17:04:08","slug":"klasse-5b-besucht-das-ensemble-theartic","status":"publish","type":"post","link":"https:\/\/max-emden.de\/wordpress\/klasse-5b-besucht-das-ensemble-theartic\/","title":{"rendered":"Klasse 5b besucht das Ensemble &#8222;Theartic&#8220;"},"content":{"rendered":"<p style=\"text-align: justify;\">Die Klasse 5B hat sich im Rahmen des SoL-Unterrichts einen Theaterbesuch beim Ensemble Theartic geg\u00f6nnt. Gezeigt wurde das St\u00fcck \u201eGer\u00fcchte\u201c, das Ulrike Heymann und Claus Goosmann mit den Jugendlichen aus Emden einstudiert haben und das im Neuen Theater aufgef\u00fchrt wurde.<!--more--> Und wie vorher im Unterricht am Bild \u201eDas Ger\u00fccht\u201c von Paul Weber erarbeitet, konnte die 5B im Theaterst\u00fcck erfahren, dass ein Ger\u00fccht wie ein fieses Monster die Atmosph\u00e4re einer Gemeinschaft vergiften kann. Im B\u00fchnenst\u00fcck droht die idyllische Stadtteilgemeinschaft vom Waldsee-Viertel daran zu zerbrechen, dass die Stadteilbewohner eine junge K\u00fcnstlerin verd\u00e4chtigen ein Fahrrad gestohlen zu haben. Die schauspielerischen Leistungen der Jugendlichen von Theartic &#8211; mit und ohne Handicap \u2013 waren grandios und wurden mit viel Beifall bedacht. Drei der Schauspielerinnen des Ensembles sind Sch\u00fclerinnen vom Max: Viktoria Heeren aus der 10C (in Mimik, Gestik und herrlich altmodischem Outfit ganz \u201ealte Dame\u201c), Sandra Fuhrmann aus der 9B (sehr souver\u00e4n in ihrer Rolle als eine der \u00a0&#8211; sehr schick gekleideten -Vermittlerinnen im Konflikt) und Inga Meiser aus der 5B (sehr erwachsen wirkende junge Dame aus \u201eWaldsee\u201c).<\/p>\n<p style=\"text-align: justify;\">Im Nachgespr\u00e4ch nutzten auch Sch\u00fcler aus der 5B das Angebot Fragen an die Schauspielgruppe zu stellen und erfuhren, dass Frau Heymann die Rollen und das gesamte St\u00fcck auch auf die unterschiedliche Motivation der SchauspielerInnen hin erarbeitet hat und wie das geniale B\u00fchnenbild entstanden ist.<\/p>\n<figure id=\"attachment_6415\" aria-describedby=\"caption-attachment-6415\" style=\"width: 1024px\" class=\"wp-caption aligncenter\"><a href=\"https:\/\/max-emden.de\/wordpress\/wp-content\/uploads\/2018\/05\/Theartic1.jpg\"><img fetchpriority=\"high\" decoding=\"async\" class=\"wp-image-6415 size-large\" src=\"https:\/\/max-emden.de\/wordpress\/wp-content\/uploads\/2018\/05\/Theartic1-1024x606.jpg\" alt=\"\" width=\"1024\" height=\"606\" srcset=\"https:\/\/max-emden.de\/wordpress\/wp-content\/uploads\/2018\/05\/Theartic1-1024x606.jpg 1024w, https:\/\/max-emden.de\/wordpress\/wp-content\/uploads\/2018\/05\/Theartic1-300x177.jpg 300w, https:\/\/max-emden.de\/wordpress\/wp-content\/uploads\/2018\/05\/Theartic1-768x454.jpg 768w, https:\/\/max-emden.de\/wordpress\/wp-content\/uploads\/2018\/05\/Theartic1.jpg 1278w\" sizes=\"(max-width: 1024px) 100vw, 1024px\" \/><\/a><figcaption id=\"caption-attachment-6415\" class=\"wp-caption-text\">Voller Vorfreude auf das St\u00fcck &#8211; die Klasse 5b<\/figcaption><\/figure>\n","protected":false},"excerpt":{"rendered":"<p>Die Klasse 5B hat sich im Rahmen des SoL-Unterrichts einen Theaterbesuch beim Ensemble Theartic geg\u00f6nnt. Gezeigt wurde das St\u00fcck \u201eGer\u00fcchte\u201c, das Ulrike Heymann und Claus<a class=\"moretag\" href=\"https:\/\/max-emden.de\/wordpress\/klasse-5b-besucht-das-ensemble-theartic\/\"> [&#8230;]<\/a><\/p>\n","protected":false},"author":1,"featured_media":6414,"comment_status":"closed","ping_status":"closed","sticky":false,"template":"","format":"standard","meta":{"footnotes":""},"categories":[36],"tags":[],"class_list":["post-6413","post","type-post","status-publish","format-standard","has-post-thumbnail","hentry","category-klasse-56"],"_links":{"self":[{"href":"https:\/\/max-emden.de\/wordpress\/wp-json\/wp\/v2\/posts\/6413","targetHints":{"allow":["GET"]}}],"collection":[{"href":"https:\/\/max-emden.de\/wordpress\/wp-json\/wp\/v2\/posts"}],"about":[{"href":"https:\/\/max-emden.de\/wordpress\/wp-json\/wp\/v2\/types\/post"}],"author":[{"embeddable":true,"href":"https:\/\/max-emden.de\/wordpress\/wp-json\/wp\/v2\/users\/1"}],"replies":[{"embeddable":true,"href":"https:\/\/max-emden.de\/wordpress\/wp-json\/wp\/v2\/comments?post=6413"}],"version-history":[{"count":2,"href":"https:\/\/max-emden.de\/wordpress\/wp-json\/wp\/v2\/posts\/6413\/revisions"}],"predecessor-version":[{"id":6463,"href":"https:\/\/max-emden.de\/wordpress\/wp-json\/wp\/v2\/posts\/6413\/revisions\/6463"}],"wp:featuredmedia":[{"embeddable":true,"href":"https:\/\/max-emden.de\/wordpress\/wp-json\/wp\/v2\/media\/6414"}],"wp:attachment":[{"href":"https:\/\/max-emden.de\/wordpress\/wp-json\/wp\/v2\/media?parent=6413"}],"wp:term":[{"taxonomy":"category","embeddable":true,"href":"https:\/\/max-emden.de\/wordpress\/wp-json\/wp\/v2\/categories?post=6413"},{"taxonomy":"post_tag","embeddable":true,"href":"https:\/\/max-emden.de\/wordpress\/wp-json\/wp\/v2\/tags?post=6413"}],"curies":[{"name":"wp","href":"https:\/\/api.w.org\/{rel}","templated":true}]}}