{"id":6423,"date":"2018-05-01T18:41:42","date_gmt":"2018-05-01T18:41:42","guid":{"rendered":"http:\/\/max-emden.de\/wordpress\/?p=6423"},"modified":"2018-05-10T13:07:35","modified_gmt":"2018-05-10T13:07:35","slug":"besuch-aus-der-karibik-ist-gut-angekommen","status":"publish","type":"post","link":"https:\/\/max-emden.de\/wordpress\/besuch-aus-der-karibik-ist-gut-angekommen\/","title":{"rendered":"Besuch aus der Karibik ist gut angekommen!"},"content":{"rendered":"<p style=\"text-align: justify;\">Am sp\u00e4ten Sonntagabend sind sie endlich in Emden angekommen: 15 Sch\u00fclerinnen und Sch\u00fcler des Lyc\u00e9e de la Ma\u00eetrise de Massabielle aus Pointe-\u00e0-Pitre auf Guadeloupe sind momentan zu Gast in der Seehafenstadt. Nachdem im Januar eine Delegation des Max-Windm\u00fcller-Gymnasiums die Karibikinsel besucht hat, findet nun der Gegenbesuch statt.<!--more--> In Begleitung ihrer Lehrerin Laura Periac und Nicholas Durand erkunden die franz\u00f6sischen Sch\u00fcler\u00a0noch bis zum 7. Mai Ostfriesland: Auf dem Programm stehen u.a. ein Besuch des Volkswagenwerkes, eine Exkursion zu einem Bauernhof, eine Drachenboottour und ein Ausflug nach Borkum.<\/p>\n<p style=\"text-align: justify;\">\u00dcber den Verlauf der Reise informieren unsere G\u00e4ste auf ihrem Blog: <a href=\"http:\/\/emden2018.blogspot.de\/\">http:\/\/emden2018.blogspot.de\/<\/a><\/p>\n<p>&nbsp;<\/p>\n<p>&nbsp;<\/p>\n","protected":false},"excerpt":{"rendered":"<p>Am sp\u00e4ten Sonntagabend sind sie endlich in Emden angekommen: 15 Sch\u00fclerinnen und Sch\u00fcler des Lyc\u00e9e de la Ma\u00eetrise de Massabielle aus Pointe-\u00e0-Pitre auf Guadeloupe sind<a class=\"moretag\" href=\"https:\/\/max-emden.de\/wordpress\/besuch-aus-der-karibik-ist-gut-angekommen\/\"> [&#8230;]<\/a><\/p>\n","protected":false},"author":3,"featured_media":6424,"comment_status":"closed","ping_status":"closed","sticky":false,"template":"","format":"standard","meta":{"footnotes":""},"categories":[5,31,35,89],"tags":[],"class_list":["post-6423","post","type-post","status-publish","format-standard","has-post-thumbnail","hentry","category-europaschule","category-franzoesisch","category-interkulturelles-lernen","category-unesco"],"_links":{"self":[{"href":"https:\/\/max-emden.de\/wordpress\/wp-json\/wp\/v2\/posts\/6423","targetHints":{"allow":["GET"]}}],"collection":[{"href":"https:\/\/max-emden.de\/wordpress\/wp-json\/wp\/v2\/posts"}],"about":[{"href":"https:\/\/max-emden.de\/wordpress\/wp-json\/wp\/v2\/types\/post"}],"author":[{"embeddable":true,"href":"https:\/\/max-emden.de\/wordpress\/wp-json\/wp\/v2\/users\/3"}],"replies":[{"embeddable":true,"href":"https:\/\/max-emden.de\/wordpress\/wp-json\/wp\/v2\/comments?post=6423"}],"version-history":[{"count":4,"href":"https:\/\/max-emden.de\/wordpress\/wp-json\/wp\/v2\/posts\/6423\/revisions"}],"predecessor-version":[{"id":6470,"href":"https:\/\/max-emden.de\/wordpress\/wp-json\/wp\/v2\/posts\/6423\/revisions\/6470"}],"wp:featuredmedia":[{"embeddable":true,"href":"https:\/\/max-emden.de\/wordpress\/wp-json\/wp\/v2\/media\/6424"}],"wp:attachment":[{"href":"https:\/\/max-emden.de\/wordpress\/wp-json\/wp\/v2\/media?parent=6423"}],"wp:term":[{"taxonomy":"category","embeddable":true,"href":"https:\/\/max-emden.de\/wordpress\/wp-json\/wp\/v2\/categories?post=6423"},{"taxonomy":"post_tag","embeddable":true,"href":"https:\/\/max-emden.de\/wordpress\/wp-json\/wp\/v2\/tags?post=6423"}],"curies":[{"name":"wp","href":"https:\/\/api.w.org\/{rel}","templated":true}]}}