{"id":645,"date":"2015-02-02T12:03:25","date_gmt":"2015-02-02T12:03:25","guid":{"rendered":"http:\/\/max-emden.de\/wordpress\/?p=645"},"modified":"2015-07-24T12:03:59","modified_gmt":"2015-07-24T12:03:59","slug":"gat-laufteam-erfolgreich-beim-22-auricher-crosslauf-vertreten","status":"publish","type":"post","link":"https:\/\/max-emden.de\/wordpress\/gat-laufteam-erfolgreich-beim-22-auricher-crosslauf-vertreten\/","title":{"rendered":"GaT-Laufteam erfolgreich beim 22. Auricher Crosslauf vertreten"},"content":{"rendered":"<p style=\"text-align: justify;\">Trotz des langen Zeugnisferienwochenendes versammelte sich eine kleine Schar mutiger L\u00e4ufer der Lauf-AG des GaT, um bei 3 Grad und nasskalten Bedingungen die h\u00fcgelige und schlammige Waldstrecke am Auricher Kletterwald zu absolvieren. F\u00fcr Jule Becker (5b), Wiebke Irmer (6d), Sirka Janssen (8f1) und Malik L\u00fcbben (9fl) ging es auf die knackige 1500m-Runde. Die schweren Bedingungen auf der Strecke und das dichte Gedr\u00e4nge am Start verlangten den Startern einiges ab, sodass die letzten Meter zum Ziel noch mal Z\u00e4hnebei\u00dfen angesagt war. Jule schlug sich in ihrem Lauf hervorragend und schaffte mit dem dritten Platz in ihrer Altersklasse den Sprung aufs Treppchen. Noch besser lief es f\u00fcr Wiebke, die mit einer starken Zeit von unter 7 Minuten den zweiten Platz ihrer Altersklasse erringen konnte. <!--more-->Auch Sirka schlug sich als Neuling im Laufwettkampf beachtlich und meisterte die schwierige Strecke in einer guten Zeit. Malik lief gleich am Start vorne weg und konnte mit einer starken Zeit von unter 6 Minuten sein gro\u00dfes Potential best\u00e4tigen. Leider wurde ihm der erste Gesamtrang durch einen Fehler in der Streckenf\u00fchrung verwehrt, sodass er sich am Ende mit einem immer noch hervorragendem zweiten Platz begn\u00fcgen musste. Auf die \u201elangen\u201c f\u00fcnf Kilometer wagte sich Frauke Janssen (11), die sich im Gesamtfeld sehr gut schlug und mit einer Zeit von 26:29 mehr als die H\u00e4lfte der Frauen hinter sich lie\u00df.<\/p>\n<p style=\"text-align: justify;\" align=\"left\">Insgesamt zeigte der Lauf in Aurich wieder einmal, mit wie viel Motivation und Spa\u00df die Sch\u00fclerInnen dabei sind. Dabei geht es nicht in erster Linie um den Wettkampf an sich, sondern die Freude am Laufen und Sich-Bewegen. Als Leiter der Lauf-AG hofft Herr Eiben, dass die momentane tolle Truppe weiterhin so engagiert dabei ist und das Laufteam zu einer festen Gr\u00f6\u00dfe am GaT werden kann.<\/p>\n<p style=\"text-align: justify;\" align=\"left\">&#8230;\u00a0<a href=\"http:\/\/www.gat-emden.de\/presse\/2015\/ez0202Crosslauf.jpg\" target=\"_blank\">Bericht der EZ<\/a><\/p>\n","protected":false},"excerpt":{"rendered":"<p>Trotz des langen Zeugnisferienwochenendes versammelte sich eine kleine Schar mutiger L\u00e4ufer der Lauf-AG des GaT, um bei 3 Grad und nasskalten Bedingungen die h\u00fcgelige und<a class=\"moretag\" href=\"https:\/\/max-emden.de\/wordpress\/gat-laufteam-erfolgreich-beim-22-auricher-crosslauf-vertreten\/\"> [&#8230;]<\/a><\/p>\n","protected":false},"author":1,"featured_media":646,"comment_status":"closed","ping_status":"closed","sticky":false,"template":"","format":"standard","meta":{"footnotes":""},"categories":[67],"tags":[],"class_list":["post-645","post","type-post","status-publish","format-standard","has-post-thumbnail","hentry","category-lauf-ag"],"_links":{"self":[{"href":"https:\/\/max-emden.de\/wordpress\/wp-json\/wp\/v2\/posts\/645","targetHints":{"allow":["GET"]}}],"collection":[{"href":"https:\/\/max-emden.de\/wordpress\/wp-json\/wp\/v2\/posts"}],"about":[{"href":"https:\/\/max-emden.de\/wordpress\/wp-json\/wp\/v2\/types\/post"}],"author":[{"embeddable":true,"href":"https:\/\/max-emden.de\/wordpress\/wp-json\/wp\/v2\/users\/1"}],"replies":[{"embeddable":true,"href":"https:\/\/max-emden.de\/wordpress\/wp-json\/wp\/v2\/comments?post=645"}],"version-history":[{"count":2,"href":"https:\/\/max-emden.de\/wordpress\/wp-json\/wp\/v2\/posts\/645\/revisions"}],"predecessor-version":[{"id":648,"href":"https:\/\/max-emden.de\/wordpress\/wp-json\/wp\/v2\/posts\/645\/revisions\/648"}],"wp:featuredmedia":[{"embeddable":true,"href":"https:\/\/max-emden.de\/wordpress\/wp-json\/wp\/v2\/media\/646"}],"wp:attachment":[{"href":"https:\/\/max-emden.de\/wordpress\/wp-json\/wp\/v2\/media?parent=645"}],"wp:term":[{"taxonomy":"category","embeddable":true,"href":"https:\/\/max-emden.de\/wordpress\/wp-json\/wp\/v2\/categories?post=645"},{"taxonomy":"post_tag","embeddable":true,"href":"https:\/\/max-emden.de\/wordpress\/wp-json\/wp\/v2\/tags?post=645"}],"curies":[{"name":"wp","href":"https:\/\/api.w.org\/{rel}","templated":true}]}}