{"id":6455,"date":"2018-05-09T17:00:55","date_gmt":"2018-05-09T17:00:55","guid":{"rendered":"http:\/\/max-emden.de\/wordpress\/?p=6455"},"modified":"2018-06-03T19:14:26","modified_gmt":"2018-06-03T19:14:26","slug":"monster-spuken-auf-dem-pausenhof","status":"publish","type":"post","link":"https:\/\/max-emden.de\/wordpress\/monster-spuken-auf-dem-pausenhof\/","title":{"rendered":"Monster spuken auf dem Pausenhof"},"content":{"rendered":"<p style=\"text-align: justify;\">Die Welt ist eine B\u00fchne und die jungen Max-Theaterspieler (Jahrg\u00e4nge 5 und 6) haben bei ihrer ersten Vorstellung von \u201eMonsters\u201c gezeigt, dass sie diese vielseitig zu bespielen wissen. Der Spa\u00df an der Auff\u00fchrung, der lange Applaus der Zuschauer und die Freude bei den Proben deuten schon jetzt darauf hin, dass es alsbald eine Fortsetzung des Gruselst\u00fcckes geben wird.<!--more--><\/p>\n<p style=\"text-align: justify;\">Im jetzt aufgef\u00fchrten Teil haben vier Untote (Elina Bergmann, Milla Tillmann, beide 6a, Mathilde Herbers und Collin Schomacker, beide 6d) das Erschrecken des Friedhofw\u00e4chters (Luise Maertens, 5b) satt und nehmen sich vor, von nun an in einem authentischen Schloss zu spuken. Weil dort jedoch von der Inhaberin (Cora M\u00fcller, 8a) mittlerweile ein Event-Hotel gef\u00fchrt wird, bei dem ausgerechnet jetzt eine professionelle Schauspieltruppe (Kim-Marie van Borshum, 6d) eine Gruselnacht durchf\u00fchren soll, gibt es jede Menge lustige Verwirrung. Die Familie Schneider (Lillie Fontaine, Zoi Brauns, beide 6d, Jette Doden, 5c), die Wahrsagerin Maggy Magic (Lilli Graulich, 6a) und der bekannte Fu\u00dfballnationaltrainer Tiger (Lars Petersen, 6a) sind mittendrin und werden Opfer dieses lustigen Gruselkabinetts.<\/p>\n<p style=\"text-align: justify;\">Die Theater-AG probte seit dem Februar 2018 an diesem St\u00fcck und hat f\u00fcr die heutige Auff\u00fchrung mit Hilfe des Hausmeisterteams um Herrn Noske extra das \u201eColosseum\u201c auf dem Pausenhof als B\u00fchne f\u00fcr das Freilichttheaterst\u00fcck hergerichtet. \u2013 Eine gelungene Premiere, die Lust auf mehr Theater macht&#8230;<\/p>\n<p style=\"text-align: justify;\">Die Theater-AG der unteren Klassenstufen unter der Leitung von Frau Frers und Herrn Held findet bis Schuljahresende mittwochs (13:45 bis 15:15) in Raum 312 statt. Wer demn\u00e4chst mitgruseln m\u00f6chte, ist jederzeit eingeladen, vorbeizuschauen&#8230;<\/p>\n<p style=\"text-align: justify;\">Dass auch die \u00e4lteren Max-Sch\u00fcler Theater spielen k\u00f6nnen, wird am 30.05 \/ 01.06, jeweils um 20:00 Uhr in der Aula der IGS Emden, deutlich werden. Karten werden aktuell \u00fcber das Sekretariat des Max-Windm\u00fcller-Gymnasiums ausgegeben.<\/p>\n<p><a href=\"https:\/\/max-emden.de\/wordpress\/wp-content\/uploads\/2018\/05\/2018-05-09-PHOTO-00000018.jpg\"><img fetchpriority=\"high\" decoding=\"async\" class=\"alignleft wp-image-6457 size-medium\" src=\"https:\/\/max-emden.de\/wordpress\/wp-content\/uploads\/2018\/05\/2018-05-09-PHOTO-00000018-300x200.jpg\" alt=\"\" width=\"300\" height=\"200\" srcset=\"https:\/\/max-emden.de\/wordpress\/wp-content\/uploads\/2018\/05\/2018-05-09-PHOTO-00000018-300x200.jpg 300w, https:\/\/max-emden.de\/wordpress\/wp-content\/uploads\/2018\/05\/2018-05-09-PHOTO-00000018-768x512.jpg 768w, https:\/\/max-emden.de\/wordpress\/wp-content\/uploads\/2018\/05\/2018-05-09-PHOTO-00000018-1024x682.jpg 1024w, https:\/\/max-emden.de\/wordpress\/wp-content\/uploads\/2018\/05\/2018-05-09-PHOTO-00000018.jpg 1280w\" sizes=\"(max-width: 300px) 100vw, 300px\" \/><\/a> <a href=\"https:\/\/max-emden.de\/wordpress\/wp-content\/uploads\/2018\/05\/2018-05-09-PHOTO-00000019.jpg\"><img decoding=\"async\" class=\"alignleft wp-image-6458 size-medium\" src=\"https:\/\/max-emden.de\/wordpress\/wp-content\/uploads\/2018\/05\/2018-05-09-PHOTO-00000019-300x200.jpg\" alt=\"\" width=\"300\" height=\"200\" srcset=\"https:\/\/max-emden.de\/wordpress\/wp-content\/uploads\/2018\/05\/2018-05-09-PHOTO-00000019-300x200.jpg 300w, https:\/\/max-emden.de\/wordpress\/wp-content\/uploads\/2018\/05\/2018-05-09-PHOTO-00000019-768x512.jpg 768w, https:\/\/max-emden.de\/wordpress\/wp-content\/uploads\/2018\/05\/2018-05-09-PHOTO-00000019-1024x682.jpg 1024w, https:\/\/max-emden.de\/wordpress\/wp-content\/uploads\/2018\/05\/2018-05-09-PHOTO-00000019.jpg 1280w\" sizes=\"(max-width: 300px) 100vw, 300px\" \/><\/a> <a href=\"https:\/\/max-emden.de\/wordpress\/wp-content\/uploads\/2018\/05\/2018-05-09-PHOTO-00000020.jpg\"><img decoding=\"async\" class=\"alignleft wp-image-6459 size-medium\" src=\"https:\/\/max-emden.de\/wordpress\/wp-content\/uploads\/2018\/05\/2018-05-09-PHOTO-00000020-216x300.jpg\" alt=\"\" width=\"216\" height=\"300\" srcset=\"https:\/\/max-emden.de\/wordpress\/wp-content\/uploads\/2018\/05\/2018-05-09-PHOTO-00000020-216x300.jpg 216w, https:\/\/max-emden.de\/wordpress\/wp-content\/uploads\/2018\/05\/2018-05-09-PHOTO-00000020-768x1065.jpg 768w, https:\/\/max-emden.de\/wordpress\/wp-content\/uploads\/2018\/05\/2018-05-09-PHOTO-00000020-738x1024.jpg 738w, https:\/\/max-emden.de\/wordpress\/wp-content\/uploads\/2018\/05\/2018-05-09-PHOTO-00000020.jpg 923w\" sizes=\"(max-width: 216px) 100vw, 216px\" \/><\/a> <a href=\"https:\/\/max-emden.de\/wordpress\/wp-content\/uploads\/2018\/05\/2018-05-09-PHOTO-00000021.jpg\"><img loading=\"lazy\" decoding=\"async\" class=\"alignleft wp-image-6460 size-medium\" src=\"https:\/\/max-emden.de\/wordpress\/wp-content\/uploads\/2018\/05\/2018-05-09-PHOTO-00000021-300x200.jpg\" alt=\"\" width=\"300\" height=\"200\" srcset=\"https:\/\/max-emden.de\/wordpress\/wp-content\/uploads\/2018\/05\/2018-05-09-PHOTO-00000021-300x200.jpg 300w, https:\/\/max-emden.de\/wordpress\/wp-content\/uploads\/2018\/05\/2018-05-09-PHOTO-00000021-768x512.jpg 768w, https:\/\/max-emden.de\/wordpress\/wp-content\/uploads\/2018\/05\/2018-05-09-PHOTO-00000021-1024x682.jpg 1024w, https:\/\/max-emden.de\/wordpress\/wp-content\/uploads\/2018\/05\/2018-05-09-PHOTO-00000021.jpg 1280w\" sizes=\"(max-width: 300px) 100vw, 300px\" \/><\/a><\/p>\n","protected":false},"excerpt":{"rendered":"<p>Die Welt ist eine B\u00fchne und die jungen Max-Theaterspieler (Jahrg\u00e4nge 5 und 6) haben bei ihrer ersten Vorstellung von \u201eMonsters\u201c gezeigt, dass sie diese vielseitig<a class=\"moretag\" href=\"https:\/\/max-emden.de\/wordpress\/monster-spuken-auf-dem-pausenhof\/\"> [&#8230;]<\/a><\/p>\n","protected":false},"author":1,"featured_media":6456,"comment_status":"closed","ping_status":"closed","sticky":false,"template":"","format":"standard","meta":{"footnotes":""},"categories":[79,90],"tags":[],"class_list":["post-6455","post","type-post","status-publish","format-standard","has-post-thumbnail","hentry","category-darstellendes-spiel","category-kov"],"_links":{"self":[{"href":"https:\/\/max-emden.de\/wordpress\/wp-json\/wp\/v2\/posts\/6455","targetHints":{"allow":["GET"]}}],"collection":[{"href":"https:\/\/max-emden.de\/wordpress\/wp-json\/wp\/v2\/posts"}],"about":[{"href":"https:\/\/max-emden.de\/wordpress\/wp-json\/wp\/v2\/types\/post"}],"author":[{"embeddable":true,"href":"https:\/\/max-emden.de\/wordpress\/wp-json\/wp\/v2\/users\/1"}],"replies":[{"embeddable":true,"href":"https:\/\/max-emden.de\/wordpress\/wp-json\/wp\/v2\/comments?post=6455"}],"version-history":[{"count":3,"href":"https:\/\/max-emden.de\/wordpress\/wp-json\/wp\/v2\/posts\/6455\/revisions"}],"predecessor-version":[{"id":6538,"href":"https:\/\/max-emden.de\/wordpress\/wp-json\/wp\/v2\/posts\/6455\/revisions\/6538"}],"wp:featuredmedia":[{"embeddable":true,"href":"https:\/\/max-emden.de\/wordpress\/wp-json\/wp\/v2\/media\/6456"}],"wp:attachment":[{"href":"https:\/\/max-emden.de\/wordpress\/wp-json\/wp\/v2\/media?parent=6455"}],"wp:term":[{"taxonomy":"category","embeddable":true,"href":"https:\/\/max-emden.de\/wordpress\/wp-json\/wp\/v2\/categories?post=6455"},{"taxonomy":"post_tag","embeddable":true,"href":"https:\/\/max-emden.de\/wordpress\/wp-json\/wp\/v2\/tags?post=6455"}],"curies":[{"name":"wp","href":"https:\/\/api.w.org\/{rel}","templated":true}]}}