{"id":6508,"date":"2018-06-03T18:38:40","date_gmt":"2018-06-03T18:38:40","guid":{"rendered":"http:\/\/max-emden.de\/wordpress\/?p=6508"},"modified":"2018-06-11T18:14:38","modified_gmt":"2018-06-11T18:14:38","slug":"erster-carrotmob-zugunsten-des-cafe-einstein-erzielte-sehr-gutes-ergebnis","status":"publish","type":"post","link":"https:\/\/max-emden.de\/wordpress\/erster-carrotmob-zugunsten-des-cafe-einstein-erzielte-sehr-gutes-ergebnis\/","title":{"rendered":"Erster Carrotmob zugunsten des Caf\u00e9 Einstein erzielte sehr gutes Ergebnis!"},"content":{"rendered":"<p style=\"text-align: justify;\">Einen besseren Auftakt h\u00e4tte sich die Carrotmob-AG kaum vorstellen k\u00f6nnen: Beim ersten Carrotmob Ostfrieslands, der in Kooperation mit dem Caf\u00e9 Einstein durchgef\u00fchrt wurde, gab es am vergangenen Sonnabend den ganzen Nachmittag regen Zulauf.<!--more--> Viele Besucher zeigten gro\u00dfes Interesse am Projekt und nutzten die Gelegenheit, die Aktion durch den Kauf eines St\u00fcckes Karottenkuchen, eines Tombola-Loses oder einer Tasse Kaffee zu unterst\u00fctzen, so AG-Leiterin Hanna Eggert, die sich begeistert vom Einsatz ihrer Sch\u00fclerinnen und Sch\u00fcler zeigte: &#8222;Ob beim Kinderschminken oder als H\u00fcpfburg-Betreuer: Alle haben mit ihrem Einsatz daf\u00fcr gesorgt, dass der Nachmittag zu einem richtigen Familienfest geworden ist.&#8220;<\/p>\n<figure id=\"attachment_6511\" aria-describedby=\"caption-attachment-6511\" style=\"width: 900px\" class=\"wp-caption alignnone\"><a href=\"https:\/\/max-emden.de\/wordpress\/wp-content\/uploads\/2018\/05\/Carrotmob-2018-LR-3.jpg\"><img fetchpriority=\"high\" decoding=\"async\" class=\"wp-image-6511 size-full\" src=\"https:\/\/max-emden.de\/wordpress\/wp-content\/uploads\/2018\/05\/Carrotmob-2018-LR-3.jpg\" alt=\"\" width=\"900\" height=\"600\" srcset=\"https:\/\/max-emden.de\/wordpress\/wp-content\/uploads\/2018\/05\/Carrotmob-2018-LR-3.jpg 900w, https:\/\/max-emden.de\/wordpress\/wp-content\/uploads\/2018\/05\/Carrotmob-2018-LR-3-300x200.jpg 300w, https:\/\/max-emden.de\/wordpress\/wp-content\/uploads\/2018\/05\/Carrotmob-2018-LR-3-768x512.jpg 768w\" sizes=\"(max-width: 900px) 100vw, 900px\" \/><\/a><figcaption id=\"caption-attachment-6511\" class=\"wp-caption-text\">Kaffee, H\u00fcpfburg und tolles Wetter &#8211; der erste Carrotmob in Ostfriesland stand unter einem guten Stern!<\/figcaption><\/figure>\n<p style=\"text-align: justify;\">Insgesamt sind 1460\u20ac durch den Carrotmob erwirtschaftet worden &#8211; eine stolze Summe, die Einstein-Betreiber Jens Friesenborg nun zu 100% in die energetische Verbesserung seines Caf\u00e9s stecken will. Damit handelt er ganz im Sinne der Aktion, denn die AG-Teilnehmer wollen ihre Kooperationspartner animieren, etwas f\u00fcr den Klimaschutz zu tun. Der Einstein-Carrotmob soll deshalb nicht das letzte Projekt dieser Art sein, denn die AG hofft weitere Gesch\u00e4fte von der Idee zu \u00fcberzeugen. Interessierte sollten deshalb nicht z\u00f6gern, sich bei der Carrotmob-AG zu melden!<\/p>\n<figure id=\"attachment_6512\" aria-describedby=\"caption-attachment-6512\" style=\"width: 900px\" class=\"wp-caption alignnone\"><a href=\"https:\/\/max-emden.de\/wordpress\/wp-content\/uploads\/2018\/05\/Carrotmob-2018-LR-1.jpg\"><img decoding=\"async\" class=\"wp-image-6512 size-full\" src=\"https:\/\/max-emden.de\/wordpress\/wp-content\/uploads\/2018\/05\/Carrotmob-2018-LR-1.jpg\" alt=\"\" width=\"900\" height=\"600\" srcset=\"https:\/\/max-emden.de\/wordpress\/wp-content\/uploads\/2018\/05\/Carrotmob-2018-LR-1.jpg 900w, https:\/\/max-emden.de\/wordpress\/wp-content\/uploads\/2018\/05\/Carrotmob-2018-LR-1-300x200.jpg 300w, https:\/\/max-emden.de\/wordpress\/wp-content\/uploads\/2018\/05\/Carrotmob-2018-LR-1-768x512.jpg 768w\" sizes=\"(max-width: 900px) 100vw, 900px\" \/><\/a><figcaption id=\"caption-attachment-6512\" class=\"wp-caption-text\">Einsatz f\u00fcr den Klimaschutz: Einstein-Inhaber Jens Friesenborg (li.) mit Mitgliedern der Carrotmob-AG, AG-Leiterin Hanna Eggert (u. re.), SWE-Vertreter Jannik Wilken (re.), Klimaschutzmanager Jann Gerdes (4.v.l.) und UNESCO-Koordinator Kai Gembler (2.v.r.).<\/figcaption><\/figure>\n<p>&nbsp;<\/p>\n<p>&nbsp;<\/p>\n<p>&nbsp;<\/p>\n","protected":false},"excerpt":{"rendered":"<p>Einen besseren Auftakt h\u00e4tte sich die Carrotmob-AG kaum vorstellen k\u00f6nnen: Beim ersten Carrotmob Ostfrieslands, der in Kooperation mit dem Caf\u00e9 Einstein durchgef\u00fchrt wurde, gab es<a class=\"moretag\" href=\"https:\/\/max-emden.de\/wordpress\/erster-carrotmob-zugunsten-des-cafe-einstein-erzielte-sehr-gutes-ergebnis\/\"> [&#8230;]<\/a><\/p>\n","protected":false},"author":3,"featured_media":6509,"comment_status":"closed","ping_status":"closed","sticky":false,"template":"","format":"standard","meta":{"footnotes":""},"categories":[11,36,89],"tags":[],"class_list":["post-6508","post","type-post","status-publish","format-standard","has-post-thumbnail","hentry","category-nachhaltigkeit","category-klasse-56","category-unesco"],"_links":{"self":[{"href":"https:\/\/max-emden.de\/wordpress\/wp-json\/wp\/v2\/posts\/6508","targetHints":{"allow":["GET"]}}],"collection":[{"href":"https:\/\/max-emden.de\/wordpress\/wp-json\/wp\/v2\/posts"}],"about":[{"href":"https:\/\/max-emden.de\/wordpress\/wp-json\/wp\/v2\/types\/post"}],"author":[{"embeddable":true,"href":"https:\/\/max-emden.de\/wordpress\/wp-json\/wp\/v2\/users\/3"}],"replies":[{"embeddable":true,"href":"https:\/\/max-emden.de\/wordpress\/wp-json\/wp\/v2\/comments?post=6508"}],"version-history":[{"count":6,"href":"https:\/\/max-emden.de\/wordpress\/wp-json\/wp\/v2\/posts\/6508\/revisions"}],"predecessor-version":[{"id":6582,"href":"https:\/\/max-emden.de\/wordpress\/wp-json\/wp\/v2\/posts\/6508\/revisions\/6582"}],"wp:featuredmedia":[{"embeddable":true,"href":"https:\/\/max-emden.de\/wordpress\/wp-json\/wp\/v2\/media\/6509"}],"wp:attachment":[{"href":"https:\/\/max-emden.de\/wordpress\/wp-json\/wp\/v2\/media?parent=6508"}],"wp:term":[{"taxonomy":"category","embeddable":true,"href":"https:\/\/max-emden.de\/wordpress\/wp-json\/wp\/v2\/categories?post=6508"},{"taxonomy":"post_tag","embeddable":true,"href":"https:\/\/max-emden.de\/wordpress\/wp-json\/wp\/v2\/tags?post=6508"}],"curies":[{"name":"wp","href":"https:\/\/api.w.org\/{rel}","templated":true}]}}