{"id":6571,"date":"2018-06-07T06:38:10","date_gmt":"2018-06-07T06:38:10","guid":{"rendered":"http:\/\/max-emden.de\/wordpress\/?p=6571"},"modified":"2018-06-23T11:18:40","modified_gmt":"2018-06-23T11:18:40","slug":"pariser-schueler-entdeckten-ostfriesische-lebensart","status":"publish","type":"post","link":"https:\/\/max-emden.de\/wordpress\/pariser-schueler-entdeckten-ostfriesische-lebensart\/","title":{"rendered":"Pariser Sch\u00fcler entdeckten ostfriesische Lebensart"},"content":{"rendered":"<p style=\"text-align: justify;\">Nachdem bereits im Herbst 2017 Sch\u00fclerInnen der Jahrg\u00e4nge 8 und 9 des Max-Windm\u00fcller-Gymnasiums die franz\u00f6sische Metropole erkunden konnten, fand nun in der Woche vom 23. bis zum 30. Mai 2018 der Gegenbesuch des Coll\u00e8ge Saint-Louis Montcalm statt. <!--more-->Begleitet von ihrer Lehrerin B\u00e9reng\u00e8re Mely und des Ehepaares De Jorna entdeckten 28 Pariser Sch\u00fcler und Sch\u00fclerinnen bei herrlichstem Sommerwetter Ostfriesland: Auf dem Programm, organisiert von Dr. Susanne van Hove, standen zahlreiche Ausfl\u00fcge, wie beispielsweise nach Borkum und Bremen, aber auch Besichtigungen des Bunkermuseums, des Landesmuseums sowie des VW-Werkes in Emden. Begeistert zeigten sich die Franzosen unter anderem von dem vielen \u201eGr\u00fcn\u201c, den zahlreichen Badem\u00f6glichkeiten \u2013 auch au\u00dferhalb der st\u00e4dtischen Schwimmb\u00e4der \u2013 den kurzen Entfernungen, die leider nicht immer unfallfrei mit dem Fahrrad zur\u00fcckgelegt werden konnten -, der reinen Luft, der insgesamt besseren Lebensqualit\u00e4t in einer Kleinstadt und nicht zu vergessen: des freizeitfreundlicheren Schulalltages. Und so verwundert es auch nicht, dass bei den zahlreichen Abschiedsbekundungen auf dem Bahnsteig so manche Abschiedstr\u00e4ne flo\u00df: \u201eOn se revoit &#8211; wir werden uns wieder sehen!\u201c<\/p>\n","protected":false},"excerpt":{"rendered":"<p>Nachdem bereits im Herbst 2017 Sch\u00fclerInnen der Jahrg\u00e4nge 8 und 9 des Max-Windm\u00fcller-Gymnasiums die franz\u00f6sische Metropole erkunden konnten, fand nun in der Woche vom 23.<a class=\"moretag\" href=\"https:\/\/max-emden.de\/wordpress\/pariser-schueler-entdeckten-ostfriesische-lebensart\/\"> [&#8230;]<\/a><\/p>\n","protected":false},"author":3,"featured_media":6572,"comment_status":"closed","ping_status":"closed","sticky":false,"template":"","format":"standard","meta":{"footnotes":""},"categories":[5,31,35,77],"tags":[],"class_list":["post-6571","post","type-post","status-publish","format-standard","has-post-thumbnail","hentry","category-europaschule","category-franzoesisch","category-interkulturelles-lernen","category-paris-frankreich"],"_links":{"self":[{"href":"https:\/\/max-emden.de\/wordpress\/wp-json\/wp\/v2\/posts\/6571","targetHints":{"allow":["GET"]}}],"collection":[{"href":"https:\/\/max-emden.de\/wordpress\/wp-json\/wp\/v2\/posts"}],"about":[{"href":"https:\/\/max-emden.de\/wordpress\/wp-json\/wp\/v2\/types\/post"}],"author":[{"embeddable":true,"href":"https:\/\/max-emden.de\/wordpress\/wp-json\/wp\/v2\/users\/3"}],"replies":[{"embeddable":true,"href":"https:\/\/max-emden.de\/wordpress\/wp-json\/wp\/v2\/comments?post=6571"}],"version-history":[{"count":3,"href":"https:\/\/max-emden.de\/wordpress\/wp-json\/wp\/v2\/posts\/6571\/revisions"}],"predecessor-version":[{"id":6634,"href":"https:\/\/max-emden.de\/wordpress\/wp-json\/wp\/v2\/posts\/6571\/revisions\/6634"}],"wp:featuredmedia":[{"embeddable":true,"href":"https:\/\/max-emden.de\/wordpress\/wp-json\/wp\/v2\/media\/6572"}],"wp:attachment":[{"href":"https:\/\/max-emden.de\/wordpress\/wp-json\/wp\/v2\/media?parent=6571"}],"wp:term":[{"taxonomy":"category","embeddable":true,"href":"https:\/\/max-emden.de\/wordpress\/wp-json\/wp\/v2\/categories?post=6571"},{"taxonomy":"post_tag","embeddable":true,"href":"https:\/\/max-emden.de\/wordpress\/wp-json\/wp\/v2\/tags?post=6571"}],"curies":[{"name":"wp","href":"https:\/\/api.w.org\/{rel}","templated":true}]}}