{"id":6624,"date":"2018-06-22T15:19:54","date_gmt":"2018-06-22T15:19:54","guid":{"rendered":"http:\/\/max-emden.de\/wordpress\/?p=6624"},"modified":"2018-06-29T11:06:03","modified_gmt":"2018-06-29T11:06:03","slug":"schuelermannschaft-hofft-auf-unterstuetzung-zum-saisonfinale","status":"publish","type":"post","link":"https:\/\/max-emden.de\/wordpress\/schuelermannschaft-hofft-auf-unterstuetzung-zum-saisonfinale\/","title":{"rendered":"Sch\u00fclermannschaft hofft auf Unterst\u00fctzung zum Saisonfinale"},"content":{"rendered":"<p style=\"text-align: justify;\">Traditionell kommt es am Max zum Jahresende zu sportlichen Duellen zwischen Lehrern und Sch\u00fclern: Am kommenden Montag steigt die\u00a0Drachenboot-ReGaTta, am Mittwoch wird das gro\u00dfe Fu\u00dfballspiel angepfiffen. Tobias Bruns hat die Kapit\u00e4ne beider Teams vorab interviewt:<!--more--><\/p>\n<p style=\"text-align: justify;\">In den letzten Jahren war die beliebte Drachenboot-Regatta immer eine \u201eGaudi\u201c wie es Organisator Kai Gembler betitelte. Sie ist f\u00fcr alle Aktiven ein toller Abschluss des Schuljahres, der die Klassengemeinschaft Paddelschlag f\u00fcr Paddelschlag st\u00e4rkt. Neben den jahrgangsinternen Rennen der f\u00fcnften bis zehnten Klassen kommt es gegen Mittag zum Showdown zwischen Lehrern und den elften Klassen. Als Sieger ging in den letzten Jahren stets die Sch\u00fclermannschaft hervor. Damit dies auch 2018 so bleibt, l\u00e4uft das Training bereits seit Wochen. Der elfte Jahrgang hat ein schlagkr\u00e4ftiges Team beisammen, das bereits im vergangenen Jahr auf der Hafenmeile einen guten dritten Platz in der Sport-Klasse errang. \u201eWir gehen optimistisch ins Rennen, sind topfit und nutzen es als Test vor der Hafenmeile am 18.08.\u201c, so Schlagfrau Lina Brahms. Der Sieger dieses Rennens wird im Anschluss zudem noch gegen den zw\u00f6lften Jahrgang antreten. Das Team um Tamme Nausch\u00fctt ist nach Abiverleihung und Abiball weiterhin hei\u00df auf Drachenboot fahren.<\/p>\n<p style=\"text-align: justify;\">Im Ostfriesland-Stadion des BSV Kickers Emden laufen die Vorbereitungen f\u00fcr Mittwoch, den 27.06. auf Hochtouren, bevor das runde Leder ab etwa 8.20 Uhr rollt: Der M\u00e4h-Roboter des Vereins ist trotz Sommerpause weiterhin im Einsatz und auch beide Teams sind seit Wochen, gar Monaten im Trainingsbetrieb. Lehrer-Kapit\u00e4n Severin Tillman will endlich den ersten Sieg f\u00fcr das Kollegium erreichen. \u201eUnsere Chancen sind gr\u00f6\u00dfer denn je und die Kaderliste der Sch\u00fcler stimmt mich positiv\u201c, so Tillmann, der die Sch\u00fcler- Mannschaft offensichtlich untersch\u00e4tzt. Auch wenn die Vorbereitung laut dem Kapit\u00e4n eher durchwachsen verlief und der Kader in der Breite schwach<br \/>\nbesetzt sei, soll der Knoten endlich platzen. Sch\u00fcler-Trainer Bonno Elster dr\u00fcckt zwar seinen Respekt vor dem Gegner\u00a0aus, doch sieht sein Team dennoch in der Favoritenrolle. \u201eEs erf\u00fcllt mich mit Freude, die Jungs spielen zu sehen\u201c, so der Trainer, der erst kurzfristig verpflichtet wurde und sein Team vor einer Niederlage bewahren soll. Er hat alle Mann an Bord und schw\u00e4rmt von einer intensiven Vorbereitung, die die Erwartungen gar \u00fcbertraf. Demnach geht die Sch\u00fclermannschaft mit breiter Brust ins Spiel und rechnet mit einem tief stehenden Gegner. Elster warnt trotzdem vor dem konstant stark aufspielenden Severin Tillmann und Routinier Detlef Hillers aber auch dem pfeilschnellen Johannes Hessel.<br \/>\n\u201eWir wollen den Leuten eine spektakul\u00e4re Show bieten und in erster Linie ein fu\u00dfballerisches Feuerwerk abfeuern\u201c, so der Sch\u00fcler-Coach. So hofft die Sch\u00fclermannschaft zu beiden Wettk\u00e4mpfen auf die lautstarke Unterst\u00fctzung der Zuschauer! Als Belohnung erwartet die Sch\u00fcler nicht nur sechs Wochen lang schulfrei, sondern auch attraktive Rabatte am Verkaufsstand des dann neuen Abi-Jahrganges. Endet das Fu\u00dfballspiel f\u00fcr die Sch\u00fcler mit einem Sieg, gibt es nach Spielende Kratzeis und Capri Sonne mit sattem 50 % Rabatt.<\/p>\n<p><a href=\"https:\/\/max-emden.de\/wordpress\/wp-content\/uploads\/2018\/06\/FuBa-Team-2018-LR.jpg\"><img fetchpriority=\"high\" decoding=\"async\" class=\"size-full wp-image-6626 aligncenter\" src=\"https:\/\/max-emden.de\/wordpress\/wp-content\/uploads\/2018\/06\/FuBa-Team-2018-LR.jpg\" alt=\"\" width=\"825\" height=\"600\" srcset=\"https:\/\/max-emden.de\/wordpress\/wp-content\/uploads\/2018\/06\/FuBa-Team-2018-LR.jpg 825w, https:\/\/max-emden.de\/wordpress\/wp-content\/uploads\/2018\/06\/FuBa-Team-2018-LR-300x218.jpg 300w, https:\/\/max-emden.de\/wordpress\/wp-content\/uploads\/2018\/06\/FuBa-Team-2018-LR-768x559.jpg 768w\" sizes=\"(max-width: 825px) 100vw, 825px\" \/><\/a><br \/>\nF\u00fcr die Sch\u00fclerauswahl laufen auf: Daniel Schr\u00f6der, Lenard Budde, Alexander Stein, Jan van Dyken, Janeck Br\u00f6ckelmann, Thorben B\u00f6hme,<br \/>\nVooke Meyer, Tobias Bruns, Kai Rukac, Tobias Schilase, Leon Pulskamp undLeon G\u00f6ring<\/p>\n","protected":false},"excerpt":{"rendered":"<p>Traditionell kommt es am Max zum Jahresende zu sportlichen Duellen zwischen Lehrern und Sch\u00fclern: Am kommenden Montag steigt die\u00a0Drachenboot-ReGaTta, am Mittwoch wird das gro\u00dfe Fu\u00dfballspiel<a class=\"moretag\" href=\"https:\/\/max-emden.de\/wordpress\/schuelermannschaft-hofft-auf-unterstuetzung-zum-saisonfinale\/\"> [&#8230;]<\/a><\/p>\n","protected":false},"author":3,"featured_media":6625,"comment_status":"closed","ping_status":"closed","sticky":false,"template":"","format":"standard","meta":{"footnotes":""},"categories":[2],"tags":[],"class_list":["post-6624","post","type-post","status-publish","format-standard","has-post-thumbnail","hentry","category-allgemein"],"_links":{"self":[{"href":"https:\/\/max-emden.de\/wordpress\/wp-json\/wp\/v2\/posts\/6624","targetHints":{"allow":["GET"]}}],"collection":[{"href":"https:\/\/max-emden.de\/wordpress\/wp-json\/wp\/v2\/posts"}],"about":[{"href":"https:\/\/max-emden.de\/wordpress\/wp-json\/wp\/v2\/types\/post"}],"author":[{"embeddable":true,"href":"https:\/\/max-emden.de\/wordpress\/wp-json\/wp\/v2\/users\/3"}],"replies":[{"embeddable":true,"href":"https:\/\/max-emden.de\/wordpress\/wp-json\/wp\/v2\/comments?post=6624"}],"version-history":[{"count":8,"href":"https:\/\/max-emden.de\/wordpress\/wp-json\/wp\/v2\/posts\/6624\/revisions"}],"predecessor-version":[{"id":6695,"href":"https:\/\/max-emden.de\/wordpress\/wp-json\/wp\/v2\/posts\/6624\/revisions\/6695"}],"wp:featuredmedia":[{"embeddable":true,"href":"https:\/\/max-emden.de\/wordpress\/wp-json\/wp\/v2\/media\/6625"}],"wp:attachment":[{"href":"https:\/\/max-emden.de\/wordpress\/wp-json\/wp\/v2\/media?parent=6624"}],"wp:term":[{"taxonomy":"category","embeddable":true,"href":"https:\/\/max-emden.de\/wordpress\/wp-json\/wp\/v2\/categories?post=6624"},{"taxonomy":"post_tag","embeddable":true,"href":"https:\/\/max-emden.de\/wordpress\/wp-json\/wp\/v2\/tags?post=6624"}],"curies":[{"name":"wp","href":"https:\/\/api.w.org\/{rel}","templated":true}]}}