{"id":6711,"date":"2018-07-02T08:20:12","date_gmt":"2018-07-02T08:20:12","guid":{"rendered":"http:\/\/max-emden.de\/wordpress\/?p=6711"},"modified":"2018-08-14T21:02:53","modified_gmt":"2018-08-14T21:02:53","slug":"kieler-woche-max-windmueller-gymnasium-belegte-den-ersten-platz-in-der-schulwertung","status":"publish","type":"post","link":"https:\/\/max-emden.de\/wordpress\/kieler-woche-max-windmueller-gymnasium-belegte-den-ersten-platz-in-der-schulwertung\/","title":{"rendered":"Kieler Woche: Max-Windm\u00fcller-Gymnasium belegte den ersten Platz in der Schulwertung"},"content":{"rendered":"<p style=\"text-align: justify;\">Am Donnerstag, den 15.Juni 2018, traf sich eine bunt gemischte Gruppe von Sch\u00fclerinnen und Sch\u00fclern, Lehrern und Eltern des Max-Windm\u00fcller-Gymnasiums, um den Weg zur Kieler Woche anzutreten. Dank der Segellehrer Detlef Hillers und Uwe Kinast durften neun Mitglieder der Segel-AG an der 129. Kieler Marinekutter-Regatta der offenen Klasse teilnehmen.<!--more--><\/p>\n<p style=\"text-align: justify;\">Nach einer angenehmen Anreise wurden auf dem sonst so streng gesicherten Marinest\u00fctzpunkt an der Kieler F\u00f6rde bei gutem Wetter die Zelte aufgebaut. Nachmittags unternahm die Gruppe einen Ausflug zum Olympiazentrum in Schilksee, wo es von Seglern aus der ganzen Welt nur so wimmelte. Die Max-Mannschaft war beeindruckt von der Vielzahl von Nationalit\u00e4ten und dem besonderen Flair des Hochleistungssegelsports. Zudem traf die Gruppe dort auf den ehemaligen Max-Sch\u00fcler Johannes Janhsen, der seinen Bundesfreiwilligendienst beim DSV am Olympiazentrum in Schilksee absolviert. Er berichtete der Gruppe von seinem sozialen Jahr und seinen Aufgaben.<\/p>\n<p style=\"text-align: justify;\">Nach einer ruhigen Nacht startete am Freitagvormittag das erste Training, in dem es f\u00fcr die sonst Opti und 420er segelnden Sch\u00fclern hie\u00df, den Kutter kennenzulernen. Alle waren sehr gespannt und hatten unterschiedlichste Erwartungen. Allerdings hielt sich die Begeisterung bei einigen Seglern in Grenzen, da nur sehr m\u00e4\u00dfiger Wind aufkam und der Kutter recht beh\u00e4big \u00fcbers Wasser segelte. Daf\u00fcr steigerte sich der Wind in den n\u00e4chsten Tagen.<\/p>\n<p style=\"text-align: justify;\">Am Samstag um 13 Uhr startete die erste Wettfahrt mit 22 Kuttern: Alle waren aufgeregt und hofften auf guten Wind. Die Mannschaft bestand aus dem Steuermann und acht Seglern. Die Marinekutter, die von der Bundesmarine eigens f\u00fcr dieses Ereignis aus allen Standorten zusammengezogen wurden, wurden alle zwei Wettfahrten neu zugelost. Ein Umstand, dessen Bedeutung erst w\u00e4hrend der Wettfahrt ersichtlich wurde, denn so lief das erste Boot nicht die gew\u00fcnschte H\u00f6he im Vergleich zu anderen Schiffen.<\/p>\n<p style=\"text-align: justify;\">Mitten in der Wettfahrt hatten die Segler mit einer Regenfront zu k\u00e4mpfen, doch die Mannschaft meisterte pitschnass die Situation. Obwohl das Team vom Kutter des Polizeiteams Hamburg gerammt wurde, segelte es trotzdem als achtes Boot durchs Ziel.<\/p>\n<p style=\"text-align: justify;\">Als Belohnung gab es ein ausgiebiges Essen und gest\u00e4rkt verging der Abend in guter Stimmung. Am Sonntagmorgen fiel das Aufstehen schon nicht mehr so leicht und die Max-Segler gingen nach einem Fr\u00fchst\u00fcck um 8:30 Uhr zum Wasser, um ihr Boot aufzutakeln. Der Sonntag war mit drei Wettfahrten der Hauptsegeltag. Das Wetter war teils sonnig, teils bew\u00f6lkt und ein stetiger Wind wehte. Das Team fand sich immer besser in die aufeinander abgestimmten Man\u00f6ver auf dem Boot ein, denn gerade bei dem schwachen Wind war es wichtig, den richtigen Bootstrimm zu finden.<\/p>\n<p style=\"text-align: justify;\">Unsere Mannschaft belegte bei den ersten beiden Fahrten die Pl\u00e4tze 6 und 18: In dieser schlechtesten Wettfahrt in der Serie wurde das Team nach einer Tonnenber\u00fchrung vom Schiedsgericht zu einem 180 Grad-Strafkringel angepfiffen, die Behinderung eines anderen Bootes, die diese Ber\u00fchrung erst verursachte, wurde nicht geahndet. Die Max-Crew verzichtete auf einen Protest, da es keine weiteren Zeugen gab. Dieses Ergebnis war am Ende der Serie das Streichergebnis.<\/p>\n<p style=\"text-align: justify;\">Nach dem Mittag wurden abermals die Boote neu vergeben und das Team konnte mit einem guten Start ins vordere Drittel segeln. Die in der Innenf\u00f6rde mit der Landabdeckung drehenden Winde f\u00fchrten in dem engen Feld zu st\u00e4ndigen Positionswechseln und nur ein Geniestreich an der letzten Luv-Boje erm\u00f6glichte am Ende des Tages Platz 9.<\/p>\n<p style=\"text-align: justify;\">Die Crew genoss den Rest des Tages bei einer weiteren Pizza und mehreren Partien Schwedenschach.<\/p>\n<p style=\"text-align: justify;\">Montagmorgen, am letzten Regattatag, ging die Mannschaft hochmotiviert an den Start. Nun war die Gruppe gut eingespielt und jeder wusste, was er zu tun hatte.<\/p>\n<p style=\"text-align: justify;\">Die Sch\u00fclerinnen und Sch\u00fcler ersegelten sich auf der ersten Wettfahrt, in der sogar ein U-Boot das Regattafeld kreuzte, einen tollen sechsten Platz.<\/p>\n<p style=\"text-align: justify;\">Die letzte Wettfahrt sollte die spannendste werden: Es gelang dem Team ein 0-Start in Lee und mit der beg\u00fcnstigten Seite segelte die Max-Crew an die Spitze. Bis kurz vorm Ziel das Team an erster Position, dicht gefolgt von zwei weiteren Kuttern. Leider konnte es die Position nicht halten, da sich die hinteren Teams f\u00fcr extreme Schl\u00e4ge nach rechts und links entschieden. Diese beiden Mannschaften ersegelten sich die ersten beiden Pl\u00e4tze, die Mannschaft des Max landete auf einem sehr guten dritten Platz.<\/p>\n<p style=\"text-align: justify;\">Eine tolle Leistung des Max-Teams, das mit Seglern im Alter zwischen 12 und 16 Jahren die j\u00fcngste Mannschaft der diesj\u00e4hrigen Marinekutter-Regatta stellte.<\/p>\n<p style=\"text-align: justify;\">Das Team gewann den Preis bei dieser Regattaserie f\u00fcr die beste Schulmannschaft, der vor 10 Jahren von der Schule Schloss Salem gestiftet wurde, die auch in diesem Jahr eine der teilnehmenden Schulmannschaften war. Im Gesamtfeld landeten die Max-Sch\u00fcler auf dem 7. Platz und erhielten den Preis der Kieler Nachrichten.<\/p>\n<p style=\"text-align: justify;\">Die Sch\u00fclerinnen und Sch\u00fcler kamen mit einem Berg von Eindr\u00fccken nach Hause: Das Erlebnis dieses wundersch\u00f6nen Volksfestes am Meer und die Teilnahme an der gr\u00f6\u00dften Segelregatta der Welt haben bereits zu Pl\u00e4nen f\u00fcr das kommende Jahr gef\u00fchrt. Dann soll der Preis der besten Schulmannschaft verteidigt werden und auch in der Gesamtwertung soll es dann weiter nach oben gehen.<\/p>\n<figure id=\"attachment_6717\" aria-describedby=\"caption-attachment-6717\" style=\"width: 1066px\" class=\"wp-caption alignnone\"><a href=\"https:\/\/max-emden.de\/wordpress\/wp-content\/uploads\/2018\/07\/Kieler-Woche-2018-LR-3.jpg\"><img fetchpriority=\"high\" decoding=\"async\" class=\"size-full wp-image-6717\" src=\"https:\/\/max-emden.de\/wordpress\/wp-content\/uploads\/2018\/07\/Kieler-Woche-2018-LR-3.jpg\" alt=\"\" width=\"1066\" height=\"600\" srcset=\"https:\/\/max-emden.de\/wordpress\/wp-content\/uploads\/2018\/07\/Kieler-Woche-2018-LR-3.jpg 1066w, https:\/\/max-emden.de\/wordpress\/wp-content\/uploads\/2018\/07\/Kieler-Woche-2018-LR-3-300x169.jpg 300w, https:\/\/max-emden.de\/wordpress\/wp-content\/uploads\/2018\/07\/Kieler-Woche-2018-LR-3-768x432.jpg 768w, https:\/\/max-emden.de\/wordpress\/wp-content\/uploads\/2018\/07\/Kieler-Woche-2018-LR-3-1024x576.jpg 1024w\" sizes=\"(max-width: 1066px) 100vw, 1066px\" \/><\/a><figcaption id=\"caption-attachment-6717\" class=\"wp-caption-text\">Haben erfolgreich an der Kieler Woche teilgenommen: Okka Barghoorn, Julia Detering, Eike Eilers, Detlef Hillers, Wencke J\u00fcrrens, Uwe Kinast, Rouven Miege, Natascha N\u00f6rder, Sean Petersen, Fenja Schoof, Kevin Stomberg.<\/figcaption><\/figure>\n<p>&nbsp;<\/p>\n","protected":false},"excerpt":{"rendered":"<p>Am Donnerstag, den 15.Juni 2018, traf sich eine bunt gemischte Gruppe von Sch\u00fclerinnen und Sch\u00fclern, Lehrern und Eltern des Max-Windm\u00fcller-Gymnasiums, um den Weg zur Kieler<a class=\"moretag\" href=\"https:\/\/max-emden.de\/wordpress\/kieler-woche-max-windmueller-gymnasium-belegte-den-ersten-platz-in-der-schulwertung\/\"> [&#8230;]<\/a><\/p>\n","protected":false},"author":3,"featured_media":6715,"comment_status":"closed","ping_status":"closed","sticky":false,"template":"","format":"standard","meta":{"footnotes":""},"categories":[52],"tags":[],"class_list":["post-6711","post","type-post","status-publish","format-standard","has-post-thumbnail","hentry","category-sport"],"_links":{"self":[{"href":"https:\/\/max-emden.de\/wordpress\/wp-json\/wp\/v2\/posts\/6711","targetHints":{"allow":["GET"]}}],"collection":[{"href":"https:\/\/max-emden.de\/wordpress\/wp-json\/wp\/v2\/posts"}],"about":[{"href":"https:\/\/max-emden.de\/wordpress\/wp-json\/wp\/v2\/types\/post"}],"author":[{"embeddable":true,"href":"https:\/\/max-emden.de\/wordpress\/wp-json\/wp\/v2\/users\/3"}],"replies":[{"embeddable":true,"href":"https:\/\/max-emden.de\/wordpress\/wp-json\/wp\/v2\/comments?post=6711"}],"version-history":[{"count":7,"href":"https:\/\/max-emden.de\/wordpress\/wp-json\/wp\/v2\/posts\/6711\/revisions"}],"predecessor-version":[{"id":6828,"href":"https:\/\/max-emden.de\/wordpress\/wp-json\/wp\/v2\/posts\/6711\/revisions\/6828"}],"wp:featuredmedia":[{"embeddable":true,"href":"https:\/\/max-emden.de\/wordpress\/wp-json\/wp\/v2\/media\/6715"}],"wp:attachment":[{"href":"https:\/\/max-emden.de\/wordpress\/wp-json\/wp\/v2\/media?parent=6711"}],"wp:term":[{"taxonomy":"category","embeddable":true,"href":"https:\/\/max-emden.de\/wordpress\/wp-json\/wp\/v2\/categories?post=6711"},{"taxonomy":"post_tag","embeddable":true,"href":"https:\/\/max-emden.de\/wordpress\/wp-json\/wp\/v2\/tags?post=6711"}],"curies":[{"name":"wp","href":"https:\/\/api.w.org\/{rel}","templated":true}]}}