{"id":6949,"date":"2018-08-24T13:51:11","date_gmt":"2018-08-24T13:51:11","guid":{"rendered":"http:\/\/max-emden.de\/wordpress\/?p=6949"},"modified":"2018-09-09T15:59:05","modified_gmt":"2018-09-09T15:59:05","slug":"max-bereitet-sich-auf-borkumfahrt-vor","status":"publish","type":"post","link":"https:\/\/max-emden.de\/wordpress\/max-bereitet-sich-auf-borkumfahrt-vor\/","title":{"rendered":"Max bereitet sich auf Borkumfahrt vor"},"content":{"rendered":"<p style=\"text-align: justify;\">Am Dienstag ist es wieder soweit: Dann sticht das Max in See, um einen Tag auf Borkum zu verbringen! Seit Freitag k\u00f6nnen die Sch\u00fcler, Lehrer, Eltern und Ehemaligen Fahrkarten f\u00fcr die traditionelle Gemeinschaftsfahrt zu Schuljahresbeginn in der Pausenhalle des Gymnasiums kaufen. <!--more-->Dort haben Ilka M\u00f6llenbeck und Yvonne Jakobs von der AG Ems Touristik einen Fahrkartenschalter aufgemacht, um allen Mitfahrern einen entspannten Ticketkauf zu erm\u00f6glichen. \u201eDie Vorfreude ist gro\u00df\u201c, berichten die beiden AG Ems- Mitarbeiterinnen. Kein Wunder: Nach der kurzen Abk\u00fchlung am Wochenende k\u00fcndigt sich bereits jetzt das n\u00e4chste Hoch an und verhei\u00dft nur Gutes f\u00fcr den Inseltag. Viel Sonne und angenehme Temperaturen werden erwartet, sodass einer gelungenen Fahrt nichts im Wege stehen d\u00fcrfte. Kurzentschlossene Max-Eltern und \u2013Ehemalige k\u00f6nnen auch am Montag noch ein Ticket kaufen.<\/p>\n<p style=\"text-align: justify;\"><strong>Bildunterschrift<\/strong>: Haben gerade ihr Ticket f\u00fcr ihre erste Max-Borkumfahrt gekauft: Sch\u00fclerinnen und Sch\u00fcler der 5b mit Ilka M\u00f6llenbeck (li.) und Yvonne Jakobs von der AG Ems- Touristik.<\/p>\n","protected":false},"excerpt":{"rendered":"<p>Am Dienstag ist es wieder soweit: Dann sticht das Max in See, um einen Tag auf Borkum zu verbringen! Seit Freitag k\u00f6nnen die Sch\u00fcler, Lehrer,<a class=\"moretag\" href=\"https:\/\/max-emden.de\/wordpress\/max-bereitet-sich-auf-borkumfahrt-vor\/\"> [&#8230;]<\/a><\/p>\n","protected":false},"author":3,"featured_media":6950,"comment_status":"closed","ping_status":"closed","sticky":false,"template":"","format":"standard","meta":{"footnotes":""},"categories":[2],"tags":[],"class_list":["post-6949","post","type-post","status-publish","format-standard","has-post-thumbnail","hentry","category-allgemein"],"_links":{"self":[{"href":"https:\/\/max-emden.de\/wordpress\/wp-json\/wp\/v2\/posts\/6949","targetHints":{"allow":["GET"]}}],"collection":[{"href":"https:\/\/max-emden.de\/wordpress\/wp-json\/wp\/v2\/posts"}],"about":[{"href":"https:\/\/max-emden.de\/wordpress\/wp-json\/wp\/v2\/types\/post"}],"author":[{"embeddable":true,"href":"https:\/\/max-emden.de\/wordpress\/wp-json\/wp\/v2\/users\/3"}],"replies":[{"embeddable":true,"href":"https:\/\/max-emden.de\/wordpress\/wp-json\/wp\/v2\/comments?post=6949"}],"version-history":[{"count":3,"href":"https:\/\/max-emden.de\/wordpress\/wp-json\/wp\/v2\/posts\/6949\/revisions"}],"predecessor-version":[{"id":7018,"href":"https:\/\/max-emden.de\/wordpress\/wp-json\/wp\/v2\/posts\/6949\/revisions\/7018"}],"wp:featuredmedia":[{"embeddable":true,"href":"https:\/\/max-emden.de\/wordpress\/wp-json\/wp\/v2\/media\/6950"}],"wp:attachment":[{"href":"https:\/\/max-emden.de\/wordpress\/wp-json\/wp\/v2\/media?parent=6949"}],"wp:term":[{"taxonomy":"category","embeddable":true,"href":"https:\/\/max-emden.de\/wordpress\/wp-json\/wp\/v2\/categories?post=6949"},{"taxonomy":"post_tag","embeddable":true,"href":"https:\/\/max-emden.de\/wordpress\/wp-json\/wp\/v2\/tags?post=6949"}],"curies":[{"name":"wp","href":"https:\/\/api.w.org\/{rel}","templated":true}]}}