{"id":7027,"date":"2018-09-14T15:16:34","date_gmt":"2018-09-14T15:16:34","guid":{"rendered":"http:\/\/max-emden.de\/wordpress\/?p=7027"},"modified":"2018-10-16T10:31:21","modified_gmt":"2018-10-16T10:31:21","slug":"max-und-jag-unterstuetzen-niedersachsenweite-aktion-der-up-schulen","status":"publish","type":"post","link":"https:\/\/max-emden.de\/wordpress\/max-und-jag-unterstuetzen-niedersachsenweite-aktion-der-up-schulen\/","title":{"rendered":"Max und JAG unterst\u00fctzen niedersachsenweite Aktion der UP-Schulen"},"content":{"rendered":"<p style=\"text-align: justify;\">In einer konzertierten Aktion am\u00a014.9.18\u00a0haben die nieders\u00e4chsisch-bremischen Unesco-Projektschulen ein Zeichen gesetzt: Unter dem Motto \u201e#wirsindmehr\u201c brachten alle Schulen des Netzwerks ihre Ablehnung populistischer und rechtsextremer Tendenzen zum Ausdruck. Gleichzeitig dr\u00fcckten sie ihre Solidarit\u00e4t mit allen aus, die sich f\u00fcr die St\u00e4rkung der offenen Gesellschaft und der Demokratie einsetzen.<!--more--><\/p>\n<p>In Emden haben das Max und das JAG an dieser Aktion teilgenommen.<\/p>\n<p><a href=\"https:\/\/max-emden.de\/wordpress\/wp-content\/uploads\/2018\/09\/Wirsindmehr-Max-JAG-LR-2-1.jpg\"><img fetchpriority=\"high\" decoding=\"async\" class=\"size-full wp-image-7029 aligncenter\" src=\"https:\/\/max-emden.de\/wordpress\/wp-content\/uploads\/2018\/09\/Wirsindmehr-Max-JAG-LR-2-1.jpg\" alt=\"\" width=\"1418\" height=\"600\" \/><\/a><\/p>\n<p><a href=\"https:\/\/max-emden.de\/wordpress\/wp-content\/uploads\/2018\/09\/Wirsindmehr-Max-JAG-LR-1.jpg\"><img decoding=\"async\" class=\"size-full wp-image-7030 aligncenter\" src=\"https:\/\/max-emden.de\/wordpress\/wp-content\/uploads\/2018\/09\/Wirsindmehr-Max-JAG-LR-1.jpg\" alt=\"\" width=\"901\" height=\"600\" srcset=\"https:\/\/max-emden.de\/wordpress\/wp-content\/uploads\/2018\/09\/Wirsindmehr-Max-JAG-LR-1.jpg 901w, https:\/\/max-emden.de\/wordpress\/wp-content\/uploads\/2018\/09\/Wirsindmehr-Max-JAG-LR-1-300x200.jpg 300w, https:\/\/max-emden.de\/wordpress\/wp-content\/uploads\/2018\/09\/Wirsindmehr-Max-JAG-LR-1-768x511.jpg 768w\" sizes=\"(max-width: 901px) 100vw, 901px\" \/><\/a><\/p>\n<p>&nbsp;<\/p>\n","protected":false},"excerpt":{"rendered":"<p>In einer konzertierten Aktion am\u00a014.9.18\u00a0haben die nieders\u00e4chsisch-bremischen Unesco-Projektschulen ein Zeichen gesetzt: Unter dem Motto \u201e#wirsindmehr\u201c brachten alle Schulen des Netzwerks ihre Ablehnung populistischer und rechtsextremer<a class=\"moretag\" href=\"https:\/\/max-emden.de\/wordpress\/max-und-jag-unterstuetzen-niedersachsenweite-aktion-der-up-schulen\/\"> [&#8230;]<\/a><\/p>\n","protected":false},"author":3,"featured_media":7029,"comment_status":"closed","ping_status":"closed","sticky":false,"template":"","format":"standard","meta":{"footnotes":""},"categories":[9,17,89],"tags":[],"class_list":["post-7027","post","type-post","status-publish","format-standard","has-post-thumbnail","hentry","category-max-windmueller","category-schuelervertretung","category-unesco"],"_links":{"self":[{"href":"https:\/\/max-emden.de\/wordpress\/wp-json\/wp\/v2\/posts\/7027","targetHints":{"allow":["GET"]}}],"collection":[{"href":"https:\/\/max-emden.de\/wordpress\/wp-json\/wp\/v2\/posts"}],"about":[{"href":"https:\/\/max-emden.de\/wordpress\/wp-json\/wp\/v2\/types\/post"}],"author":[{"embeddable":true,"href":"https:\/\/max-emden.de\/wordpress\/wp-json\/wp\/v2\/users\/3"}],"replies":[{"embeddable":true,"href":"https:\/\/max-emden.de\/wordpress\/wp-json\/wp\/v2\/comments?post=7027"}],"version-history":[{"count":3,"href":"https:\/\/max-emden.de\/wordpress\/wp-json\/wp\/v2\/posts\/7027\/revisions"}],"predecessor-version":[{"id":7216,"href":"https:\/\/max-emden.de\/wordpress\/wp-json\/wp\/v2\/posts\/7027\/revisions\/7216"}],"wp:featuredmedia":[{"embeddable":true,"href":"https:\/\/max-emden.de\/wordpress\/wp-json\/wp\/v2\/media\/7029"}],"wp:attachment":[{"href":"https:\/\/max-emden.de\/wordpress\/wp-json\/wp\/v2\/media?parent=7027"}],"wp:term":[{"taxonomy":"category","embeddable":true,"href":"https:\/\/max-emden.de\/wordpress\/wp-json\/wp\/v2\/categories?post=7027"},{"taxonomy":"post_tag","embeddable":true,"href":"https:\/\/max-emden.de\/wordpress\/wp-json\/wp\/v2\/tags?post=7027"}],"curies":[{"name":"wp","href":"https:\/\/api.w.org\/{rel}","templated":true}]}}