{"id":711,"date":"2015-04-14T16:17:03","date_gmt":"2015-04-14T16:17:03","guid":{"rendered":"http:\/\/max-emden.de\/wordpress\/?p=711"},"modified":"2015-07-24T16:20:45","modified_gmt":"2015-07-24T16:20:45","slug":"vom-gat-zum-max-na-klar-wir-nehmen-den-kran","status":"publish","type":"post","link":"https:\/\/max-emden.de\/wordpress\/vom-gat-zum-max-na-klar-wir-nehmen-den-kran\/","title":{"rendered":"Vom GaT zum Max. Na klar, wir nehmen den Kran!"},"content":{"rendered":"<p>In den letzten Wochen hat sich die Mathe-Informatik-AG mit dem Umzug der Schule besch\u00e4ftigt und sich ihre eigenen Gedanken zum Transport aller Materialien ins neue Geb\u00e4ude gemacht. Schnell wurde klar, dass das eigentlich nur mit einem Kran zu bewerkstelligen ist. Also wurde aus einem alten Scanner, einem Metallbaukasten, einer alten Festplatte, mehreren Mikrocontrollerboards, diversen Schaltern und einigen Servos ein Kran der Marke \u201eDafniko\u201c (<u>Da<\/u>rf\u00a0<u>f<\/u>ast\u00a0<u>ni<\/u>chts\u00a0<u>ko<\/u>sten) gebaut und der Umzug schon einmal im Modellbauma\u00dfstab vollzogen.<\/p>\n<p><a href=\"http:\/\/gat-emden.de\/aktuell\/AG\/Informatik\/IMG_0381.MOV\" target=\"_blank\">&gt;&gt;Doch sehen Sie selbst&lt;&lt;<\/a><\/p>\n<p>Nachdem die Sch\u00fclerinnen und Sch\u00fcler einen ersten Einblick in die Entwicklung technischer Systeme erlangt haben, tr\u00e4umen sie inzwischen von LEGO-Robotern an der Schule, denn damit l\u00e4sst sich sehr gut die Programmierung autonomer Prozesse erlernen. Vielleicht gibt es ja einen Spender?\u2026<\/p>\n<p>Mitglieder der AG sind: Jennifer Nguyen 7a, Rouven Miege 7a, Lukas Stahl 7a, John Cedric Mey 7a, Finn Harders 7a, Dorin Tutoiu 8F1 und Reyk Buurman 7c. Leitung: A. Kasperczyk<\/p>\n<p>&nbsp;<\/p>\n","protected":false},"excerpt":{"rendered":"<p>In den letzten Wochen hat sich die Mathe-Informatik-AG mit dem Umzug der Schule besch\u00e4ftigt und sich ihre eigenen Gedanken zum Transport aller Materialien ins neue<a class=\"moretag\" href=\"https:\/\/max-emden.de\/wordpress\/vom-gat-zum-max-na-klar-wir-nehmen-den-kran\/\"> [&#8230;]<\/a><\/p>\n","protected":false},"author":1,"featured_media":712,"comment_status":"closed","ping_status":"closed","sticky":false,"template":"","format":"standard","meta":{"footnotes":""},"categories":[71],"tags":[],"class_list":["post-711","post","type-post","status-publish","format-standard","has-post-thumbnail","hentry","category-informatik-ganztagsangebot"],"_links":{"self":[{"href":"https:\/\/max-emden.de\/wordpress\/wp-json\/wp\/v2\/posts\/711","targetHints":{"allow":["GET"]}}],"collection":[{"href":"https:\/\/max-emden.de\/wordpress\/wp-json\/wp\/v2\/posts"}],"about":[{"href":"https:\/\/max-emden.de\/wordpress\/wp-json\/wp\/v2\/types\/post"}],"author":[{"embeddable":true,"href":"https:\/\/max-emden.de\/wordpress\/wp-json\/wp\/v2\/users\/1"}],"replies":[{"embeddable":true,"href":"https:\/\/max-emden.de\/wordpress\/wp-json\/wp\/v2\/comments?post=711"}],"version-history":[{"count":1,"href":"https:\/\/max-emden.de\/wordpress\/wp-json\/wp\/v2\/posts\/711\/revisions"}],"predecessor-version":[{"id":713,"href":"https:\/\/max-emden.de\/wordpress\/wp-json\/wp\/v2\/posts\/711\/revisions\/713"}],"wp:featuredmedia":[{"embeddable":true,"href":"https:\/\/max-emden.de\/wordpress\/wp-json\/wp\/v2\/media\/712"}],"wp:attachment":[{"href":"https:\/\/max-emden.de\/wordpress\/wp-json\/wp\/v2\/media?parent=711"}],"wp:term":[{"taxonomy":"category","embeddable":true,"href":"https:\/\/max-emden.de\/wordpress\/wp-json\/wp\/v2\/categories?post=711"},{"taxonomy":"post_tag","embeddable":true,"href":"https:\/\/max-emden.de\/wordpress\/wp-json\/wp\/v2\/tags?post=711"}],"curies":[{"name":"wp","href":"https:\/\/api.w.org\/{rel}","templated":true}]}}