{"id":7345,"date":"2018-11-12T12:13:07","date_gmt":"2018-11-12T12:13:07","guid":{"rendered":"http:\/\/max-emden.de\/wordpress\/?p=7345"},"modified":"2018-11-19T10:34:28","modified_gmt":"2018-11-19T10:34:28","slug":"das-max-laedt-ein","status":"publish","type":"post","link":"https:\/\/max-emden.de\/wordpress\/das-max-laedt-ein\/","title":{"rendered":"\u00a0Das Max l\u00e4dt ein!\u00a0"},"content":{"rendered":"<p>Liebe Eltern, liebe Sch\u00fclerinnen und Sch\u00fcler,<span class=\"Apple-converted-space\">\u00a0<\/span><\/p>\n<p>das Max-Windm\u00fcller-Gymnasium l\u00e4dt ein zu einem<span class=\"Apple-converted-space\">\u00a0<\/span><\/p>\n<p><b>Informationsnachmittag am Donnerstag, dem 6.12.2018, von 16.30-18.30 Uhr.<span class=\"Apple-converted-space\">\u00a0<\/span><\/b><\/p>\n<p>Diejenigen Sch\u00fclerinnen und Sch\u00fcler, die dar\u00fcber hinaus <b>Schnupperstunden <\/b>an unserer Schule besuchen m\u00f6chten, k\u00f6nnen dies am <b>Samstag, dem 30. M\u00e4rz 2019<\/b>, von <b>10.30-12.30 Uhr <\/b>tun.<span class=\"Apple-converted-space\">\u00a0<\/span><\/p>\n<p>F\u00fcr weitere Infos verweisen wir auf unseren <a href=\"https:\/\/max-emden.de\/wordpress\/wp-content\/uploads\/2018\/11\/Flyer-Max-2018.pdf\">Flyer<\/a> sowie unsere Homepage.<span class=\"Apple-converted-space\">\u00a0<\/span><\/p>\n<p>Bez\u00fcglich der Teilnahme an unserem <b>Informationsnachmittag <\/b>bitten wir um eine <b>kurze R\u00fcckmeldung <\/b>unter: <b>email@max-emden.de<span class=\"Apple-converted-space\">\u00a0<\/span><\/b><\/p>\n<p>Die Anmeldezeiten f\u00fcr den kommenden Jahrgang liegen uns noch nicht vor. Sobald diese feststehen, werden wir sie auf unserer Homepage ver\u00f6ffentlichen. F\u00fcr die Anmeldung ben\u00f6tigen wir das ausgef\u00fcllte und unterschriebene Anmeldeformular (auch auf unserer Homepage), die Geburtsurkunde und das Zeugnis des 1. Halbjahres 2018\/19.<span class=\"Apple-converted-space\">\u00a0<\/span><\/p>\n<p>Wir freuen uns auf Ihren\/Euren Besuch!<span class=\"Apple-converted-space\">\u00a0<\/span><\/p>\n<p>&nbsp;<\/p>\n","protected":false},"excerpt":{"rendered":"<p>Liebe Eltern, liebe Sch\u00fclerinnen und Sch\u00fcler,\u00a0 das Max-Windm\u00fcller-Gymnasium l\u00e4dt ein zu einem\u00a0 Informationsnachmittag am Donnerstag, dem 6.12.2018, von 16.30-18.30 Uhr.\u00a0 Diejenigen Sch\u00fclerinnen und Sch\u00fcler, die<a class=\"moretag\" href=\"https:\/\/max-emden.de\/wordpress\/das-max-laedt-ein\/\"> [&#8230;]<\/a><\/p>\n","protected":false},"author":1,"featured_media":0,"comment_status":"closed","ping_status":"closed","sticky":false,"template":"","format":"standard","meta":{"footnotes":""},"categories":[2],"tags":[],"class_list":["post-7345","post","type-post","status-publish","format-standard","hentry","category-allgemein"],"_links":{"self":[{"href":"https:\/\/max-emden.de\/wordpress\/wp-json\/wp\/v2\/posts\/7345","targetHints":{"allow":["GET"]}}],"collection":[{"href":"https:\/\/max-emden.de\/wordpress\/wp-json\/wp\/v2\/posts"}],"about":[{"href":"https:\/\/max-emden.de\/wordpress\/wp-json\/wp\/v2\/types\/post"}],"author":[{"embeddable":true,"href":"https:\/\/max-emden.de\/wordpress\/wp-json\/wp\/v2\/users\/1"}],"replies":[{"embeddable":true,"href":"https:\/\/max-emden.de\/wordpress\/wp-json\/wp\/v2\/comments?post=7345"}],"version-history":[{"count":11,"href":"https:\/\/max-emden.de\/wordpress\/wp-json\/wp\/v2\/posts\/7345\/revisions"}],"predecessor-version":[{"id":7382,"href":"https:\/\/max-emden.de\/wordpress\/wp-json\/wp\/v2\/posts\/7345\/revisions\/7382"}],"wp:attachment":[{"href":"https:\/\/max-emden.de\/wordpress\/wp-json\/wp\/v2\/media?parent=7345"}],"wp:term":[{"taxonomy":"category","embeddable":true,"href":"https:\/\/max-emden.de\/wordpress\/wp-json\/wp\/v2\/categories?post=7345"},{"taxonomy":"post_tag","embeddable":true,"href":"https:\/\/max-emden.de\/wordpress\/wp-json\/wp\/v2\/tags?post=7345"}],"curies":[{"name":"wp","href":"https:\/\/api.w.org\/{rel}","templated":true}]}}