{"id":7372,"date":"2018-11-18T10:05:36","date_gmt":"2018-11-18T10:05:36","guid":{"rendered":"http:\/\/max-emden.de\/wordpress\/?p=7372"},"modified":"2018-11-26T18:28:27","modified_gmt":"2018-11-26T18:28:27","slug":"7372-2","status":"publish","type":"post","link":"https:\/\/max-emden.de\/wordpress\/7372-2\/","title":{"rendered":"Max macht! &#8211; Schulmerchandise"},"content":{"rendered":"<p style=\"text-align: justify;\">Endlich ist es soweit : In der Woche vom 19.- 23. November 2018 verkauft die Sch\u00fclerfirma des Max Windm\u00fcller Gymnasiums &#8222;MAX macht!&#8220; zum ersten mal Schulmerchandise. Kommt zum Betrachten und Anprobieren der Hoodies, Poloshirts, Umh\u00e4ngetaschen und weiteren Ausstellungsst\u00fccken einfach in den Spieleraum im 1. Obergeschoss. Wir werden sowohl in der ersten als auch in der zweiten Pause f\u00fcr euch da sein. <!--more-->Ebenso findet ihr im Spieleraum die dazugeh\u00f6rigen Bestellzettel. Au\u00dferdem findet ihr weitere Infos auf unserer Seite:<\/p>\n<p style=\"text-align: justify;\"><a href=\"https:\/\/schuelergenossenschaft.max-emden.net\/\">https:\/\/schuelergenossenschaft.max-emden.net<\/a><\/p>\n<p style=\"text-align: left;\">Wir freuen uns auf euch!<\/p>\n<p>&nbsp;<\/p>\n<figure id=\"attachment_7374\" aria-describedby=\"caption-attachment-7374\" style=\"width: 1024px\" class=\"wp-caption alignleft\"><a href=\"https:\/\/max-emden.de\/wordpress\/wp-content\/uploads\/2018\/11\/Max-Mode-Gruppenbild-2.jpg\"><img fetchpriority=\"high\" decoding=\"async\" class=\"wp-image-7374 size-large\" src=\"https:\/\/max-emden.de\/wordpress\/wp-content\/uploads\/2018\/11\/Max-Mode-Gruppenbild-2-1024x682.jpg\" alt=\"\" width=\"1024\" height=\"682\" srcset=\"https:\/\/max-emden.de\/wordpress\/wp-content\/uploads\/2018\/11\/Max-Mode-Gruppenbild-2-1024x682.jpg 1024w, https:\/\/max-emden.de\/wordpress\/wp-content\/uploads\/2018\/11\/Max-Mode-Gruppenbild-2-300x200.jpg 300w, https:\/\/max-emden.de\/wordpress\/wp-content\/uploads\/2018\/11\/Max-Mode-Gruppenbild-2-768x512.jpg 768w, https:\/\/max-emden.de\/wordpress\/wp-content\/uploads\/2018\/11\/Max-Mode-Gruppenbild-2.jpg 1600w\" sizes=\"(max-width: 1024px) 100vw, 1024px\" \/><\/a><figcaption id=\"caption-attachment-7374\" class=\"wp-caption-text\">MAX macht Mode!<\/figcaption><\/figure>\n","protected":false},"excerpt":{"rendered":"<p>Endlich ist es soweit : In der Woche vom 19.- 23. November 2018 verkauft die Sch\u00fclerfirma des Max Windm\u00fcller Gymnasiums &#8222;MAX macht!&#8220; zum ersten mal<a class=\"moretag\" href=\"https:\/\/max-emden.de\/wordpress\/7372-2\/\"> [&#8230;]<\/a><\/p>\n","protected":false},"author":1,"featured_media":7373,"comment_status":"closed","ping_status":"closed","sticky":false,"template":"","format":"standard","meta":{"footnotes":""},"categories":[2],"tags":[],"class_list":["post-7372","post","type-post","status-publish","format-standard","has-post-thumbnail","hentry","category-allgemein"],"_links":{"self":[{"href":"https:\/\/max-emden.de\/wordpress\/wp-json\/wp\/v2\/posts\/7372","targetHints":{"allow":["GET"]}}],"collection":[{"href":"https:\/\/max-emden.de\/wordpress\/wp-json\/wp\/v2\/posts"}],"about":[{"href":"https:\/\/max-emden.de\/wordpress\/wp-json\/wp\/v2\/types\/post"}],"author":[{"embeddable":true,"href":"https:\/\/max-emden.de\/wordpress\/wp-json\/wp\/v2\/users\/1"}],"replies":[{"embeddable":true,"href":"https:\/\/max-emden.de\/wordpress\/wp-json\/wp\/v2\/comments?post=7372"}],"version-history":[{"count":4,"href":"https:\/\/max-emden.de\/wordpress\/wp-json\/wp\/v2\/posts\/7372\/revisions"}],"predecessor-version":[{"id":7429,"href":"https:\/\/max-emden.de\/wordpress\/wp-json\/wp\/v2\/posts\/7372\/revisions\/7429"}],"wp:featuredmedia":[{"embeddable":true,"href":"https:\/\/max-emden.de\/wordpress\/wp-json\/wp\/v2\/media\/7373"}],"wp:attachment":[{"href":"https:\/\/max-emden.de\/wordpress\/wp-json\/wp\/v2\/media?parent=7372"}],"wp:term":[{"taxonomy":"category","embeddable":true,"href":"https:\/\/max-emden.de\/wordpress\/wp-json\/wp\/v2\/categories?post=7372"},{"taxonomy":"post_tag","embeddable":true,"href":"https:\/\/max-emden.de\/wordpress\/wp-json\/wp\/v2\/tags?post=7372"}],"curies":[{"name":"wp","href":"https:\/\/api.w.org\/{rel}","templated":true}]}}