{"id":7424,"date":"2018-11-26T19:26:39","date_gmt":"2018-11-26T19:26:39","guid":{"rendered":"http:\/\/max-emden.de\/wordpress\/?p=7424"},"modified":"2018-12-15T12:50:26","modified_gmt":"2018-12-15T12:50:26","slug":"was-geht-mich-die-geschichte-an-yad-vashem-projekt-in-jahrgang-10-2","status":"publish","type":"post","link":"https:\/\/max-emden.de\/wordpress\/was-geht-mich-die-geschichte-an-yad-vashem-projekt-in-jahrgang-10-2\/","title":{"rendered":"&#8222;Was geht mich die Geschichte an?&#8220; &#8211; Yad Vashem-Projekt in Jahrgang 10"},"content":{"rendered":"<div dir=\"ltr\" style=\"text-align: justify;\">Sechs Millionen ermordete Juden &#8211; die Zahl der Opfer des Holocausts ist bekannt, doch wie soll man ihre Dimension und ihre Bedeutung erfassen? Die bekannte Journalistin und Nazi-J\u00e4gerin Beate Klarsfeld hat es einmal so versucht: \u00bbSechs Millionen Juden, das sind eins plus eins plus eins \u2026 Menschen.\u00ab Dass diesen Ansatz auch Yad Vashem verfolgt, wurde im November im Rahmen eines Projekttages aller zehnten Klassen des Gymnasiums deutlich:<\/div>\n<p><!--more--><\/p>\n<div dir=\"ltr\"><\/div>\n<div dir=\"ltr\" style=\"text-align: justify;\">Mithilfe des Unterrichtsmaterial &#8222;Was geht mich die Geschichte an?&#8220; der Holocaust-Gedenkst\u00e4tte erarbeiteten die Sch\u00fclerinnen und Sch\u00fcler in Gruppen so unterschiedliche Geschichten wie die des Hitlerjungen Salomon Sally Perel, des tunesischen Juden Albert Memmi oder der albanischen Famile Mandil. Individuelle Beispiele, die zeigen, dass viele Faktoren f\u00fcr den Verlauf der Schicksale verantwortlich waren. &#8222;Der Holocaust wird so besser greifbar und es wird m\u00f6glich, das Leiden der j\u00fcdischen Bev\u00f6lkerung in Ans\u00e4tzen nachzuempfinden&#8220;, \u00e4u\u00dferten Sch\u00fclerinnen und Sch\u00fcler im Anschluss an den Projekttag. Zudem regten sie an, zuk\u00fcnftig noch mehr Zeit f\u00fcr die Arbeit mit dem Material einzuplanen.\u00a0Dass diese Auseinandersetzung mit der Geschichte auch eine Begegnung mit der Gegenwart darstellt, wurde besonders am Beispiel der Reise der St. Louis deutlich: Das Fl\u00fcchtlingsschiff nahm im Mai 1939 Kurs auf Kuba, wohin 937 j\u00fcdische Passagiere ein halbes Jahr nach der Reichspogromnacht 1938 auswandern wollten. Dort angekommen wurde ihnen jedoch die Einreise verweigert &#8211; und eine Irrfahrt begann, die letztlich mit der R\u00fcckfahrt nach Europa endete. Im belgischen Antwerpen gingen die Passagiere von Bord, um auf vier europ\u00e4ische Staaten verteilt zu werden, die sich nach langem Z\u00f6gern dazu bereit erkl\u00e4rt hatten. Doch nur die 254 Fl\u00fcchtlinge, die in Gro\u00dfbritannien Asyl fanden, \u00fcberlebten vollz\u00e4hlig, w\u00e4hrend die \u00fcbrigen Personen durch die deutsche Besetzung der Niederlande, Belgien und Frankreichs wieder unter die Herrschaft der Nazis gerieten. 254 Menschen fielen dadurch letztlich doch dem Holocaust zum Opfer.<\/div>\n<p>&nbsp;<\/p>\n<div dir=\"ltr\" style=\"text-align: justify;\">Zu den Staaten, die den St-Louis-Fl\u00fcchtlingen die Aufnahme verwehrt hatten, geh\u00f6rte neben den USA auch Kanada: &#8222;None is too many (Keiner ist schon zuviel)&#8220; &#8211; war die Antwort auf das Hilfeersuchen der Juden, die inzwischen in den kanadischen Sprachgebrauch eingegangen ist. F\u00fcr diese Entscheidung der damaligen Verantwortlichen hat jetzt Justin Trudeau, der kanadische Premierminister, um Entschuldigung gebeten: &#8222;We apologize to the mothers and fathers whose children we did not save, to the daughters and sons whose parents we did not help (Wir entschuldigen uns bei den M\u00fcttern und V\u00e4tern, deren Kindern wir nicht gerettet haben und bei den T\u00f6chtern und S\u00f6hnen, deren Eltern wir nicht geholfen haben)\u201d, sagte er 79 Jahre sp\u00e4ter am 6. November im kanadischen Parlament.<\/div>\n<div dir=\"ltr\" style=\"text-align: justify;\"><\/div>\n<div dir=\"ltr\" style=\"text-align: justify;\">Auch im kommenden Jahr soll ein Yad Vashem-Projekttag stattfinden, dann zum dritten Mal.<\/div>\n<div dir=\"ltr\"><\/div>\n<div dir=\"ltr\"><a href=\"https:\/\/www.youtube.com\/watch?v=Ikg-x9rDo-8\" target=\"_blank\" rel=\"noopener\">Justin Trudeaus Rede am 6. November 2018<\/a><\/div>\n<div dir=\"ltr\"><\/div>\n<div dir=\"ltr\">\n<style id=\"bwg-style-0\">    #bwg_container1_0 #bwg_container2_0 .bwg-container-0.bwg-standard-thumbnails {      width: 904px;              justify-content: center;        margin:0 auto !important;              background-color: rgba(255, 255, 255, 0.00);            padding-left: 4px;      padding-top: 4px;      max-width: 100%;            }        #bwg_container1_0 #bwg_container2_0 .bwg-container-0.bwg-standard-thumbnails .bwg-item {    justify-content: flex-start;      max-width: 180px;            width: 180px !important;          }    #bwg_container1_0 #bwg_container2_0 .bwg-container-0.bwg-standard-thumbnails .bwg-item a {       margin-right: 4px;       margin-bottom: 4px;    }    #bwg_container1_0 #bwg_container2_0 .bwg-container-0.bwg-standard-thumbnails .bwg-item0 {      padding: 0px;            background-color:rgba(255,255,255, 0.30);      border: 0px none #CCCCCC;      opacity: 1.00;      border-radius: 0;      box-shadow: 0px 0px 0px #888888;    }    #bwg_container1_0 #bwg_container2_0 .bwg-container-0.bwg-standard-thumbnails .bwg-item1 img {      max-height: none;      max-width: none;      padding: 0 !important;    }        @media only screen and (min-width: 480px) {      #bwg_container1_0 #bwg_container2_0 .bwg-container-0.bwg-standard-thumbnails .bwg-item0 {        transition: all 0.3s ease 0s;-webkit-transition: all 0.3s ease 0s;      }      #bwg_container1_0 #bwg_container2_0 .bwg-container-0.bwg-standard-thumbnails .bwg-item0:hover {        -ms-transform: scale(1.1);        -webkit-transform: scale(1.1);        transform: scale(1.1);      }    }          #bwg_container1_0 #bwg_container2_0 .bwg-container-0.bwg-standard-thumbnails .bwg-item1 {      padding-top: 50%;    }        #bwg_container1_0 #bwg_container2_0 .bwg-container-0.bwg-standard-thumbnails .bwg-title2,    #bwg_container1_0 #bwg_container2_0 .bwg-container-0.bwg-standard-thumbnails .bwg-ecommerce2 {      color: #CCCCCC;      font-family: segoe ui;      font-size: 16px;      font-weight: bold;      padding: 2px;      text-shadow: 0px 0px 0px #888888;      max-height: 100%;    }    #bwg_container1_0 #bwg_container2_0 .bwg-container-0.bwg-standard-thumbnails .bwg-thumb-description span {    color: #323A45;    font-family: Ubuntu;    font-size: 12px;    max-height: 100%;    word-wrap: break-word;    }    #bwg_container1_0 #bwg_container2_0 .bwg-container-0.bwg-standard-thumbnails .bwg-play-icon2 {      font-size: 32px;    }    #bwg_container1_0 #bwg_container2_0 .bwg-container-0.bwg-standard-thumbnails .bwg-ecommerce2 {      font-size: 19.2px;      color: #CCCCCC;    }    <\/style>    <div id=\"bwg_container1_0\"         class=\"bwg_container bwg_thumbnail bwg_thumbnails \"         data-right-click-protection=\"1\"         data-bwg=\"0\"         data-scroll=\"0\"         data-gallery-type=\"thumbnails\"         data-gallery-view-type=\"thumbnails\"         data-current-url=\"\/wordpress\/wp-json\/wp\/v2\/posts\/7424\"         data-lightbox-url=\"https:\/\/max-emden.de\/wordpress\/wp-admin\/admin-ajax.php?action=GalleryBox&#038;current_view=0&#038;gallery_id=224&#038;tag=0&#038;theme_id=1&#038;shortcode_id=466&#038;sort_by=order&#038;order_by=asc&#038;current_url=%2Fwordpress%2Fwp-json%2Fwp%2Fv2%2Fposts%2F7424\"         data-gallery-id=\"224\"         data-popup-width=\"800\"         data-popup-height=\"500\"         data-is-album=\"gallery\"         data-buttons-position=\"bottom\">      <div id=\"bwg_container2_0\">             <div id=\"ajax_loading_0\" class=\"bwg_loading_div_1\">      <div class=\"bwg_loading_div_2\">        <div class=\"bwg_loading_div_3\">          <div id=\"loading_div_0\" class=\"bwg_spider_ajax_loading\">          <\/div>        <\/div>      <\/div>    <\/div>            <form id=\"gal_front_form_0\"              class=\"bwg-hidden\"              method=\"post\"              action=\"#\"              data-current=\"0\"              data-shortcode-id=\"466\"              data-gallery-type=\"thumbnails\"              data-gallery-id=\"224\"              data-tag=\"0\"              data-album-id=\"0\"              data-theme-id=\"1\"              data-ajax-url=\"https:\/\/max-emden.de\/wordpress\/wp-admin\/admin-ajax.php?action=bwg_frontend_data\">          <div id=\"bwg_container3_0\" class=\"bwg-background bwg-background-0\">                <div data-max-count=\"5\"         data-thumbnail-width=\"180\"         data-bwg=\"0\"         data-gallery-id=\"224\"         data-lightbox-url=\"https:\/\/max-emden.de\/wordpress\/wp-admin\/admin-ajax.php?action=GalleryBox&amp;current_view=0&amp;gallery_id=224&amp;tag=0&amp;theme_id=1&amp;shortcode_id=466&amp;sort_by=order&amp;order_by=asc&amp;current_url=%2Fwordpress%2Fwp-json%2Fwp%2Fv2%2Fposts%2F7424\"         id=\"bwg_thumbnails_0\"         class=\"bwg-container-0 bwg-thumbnails bwg-standard-thumbnails bwg-container bwg-border-box\">            <div class=\"bwg-item\">        <a class=\"bwg-a  bwg_lightbox\"  data-image-id=\"4616\" href=\"https:\/\/max-emden.de\/wordpress\/wp-content\/uploads\/photo-gallery\/Yad_Vashem-Projekt_November_2018_LR_(6).jpg?bwg=1543260220\" data-elementor-open-lightbox=\"no\">                <div class=\"bwg-item0 \">          <div class=\"bwg-item1 \">            <div class=\"bwg-item2\">              <img decoding=\"async\" class=\"skip-lazy bwg_standart_thumb_img_0 \"                   data-id=\"4616\"                   data-width=\"\"                   data-height=\"\"                   data-src=\"https:\/\/max-emden.de\/wordpress\/wp-content\/uploads\/photo-gallery\/thumb\/Yad_Vashem-Projekt_November_2018_LR_(6).jpg?bwg=1543260220\"                   src=\"https:\/\/max-emden.de\/wordpress\/wp-content\/uploads\/photo-gallery\/thumb\/Yad_Vashem-Projekt_November_2018_LR_(6).jpg?bwg=1543260220\"                   alt=\"Yad Vashem-Projekt November 2018 LR (6)\"                   title=\"Yad Vashem-Projekt November 2018 LR (6)\" \/>            <\/div>            <div class=\"\">                                                      <\/div>          <\/div>        <\/div>                        <\/a>              <\/div>            <div class=\"bwg-item\">        <a class=\"bwg-a  bwg_lightbox\"  data-image-id=\"4615\" href=\"https:\/\/max-emden.de\/wordpress\/wp-content\/uploads\/photo-gallery\/Yad_Vashem-Projekt_November_2018_LR_(2).jpg?bwg=1543260220\" data-elementor-open-lightbox=\"no\">                <div class=\"bwg-item0 \">          <div class=\"bwg-item1 \">            <div class=\"bwg-item2\">              <img decoding=\"async\" class=\"skip-lazy bwg_standart_thumb_img_0 \"                   data-id=\"4615\"                   data-width=\"\"                   data-height=\"\"                   data-src=\"https:\/\/max-emden.de\/wordpress\/wp-content\/uploads\/photo-gallery\/thumb\/Yad_Vashem-Projekt_November_2018_LR_(2).jpg?bwg=1543260220\"                   src=\"https:\/\/max-emden.de\/wordpress\/wp-content\/uploads\/photo-gallery\/thumb\/Yad_Vashem-Projekt_November_2018_LR_(2).jpg?bwg=1543260220\"                   alt=\"Yad Vashem-Projekt November 2018 LR (2)\"                   title=\"Yad Vashem-Projekt November 2018 LR (2)\" \/>            <\/div>            <div class=\"\">                                                      <\/div>          <\/div>        <\/div>                        <\/a>              <\/div>            <div class=\"bwg-item\">        <a class=\"bwg-a  bwg_lightbox\"  data-image-id=\"4614\" href=\"https:\/\/max-emden.de\/wordpress\/wp-content\/uploads\/photo-gallery\/Yad_Vashem-Projekt_November_2018_LR_(5).jpg?bwg=1543260220\" data-elementor-open-lightbox=\"no\">                <div class=\"bwg-item0 \">          <div class=\"bwg-item1 \">            <div class=\"bwg-item2\">              <img decoding=\"async\" class=\"skip-lazy bwg_standart_thumb_img_0 \"                   data-id=\"4614\"                   data-width=\"\"                   data-height=\"\"                   data-src=\"https:\/\/max-emden.de\/wordpress\/wp-content\/uploads\/photo-gallery\/thumb\/Yad_Vashem-Projekt_November_2018_LR_(5).jpg?bwg=1543260220\"                   src=\"https:\/\/max-emden.de\/wordpress\/wp-content\/uploads\/photo-gallery\/thumb\/Yad_Vashem-Projekt_November_2018_LR_(5).jpg?bwg=1543260220\"                   alt=\"Yad Vashem-Projekt November 2018 LR (5)\"                   title=\"Yad Vashem-Projekt November 2018 LR (5)\" \/>            <\/div>            <div class=\"\">                                                      <\/div>          <\/div>        <\/div>                        <\/a>              <\/div>            <div class=\"bwg-item\">        <a class=\"bwg-a  bwg_lightbox\"  data-image-id=\"4613\" href=\"https:\/\/max-emden.de\/wordpress\/wp-content\/uploads\/photo-gallery\/Yad_Vashem-Projekt_November_2018_LR_(1).jpg?bwg=1543260220\" data-elementor-open-lightbox=\"no\">                <div class=\"bwg-item0 \">          <div class=\"bwg-item1 \">            <div class=\"bwg-item2\">              <img decoding=\"async\" class=\"skip-lazy bwg_standart_thumb_img_0 \"                   data-id=\"4613\"                   data-width=\"\"                   data-height=\"\"                   data-src=\"https:\/\/max-emden.de\/wordpress\/wp-content\/uploads\/photo-gallery\/thumb\/Yad_Vashem-Projekt_November_2018_LR_(1).jpg?bwg=1543260220\"                   src=\"https:\/\/max-emden.de\/wordpress\/wp-content\/uploads\/photo-gallery\/thumb\/Yad_Vashem-Projekt_November_2018_LR_(1).jpg?bwg=1543260220\"                   alt=\"Yad Vashem-Projekt November 2018 LR (1)\"                   title=\"Yad Vashem-Projekt November 2018 LR (1)\" \/>            <\/div>            <div class=\"\">                                                      <\/div>          <\/div>        <\/div>                        <\/a>              <\/div>            <div class=\"bwg-item\">        <a class=\"bwg-a  bwg_lightbox\"  data-image-id=\"4612\" href=\"https:\/\/max-emden.de\/wordpress\/wp-content\/uploads\/photo-gallery\/Yad_Vashem-Projekt_November_2018_LR_(3).jpg?bwg=1543260220\" data-elementor-open-lightbox=\"no\">                <div class=\"bwg-item0 \">          <div class=\"bwg-item1 \">            <div class=\"bwg-item2\">              <img decoding=\"async\" class=\"skip-lazy bwg_standart_thumb_img_0 \"                   data-id=\"4612\"                   data-width=\"\"                   data-height=\"\"                   data-src=\"https:\/\/max-emden.de\/wordpress\/wp-content\/uploads\/photo-gallery\/thumb\/Yad_Vashem-Projekt_November_2018_LR_(3).jpg?bwg=1543260220\"                   src=\"https:\/\/max-emden.de\/wordpress\/wp-content\/uploads\/photo-gallery\/thumb\/Yad_Vashem-Projekt_November_2018_LR_(3).jpg?bwg=1543260220\"                   alt=\"Yad Vashem-Projekt November 2018 LR (3)\"                   title=\"Yad Vashem-Projekt November 2018 LR (3)\" \/>            <\/div>            <div class=\"\">                                                      <\/div>          <\/div>        <\/div>                        <\/a>              <\/div>          <\/div>    <style>      \/*pagination styles*\/      #bwg_container1_0 #bwg_container2_0 .tablenav-pages_0 {\t\t\t\ttext-align: center;\t\t\t\tfont-size: 12px;\t\t\t\tfont-family: segoe ui;\t\t\t\tfont-weight: bold;\t\t\t\tcolor: #666666;\t\t\t\tmargin: 6px 0 4px;\t\t\t\tdisplay: block;      }      @media only screen and (max-width : 320px) {      #bwg_container1_0 #bwg_container2_0 .displaying-num_0 {     \t display: none;      }      }      #bwg_container1_0 #bwg_container2_0 .displaying-num_0 {\t\t\t\tfont-size: 12px;\t\t\t\tfont-family: segoe ui;\t\t\t\tfont-weight: bold;\t\t\t\tcolor: #666666;\t\t\t\tmargin-right: 10px;\t\t\t\tvertical-align: middle;      }      #bwg_container1_0 #bwg_container2_0 .paging-input_0 {\t\t\t\tfont-size: 12px;\t\t\t\tfont-family: segoe ui;\t\t\t\tfont-weight: bold;\t\t\t\tcolor: #666666;\t\t\t\tvertical-align: middle;      }      #bwg_container1_0 #bwg_container2_0 .tablenav-pages_0 a.disabled,      #bwg_container1_0 #bwg_container2_0 .tablenav-pages_0 a.disabled:hover,      #bwg_container1_0 #bwg_container2_0 .tablenav-pages_0 a.disabled:focus,\t\t\t#bwg_container1_0 #bwg_container2_0 .tablenav-pages_0 input.bwg_current_page {\t\t\t\tcursor: default;\t\t\t\tcolor: rgba(102, 102, 102, 0.5);      }      #bwg_container1_0 #bwg_container2_0 .tablenav-pages_0 a,      #bwg_container1_0 #bwg_container2_0 .tablenav-pages_0 input.bwg_current_page {\t\t\t\tcursor: pointer;\t\t\t\ttext-align: center;\t\t\t\tfont-size: 12px;\t\t\t\tfont-family: segoe ui;\t\t\t\tfont-weight: bold;\t\t\t\tcolor: #666666;\t\t\t\ttext-decoration: none;\t\t\t\tpadding: 3px 6px;\t\t\t\tmargin: 0;\t\t\t\tborder-radius: 0;\t\t\t\tborder-style: solid;\t\t\t\tborder-width: 1px;\t\t\t\tborder-color: #E3E3E3;\t\t\t\t\t\t\t\tbackground-color: rgba(255, 255, 255, 1.00);\t\t\t\tbox-shadow: 0;\t\t\t\ttransition: all 0.3s ease 0s;-webkit-transition: all 0.3s ease 0s;      }      <\/style>      <span class=\"bwg_nav_cont_0\">              <div class=\"tablenav-pages_0\">                  <\/div>                <input type=\"hidden\" id=\"page_number_0\" name=\"page_number_0\" value=\"1\" \/>      <script type=\"text\/javascript\">        if( jQuery('.bwg_nav_cont_0').length > 1 ) {          jQuery('.bwg_nav_cont_0').first().remove()        }        function spider_page_0(cur, x, y, load_more) {          if (typeof load_more == \"undefined\") {            var load_more = false;          }          if (jQuery(cur).hasClass('disabled')) {            return false;          }          var items_county_0 = 1;          switch (y) {            case 1:              if (x >= items_county_0) {                document.getElementById('page_number_0').value = items_county_0;              }              else {                document.getElementById('page_number_0').value = x + 1;              }              break;            case 2:              document.getElementById('page_number_0').value = items_county_0;              break;            case -1:              if (x == 1) {                document.getElementById('page_number_0').value = 1;              }              else {                document.getElementById('page_number_0').value = x - 1;              }              break;            case -2:              document.getElementById('page_number_0').value = 1;              break;\t\t\t\t\t\tcase 0:              document.getElementById('page_number_0').value = x;              break;            default:              document.getElementById('page_number_0').value = 1;          }          bwg_ajax('gal_front_form_0', '0', 'bwg_thumbnails_0', '0', '', 'gallery', 0, '', '', load_more, '', 1);        }                    jQuery('.first-page-0').on('click', function () {              spider_page_0(this, 1, -2, 'numeric');              return false;            });            jQuery('.prev-page-0').on('click', function () {              spider_page_0(this, 1, -1, 'numeric');              return false;            });            jQuery('.next-page-0').on('click', function () {              spider_page_0(this, 1, 1, 'numeric');              return false;            });            jQuery('.last-page-0').on('click', function () {              spider_page_0(this, 1, 2, 'numeric');              return false;            });        \t\t\t\t\/* Change page on input enter. *\/        function bwg_change_page_0( e, that ) {          if (  e.key == 'Enter' ) {            var to_page = parseInt(jQuery(that).val());            var pages_count = jQuery(that).parents(\".pagination-links\").data(\"pages-count\");            var current_url_param = jQuery(that).attr('data-url-info');            if (to_page > pages_count) {              to_page = 1;            }\t \t\t\t\t\t\t\t\t\t\t\t\tspider_page_0(this, to_page, 0, 'numeric');\t\t\t\t\t\t\treturn false;\t\t\t\t\t\t          }          return true;        }        jQuery('.bwg_load_btn_0').on('click', function () {            spider_page_0(this, 1, 1, true);            return false;        });      <\/script>      <\/span>                <\/div>        <\/form>        <style>          #bwg_container1_0 #bwg_container2_0 #spider_popup_overlay_0 {          background-color: #000000;          opacity: 0.70;          }          <\/style>        <div id=\"bwg_spider_popup_loading_0\" class=\"bwg_spider_popup_loading\"><\/div>        <div id=\"spider_popup_overlay_0\" class=\"spider_popup_overlay\" onclick=\"spider_destroypopup(1000)\"><\/div>        <input type=\"hidden\" id=\"bwg_random_seed_0\" value=\"1784474826\">                <\/div>    <\/div>    <script>      if (document.readyState === 'complete') {        if( typeof bwg_main_ready == 'function' ) {          if ( jQuery(\"#bwg_container1_0\").height() ) {            bwg_main_ready(jQuery(\"#bwg_container1_0\"));          }        }      } else {        document.addEventListener('DOMContentLoaded', function() {          if( typeof bwg_main_ready == 'function' ) {            if ( jQuery(\"#bwg_container1_0\").height() ) {             bwg_main_ready(jQuery(\"#bwg_container1_0\"));            }          }        });      }    <\/script>    \n<\/div>\n<div dir=\"ltr\"><\/div>\n<div dir=\"ltr\"><\/div>\n","protected":false},"excerpt":{"rendered":"<p>Sechs Millionen ermordete Juden &#8211; die Zahl der Opfer des Holocausts ist bekannt, doch wie soll man ihre Dimension und ihre Bedeutung erfassen? Die bekannte<a class=\"moretag\" href=\"https:\/\/max-emden.de\/wordpress\/was-geht-mich-die-geschichte-an-yad-vashem-projekt-in-jahrgang-10-2\/\"> [&#8230;]<\/a><\/p>\n","protected":false},"author":3,"featured_media":7433,"comment_status":"closed","ping_status":"closed","sticky":false,"template":"","format":"standard","meta":{"footnotes":""},"categories":[9],"tags":[],"class_list":["post-7424","post","type-post","status-publish","format-standard","has-post-thumbnail","hentry","category-max-windmueller"],"_links":{"self":[{"href":"https:\/\/max-emden.de\/wordpress\/wp-json\/wp\/v2\/posts\/7424","targetHints":{"allow":["GET"]}}],"collection":[{"href":"https:\/\/max-emden.de\/wordpress\/wp-json\/wp\/v2\/posts"}],"about":[{"href":"https:\/\/max-emden.de\/wordpress\/wp-json\/wp\/v2\/types\/post"}],"author":[{"embeddable":true,"href":"https:\/\/max-emden.de\/wordpress\/wp-json\/wp\/v2\/users\/3"}],"replies":[{"embeddable":true,"href":"https:\/\/max-emden.de\/wordpress\/wp-json\/wp\/v2\/comments?post=7424"}],"version-history":[{"count":13,"href":"https:\/\/max-emden.de\/wordpress\/wp-json\/wp\/v2\/posts\/7424\/revisions"}],"predecessor-version":[{"id":7506,"href":"https:\/\/max-emden.de\/wordpress\/wp-json\/wp\/v2\/posts\/7424\/revisions\/7506"}],"wp:featuredmedia":[{"embeddable":true,"href":"https:\/\/max-emden.de\/wordpress\/wp-json\/wp\/v2\/media\/7433"}],"wp:attachment":[{"href":"https:\/\/max-emden.de\/wordpress\/wp-json\/wp\/v2\/media?parent=7424"}],"wp:term":[{"taxonomy":"category","embeddable":true,"href":"https:\/\/max-emden.de\/wordpress\/wp-json\/wp\/v2\/categories?post=7424"},{"taxonomy":"post_tag","embeddable":true,"href":"https:\/\/max-emden.de\/wordpress\/wp-json\/wp\/v2\/tags?post=7424"}],"curies":[{"name":"wp","href":"https:\/\/api.w.org\/{rel}","templated":true}]}}