{"id":7458,"date":"2018-12-02T17:00:15","date_gmt":"2018-12-02T17:00:15","guid":{"rendered":"http:\/\/max-emden.de\/wordpress\/?p=7458"},"modified":"2018-12-20T18:20:46","modified_gmt":"2018-12-20T18:20:46","slug":"vorweihnachtlicher-gottesdienst-9-lessons-and-carols","status":"publish","type":"post","link":"https:\/\/max-emden.de\/wordpress\/vorweihnachtlicher-gottesdienst-9-lessons-and-carols\/","title":{"rendered":"Vorweihnachtlicher Gottesdienst &#8218;9 lessons and carols&#8216;"},"content":{"rendered":"<p style=\"text-align: justify;\">Am Samstag, den 1.12.2018, fand um 18:15 Uhr der Gottesdienst &#8218;9 lessons and carols&#8216; statt. Die &#8218;lessons&#8216; gestalten dabei Sch\u00fclerinnen und Sch\u00fcler des MAX, die &#8218;carols&#8216; der Ad-hoc-Chor des JAG. In der gut gef\u00fcllten Kirche konnten die Sch\u00fclerinnen und Sch\u00fcler durch ihre englischen Vorlesek\u00fcnste \u00fcberzeugen und stimmten ebenso wie die von Publikum und Chor gesungenen Lieder auf die Advents- und Weihnachtzeit ein. <!--more-->Die Leserinnen und Leser waren Alexander Heeren (Jahrgang 10), Wiebke Stein, Theodora Esadore, Jule Hoogestraat (alle Jahrgang 11), Paulina Russell, Chantal Coorens, Chiara Deepen und Christian Dietrich (alle Jahrgang 12).<\/p>\n<figure id=\"attachment_7459\" aria-describedby=\"caption-attachment-7459\" style=\"width: 1024px\" class=\"wp-caption aligncenter\"><a href=\"https:\/\/max-emden.de\/wordpress\/wp-content\/uploads\/2018\/12\/IMG_20181201_184836_1.jpg\"><img fetchpriority=\"high\" decoding=\"async\" class=\"wp-image-7459 size-large\" src=\"https:\/\/max-emden.de\/wordpress\/wp-content\/uploads\/2018\/12\/IMG_20181201_184836_1-1024x768.jpg\" alt=\"\" width=\"1024\" height=\"768\" srcset=\"https:\/\/max-emden.de\/wordpress\/wp-content\/uploads\/2018\/12\/IMG_20181201_184836_1-1024x768.jpg 1024w, https:\/\/max-emden.de\/wordpress\/wp-content\/uploads\/2018\/12\/IMG_20181201_184836_1-300x225.jpg 300w, https:\/\/max-emden.de\/wordpress\/wp-content\/uploads\/2018\/12\/IMG_20181201_184836_1-768x576.jpg 768w\" sizes=\"(max-width: 1024px) 100vw, 1024px\" \/><\/a><figcaption id=\"caption-attachment-7459\" class=\"wp-caption-text\">Gelungene Einstimmung auf die Adventszeit<\/figcaption><\/figure>\n","protected":false},"excerpt":{"rendered":"<p>Am Samstag, den 1.12.2018, fand um 18:15 Uhr der Gottesdienst &#8218;9 lessons and carols&#8216; statt. Die &#8218;lessons&#8216; gestalten dabei Sch\u00fclerinnen und Sch\u00fcler des MAX, die<a class=\"moretag\" href=\"https:\/\/max-emden.de\/wordpress\/vorweihnachtlicher-gottesdienst-9-lessons-and-carols\/\"> [&#8230;]<\/a><\/p>\n","protected":false},"author":1,"featured_media":1679,"comment_status":"closed","ping_status":"closed","sticky":false,"template":"","format":"standard","meta":{"footnotes":""},"categories":[59],"tags":[],"class_list":["post-7458","post","type-post","status-publish","format-standard","has-post-thumbnail","hentry","category-englisch"],"_links":{"self":[{"href":"https:\/\/max-emden.de\/wordpress\/wp-json\/wp\/v2\/posts\/7458","targetHints":{"allow":["GET"]}}],"collection":[{"href":"https:\/\/max-emden.de\/wordpress\/wp-json\/wp\/v2\/posts"}],"about":[{"href":"https:\/\/max-emden.de\/wordpress\/wp-json\/wp\/v2\/types\/post"}],"author":[{"embeddable":true,"href":"https:\/\/max-emden.de\/wordpress\/wp-json\/wp\/v2\/users\/1"}],"replies":[{"embeddable":true,"href":"https:\/\/max-emden.de\/wordpress\/wp-json\/wp\/v2\/comments?post=7458"}],"version-history":[{"count":2,"href":"https:\/\/max-emden.de\/wordpress\/wp-json\/wp\/v2\/posts\/7458\/revisions"}],"predecessor-version":[{"id":7526,"href":"https:\/\/max-emden.de\/wordpress\/wp-json\/wp\/v2\/posts\/7458\/revisions\/7526"}],"wp:featuredmedia":[{"embeddable":true,"href":"https:\/\/max-emden.de\/wordpress\/wp-json\/wp\/v2\/media\/1679"}],"wp:attachment":[{"href":"https:\/\/max-emden.de\/wordpress\/wp-json\/wp\/v2\/media?parent=7458"}],"wp:term":[{"taxonomy":"category","embeddable":true,"href":"https:\/\/max-emden.de\/wordpress\/wp-json\/wp\/v2\/categories?post=7458"},{"taxonomy":"post_tag","embeddable":true,"href":"https:\/\/max-emden.de\/wordpress\/wp-json\/wp\/v2\/tags?post=7458"}],"curies":[{"name":"wp","href":"https:\/\/api.w.org\/{rel}","templated":true}]}}