{"id":7507,"date":"2018-12-16T13:02:41","date_gmt":"2018-12-16T13:02:41","guid":{"rendered":"http:\/\/max-emden.de\/wordpress\/?p=7507"},"modified":"2018-12-16T13:05:08","modified_gmt":"2018-12-16T13:05:08","slug":"gat-max-together","status":"publish","type":"post","link":"https:\/\/max-emden.de\/wordpress\/gat-max-together\/","title":{"rendered":"GaT\/Max-together"},"content":{"rendered":"<p style=\"text-align: justify;\">Nur dieses Jahr am Samstag vor Weihnachten: 22.12.2019, 19.00 Uhr<\/p>\n<p style=\"text-align: justify;\">Unser gewohntes Ehemaligentreffen Gat\/Max-together findet in diesem Jahr zu einem ungewohnten Termin statt, damit das Treffen mit alten Bekannten auch nach dem Ehemaligentreffen noch in der Emder Innenstadt fortgef\u00fchrt werden kann.\u00a0Bereits am Samstag vor Weihnachten (22.12.2018) kann man auf Einladung des F\u00f6rderveriens des Max alte Bekannte und viele weitere ehemalige GaT- und Max-Sch\u00fclerinnen und Sch\u00fcler treffen. Bei Live-Musik und k\u00fchlen Getr\u00e4nken gibt es Gelegenheit zum Wiedersehen und anregenden Gespr\u00e4chen.<!--more--><\/p>\n<p style=\"text-align: justify;\">Der F\u00f6rderverin sorgt mit Untersct\u00fctzung des Abiturjahrgangs f\u00fcr Getr\u00e4nke, die Band Firefly unterh\u00e4lt mit Live-Musik und der Schulleiter bietet F\u00fchrungen durch das Geb\u00e4ude an und berichtet von aktuellen Entwicklungen am Max.<\/p>\n<p style=\"text-align: justify;\">Bitte erz\u00e4hlen Sie auch Ihren Bekannten vom besonderen Termin. Wir freuen uns auf zahlreiche G\u00e4ste!<\/p>\n","protected":false},"excerpt":{"rendered":"<p>Nur dieses Jahr am Samstag vor Weihnachten: 22.12.2019, 19.00 Uhr Unser gewohntes Ehemaligentreffen Gat\/Max-together findet in diesem Jahr zu einem ungewohnten Termin statt, damit das<a class=\"moretag\" href=\"https:\/\/max-emden.de\/wordpress\/gat-max-together\/\"> [&#8230;]<\/a><\/p>\n","protected":false},"author":1,"featured_media":7412,"comment_status":"closed","ping_status":"closed","sticky":false,"template":"","format":"standard","meta":{"footnotes":""},"categories":[2],"tags":[],"class_list":["post-7507","post","type-post","status-publish","format-standard","has-post-thumbnail","hentry","category-allgemein"],"_links":{"self":[{"href":"https:\/\/max-emden.de\/wordpress\/wp-json\/wp\/v2\/posts\/7507","targetHints":{"allow":["GET"]}}],"collection":[{"href":"https:\/\/max-emden.de\/wordpress\/wp-json\/wp\/v2\/posts"}],"about":[{"href":"https:\/\/max-emden.de\/wordpress\/wp-json\/wp\/v2\/types\/post"}],"author":[{"embeddable":true,"href":"https:\/\/max-emden.de\/wordpress\/wp-json\/wp\/v2\/users\/1"}],"replies":[{"embeddable":true,"href":"https:\/\/max-emden.de\/wordpress\/wp-json\/wp\/v2\/comments?post=7507"}],"version-history":[{"count":5,"href":"https:\/\/max-emden.de\/wordpress\/wp-json\/wp\/v2\/posts\/7507\/revisions"}],"predecessor-version":[{"id":7512,"href":"https:\/\/max-emden.de\/wordpress\/wp-json\/wp\/v2\/posts\/7507\/revisions\/7512"}],"wp:featuredmedia":[{"embeddable":true,"href":"https:\/\/max-emden.de\/wordpress\/wp-json\/wp\/v2\/media\/7412"}],"wp:attachment":[{"href":"https:\/\/max-emden.de\/wordpress\/wp-json\/wp\/v2\/media?parent=7507"}],"wp:term":[{"taxonomy":"category","embeddable":true,"href":"https:\/\/max-emden.de\/wordpress\/wp-json\/wp\/v2\/categories?post=7507"},{"taxonomy":"post_tag","embeddable":true,"href":"https:\/\/max-emden.de\/wordpress\/wp-json\/wp\/v2\/tags?post=7507"}],"curies":[{"name":"wp","href":"https:\/\/api.w.org\/{rel}","templated":true}]}}