{"id":7530,"date":"2018-12-21T18:29:47","date_gmt":"2018-12-21T18:29:47","guid":{"rendered":"http:\/\/max-emden.de\/wordpress\/?p=7530"},"modified":"2019-01-17T15:21:21","modified_gmt":"2019-01-17T15:21:21","slug":"alle-jahre-wieder","status":"publish","type":"post","link":"https:\/\/max-emden.de\/wordpress\/alle-jahre-wieder\/","title":{"rendered":"\u201eAlle Jahre wieder\u2026\u201c"},"content":{"rendered":"<p style=\"text-align: justify;\">So spielte ein Trompetenduo aus der 7A zu Beginn der weihnachtlichen Gottesdienste, die der 6. und anschlie\u00dfend der 5. Jahrgang des Max \u00a0am 18.12. in der Gr\u00f6nen Stee feierte, zu denen auf sehr sch\u00f6nen von der 5A gestalteten Plakaten in den vorangegangenen Adventstagen eingeladen wurde. Zu beiden Gottesdiensten konnten auch viele Eltern und Gro\u00dfeltern begr\u00fc\u00dft werden.<!--more--><\/p>\n<p style=\"text-align: justify;\">Au\u00dfer dem vertrauten Trompetenduo, das im Rahmen vergangener Schulgottesdienste schon zweimal aufgetreten war, begleiteten an der Orgel der Organist Herr Heikens die von der Schulgemeinde gesungenen Lieder und mit der Gitarre Pastor Gedenk. Im 2. Gottesdienst trat der Chor der 5C mit seiner Musiklehrerin Frau Loermann auf. Die musikalischen Beitr\u00e4ge wechselten sich mit den Wortbeitr\u00e4gen zahlreicher Sch\u00fclerinnen und Sch\u00fcler ab, die ebenso souver\u00e4n ihre Texte, Gedichte und Gebete vortrugen. Zwei Gruppen aus der 6B z\u00fcndeten in einem eher kritischen, dann aber hoffnungsfrohen Anspiel \u201eHoffnungslichter\u201c an und die originellen \u201eGeschenke\u201c aus der 6A und der 5B befassten sich mit ZUH\u00d6REN, ZUEIGUNG, LACHEN, DANKEN, LOBEN, NICHT AUFDRINGLICH SEIN und FREUNDLICH SEIN.<\/p>\n<p style=\"text-align: justify;\">Als Adressaten f\u00fcr die Kollekte hatten sich die Sch\u00fclerinnen und Sch\u00fcler aus der 6A und der 5B den Emder Kinder- und Jugendschutzbund ausgesucht, f\u00fcr den am Ende der Gottesdienste 184,53 \u20ac eingesammelt wurde.<\/p>\n<p style=\"text-align: right;\"><em>Text und Bild: B. Colmsee<\/em><\/p>\n","protected":false},"excerpt":{"rendered":"<p>So spielte ein Trompetenduo aus der 7A zu Beginn der weihnachtlichen Gottesdienste, die der 6. und anschlie\u00dfend der 5. Jahrgang des Max \u00a0am 18.12. in<a class=\"moretag\" href=\"https:\/\/max-emden.de\/wordpress\/alle-jahre-wieder\/\"> [&#8230;]<\/a><\/p>\n","protected":false},"author":1,"featured_media":7531,"comment_status":"closed","ping_status":"closed","sticky":false,"template":"","format":"standard","meta":{"footnotes":""},"categories":[48],"tags":[],"class_list":["post-7530","post","type-post","status-publish","format-standard","has-post-thumbnail","hentry","category-religion"],"_links":{"self":[{"href":"https:\/\/max-emden.de\/wordpress\/wp-json\/wp\/v2\/posts\/7530","targetHints":{"allow":["GET"]}}],"collection":[{"href":"https:\/\/max-emden.de\/wordpress\/wp-json\/wp\/v2\/posts"}],"about":[{"href":"https:\/\/max-emden.de\/wordpress\/wp-json\/wp\/v2\/types\/post"}],"author":[{"embeddable":true,"href":"https:\/\/max-emden.de\/wordpress\/wp-json\/wp\/v2\/users\/1"}],"replies":[{"embeddable":true,"href":"https:\/\/max-emden.de\/wordpress\/wp-json\/wp\/v2\/comments?post=7530"}],"version-history":[{"count":3,"href":"https:\/\/max-emden.de\/wordpress\/wp-json\/wp\/v2\/posts\/7530\/revisions"}],"predecessor-version":[{"id":7584,"href":"https:\/\/max-emden.de\/wordpress\/wp-json\/wp\/v2\/posts\/7530\/revisions\/7584"}],"wp:featuredmedia":[{"embeddable":true,"href":"https:\/\/max-emden.de\/wordpress\/wp-json\/wp\/v2\/media\/7531"}],"wp:attachment":[{"href":"https:\/\/max-emden.de\/wordpress\/wp-json\/wp\/v2\/media?parent=7530"}],"wp:term":[{"taxonomy":"category","embeddable":true,"href":"https:\/\/max-emden.de\/wordpress\/wp-json\/wp\/v2\/categories?post=7530"},{"taxonomy":"post_tag","embeddable":true,"href":"https:\/\/max-emden.de\/wordpress\/wp-json\/wp\/v2\/tags?post=7530"}],"curies":[{"name":"wp","href":"https:\/\/api.w.org\/{rel}","templated":true}]}}