{"id":7535,"date":"2018-12-27T13:17:37","date_gmt":"2018-12-27T13:17:37","guid":{"rendered":"http:\/\/max-emden.de\/wordpress\/?p=7535"},"modified":"2019-01-17T15:21:07","modified_gmt":"2019-01-17T15:21:07","slug":"gat-max-ehemaligentreffen-war-gut-besucht","status":"publish","type":"post","link":"https:\/\/max-emden.de\/wordpress\/gat-max-ehemaligentreffen-war-gut-besucht\/","title":{"rendered":"GaT &#038; Max-Ehemaligentreffen war gut besucht"},"content":{"rendered":"<p style=\"text-align: justify;\">Einen Tag fr\u00fcher als gewohnt: Am 22.12.2018 kamen am Max-Windm\u00fcller-Gymnasium die Abiturienten der vergangenen Jahre und Jahrzehnte beim Gat &amp; Max-Together zusammen, um mit ihren fr\u00fcheren Mitsch\u00fclern kurz vor Heiligabend zu feiern.<!--more--> Auch in diesem Jahr richtete der F\u00f6rderverein des Max das traditionelle Zusammenkommen aus, mit dem f\u00fcr viele der Vorweihnachtsstress endet und das Weihnachtsfest eingel\u00e4utet wird:<br \/>\nZu den Kl\u00e4ngen der Live-Band Firefly schwelgten die Ehemaligen gemeinsam in Erinnerungen an die Schulzeit und tauschten sich \u00fcber Neuigkeiten aus. Auf gro\u00dfes Interesse stie\u00df dabei nat\u00fcrlich auch das Schulgeb\u00e4ude des Gymnasiums, durch das Schulleiter Frank Tapper viele GaT- und Max-Absolventen f\u00fchrte. Auch f\u00fcr das kommende Jahr ist wieder ein GaT &amp; Max-Together geplant, das dann wieder am 23.12.2019 stattfinden soll: Ab 19 Uhr stehen dann auch die T\u00fcren f\u00fcr den Abiturjahrgang 2019 offen, der dieses Mal noch bei der Getr\u00e4nkeausgabe geholfen hat. Bis zum n\u00e4chsten Jahr!<\/p>\n<p>&nbsp;<\/p>\n","protected":false},"excerpt":{"rendered":"<p>Einen Tag fr\u00fcher als gewohnt: Am 22.12.2018 kamen am Max-Windm\u00fcller-Gymnasium die Abiturienten der vergangenen Jahre und Jahrzehnte beim Gat &amp; Max-Together zusammen, um mit ihren<a class=\"moretag\" href=\"https:\/\/max-emden.de\/wordpress\/gat-max-ehemaligentreffen-war-gut-besucht\/\"> [&#8230;]<\/a><\/p>\n","protected":false},"author":3,"featured_media":7537,"comment_status":"closed","ping_status":"closed","sticky":false,"template":"","format":"standard","meta":{"footnotes":""},"categories":[2],"tags":[],"class_list":["post-7535","post","type-post","status-publish","format-standard","has-post-thumbnail","hentry","category-allgemein"],"_links":{"self":[{"href":"https:\/\/max-emden.de\/wordpress\/wp-json\/wp\/v2\/posts\/7535","targetHints":{"allow":["GET"]}}],"collection":[{"href":"https:\/\/max-emden.de\/wordpress\/wp-json\/wp\/v2\/posts"}],"about":[{"href":"https:\/\/max-emden.de\/wordpress\/wp-json\/wp\/v2\/types\/post"}],"author":[{"embeddable":true,"href":"https:\/\/max-emden.de\/wordpress\/wp-json\/wp\/v2\/users\/3"}],"replies":[{"embeddable":true,"href":"https:\/\/max-emden.de\/wordpress\/wp-json\/wp\/v2\/comments?post=7535"}],"version-history":[{"count":9,"href":"https:\/\/max-emden.de\/wordpress\/wp-json\/wp\/v2\/posts\/7535\/revisions"}],"predecessor-version":[{"id":7583,"href":"https:\/\/max-emden.de\/wordpress\/wp-json\/wp\/v2\/posts\/7535\/revisions\/7583"}],"wp:featuredmedia":[{"embeddable":true,"href":"https:\/\/max-emden.de\/wordpress\/wp-json\/wp\/v2\/media\/7537"}],"wp:attachment":[{"href":"https:\/\/max-emden.de\/wordpress\/wp-json\/wp\/v2\/media?parent=7535"}],"wp:term":[{"taxonomy":"category","embeddable":true,"href":"https:\/\/max-emden.de\/wordpress\/wp-json\/wp\/v2\/categories?post=7535"},{"taxonomy":"post_tag","embeddable":true,"href":"https:\/\/max-emden.de\/wordpress\/wp-json\/wp\/v2\/tags?post=7535"}],"curies":[{"name":"wp","href":"https:\/\/api.w.org\/{rel}","templated":true}]}}