{"id":7587,"date":"2019-01-17T16:50:20","date_gmt":"2019-01-17T16:50:20","guid":{"rendered":"http:\/\/max-emden.de\/wordpress\/?p=7587"},"modified":"2019-01-30T15:59:07","modified_gmt":"2019-01-30T15:59:07","slug":"7587-2","status":"publish","type":"post","link":"https:\/\/max-emden.de\/wordpress\/7587-2\/","title":{"rendered":"Cin\u00e9f\u00eate 2019"},"content":{"rendered":"<p style=\"text-align: justify;\">In diesem Jahr werden alle Franz\u00f6sischsch\u00fclerInnen der Jahrg\u00e4nge 6-12 die M\u00f6glichkeit erhalten, an der Cin\u00e9f\u00eate 2019 teilzunehmen.<\/p>\n<p style=\"text-align: justify;\">Das Filmfest \u2013 organisiert vom Institut fran\u00e7ais unter Schirmherrschaft der Franz\u00f6sischen Botschaft sowie der 16 deutschen Bildungsminister \u2013 hat sich zum Ziel gesetzt, m\u00f6glichst viele Sch\u00fclerInnen f\u00fcr das franz\u00f6sische Kino zu begeistern. Alle Filme werden deshalb in franz\u00f6sicher Originalfassung mit deutschen Untertiteln gezeigt. Veranstaltungsort ist das Forum der Volkshochschule Emden, die Filmvorf\u00fchrungen finden in der Zeit vom 24. &#8211; 29.01.2019 statt.<!--more--><\/p>\n<p style=\"text-align: justify;\">Die Fachgruppe Franz\u00f6sisch hat folgende Filme ausgesucht:<\/p>\n<p style=\"text-align: left;\">F\u00fcr die Jahrg\u00e4nge 6 und 7<\/p>\n<div class=\"lyte-wrapper fourthree\" style=\"width:420px;max-width:100%;margin:5px;\"><div class=\"lyMe\" id=\"WYL_qmvksoTuUWc\"><div id=\"lyte_qmvksoTuUWc\" data-src=\"https:\/\/max-emden.de\/wordpress\/wp-content\/plugins\/wp-youtube-lyte\/lyteCache.php?origThumbUrl=%2F%2Fi.ytimg.com%2Fvi%2FqmvksoTuUWc%2Fhqdefault.jpg\" class=\"pL\"><div class=\"tC\"><div class=\"tT\"><\/div><\/div><div class=\"play\"><\/div><div class=\"ctrl\"><div class=\"Lctrl\"><\/div><div class=\"Rctrl\"><\/div><\/div><\/div><noscript><a href=\"https:\/\/youtu.be\/qmvksoTuUWc\" rel=\"nofollow\"><img fetchpriority=\"high\" decoding=\"async\" src=\"https:\/\/max-emden.de\/wordpress\/wp-content\/plugins\/wp-youtube-lyte\/lyteCache.php?origThumbUrl=https%3A%2F%2Fi.ytimg.com%2Fvi%2FqmvksoTuUWc%2F0.jpg\" alt=\"YouTube-Video-Vorschaubild\" width=\"420\" height=\"295\" \/><br \/>Dieses Video auf YouTube ansehen<\/a><\/noscript><\/div><\/div><div class=\"lL\" style=\"max-width:100%;width:420px;margin:5px;\"><\/div><\/p>\n<p>&nbsp;<\/p>\n<p>F\u00fcr die Jahrg\u00e4nge 8 und 9<\/p>\n<div class=\"lyte-wrapper fourthree\" style=\"width:420px;max-width:100%;margin:5px;\"><div class=\"lyMe\" id=\"WYL_P0dGQi66LT4\"><div id=\"lyte_P0dGQi66LT4\" data-src=\"https:\/\/max-emden.de\/wordpress\/wp-content\/plugins\/wp-youtube-lyte\/lyteCache.php?origThumbUrl=%2F%2Fi.ytimg.com%2Fvi%2FP0dGQi66LT4%2Fhqdefault.jpg\" class=\"pL\"><div class=\"tC\"><div class=\"tT\"><\/div><\/div><div class=\"play\"><\/div><div class=\"ctrl\"><div class=\"Lctrl\"><\/div><div class=\"Rctrl\"><\/div><\/div><\/div><noscript><a href=\"https:\/\/youtu.be\/P0dGQi66LT4\" rel=\"nofollow\"><img decoding=\"async\" src=\"https:\/\/max-emden.de\/wordpress\/wp-content\/plugins\/wp-youtube-lyte\/lyteCache.php?origThumbUrl=https%3A%2F%2Fi.ytimg.com%2Fvi%2FP0dGQi66LT4%2F0.jpg\" alt=\"YouTube-Video-Vorschaubild\" width=\"420\" height=\"295\" \/><br \/>Dieses Video auf YouTube ansehen<\/a><\/noscript><\/div><\/div><div class=\"lL\" style=\"max-width:100%;width:420px;margin:5px;\"><\/div><\/p>\n<p>&nbsp;<\/p>\n<p>F\u00fcr die Jahrg\u00e4nge 10 und 11<\/p>\n<div class=\"lyte-wrapper fourthree\" style=\"width:420px;max-width:100%;margin:5px;\"><div class=\"lyMe\" id=\"WYL_H1tbaUgrV0E\"><div id=\"lyte_H1tbaUgrV0E\" data-src=\"https:\/\/max-emden.de\/wordpress\/wp-content\/plugins\/wp-youtube-lyte\/lyteCache.php?origThumbUrl=%2F%2Fi.ytimg.com%2Fvi%2FH1tbaUgrV0E%2Fhqdefault.jpg\" class=\"pL\"><div class=\"tC\"><div class=\"tT\"><\/div><\/div><div class=\"play\"><\/div><div class=\"ctrl\"><div class=\"Lctrl\"><\/div><div class=\"Rctrl\"><\/div><\/div><\/div><noscript><a href=\"https:\/\/youtu.be\/H1tbaUgrV0E\" rel=\"nofollow\"><img decoding=\"async\" src=\"https:\/\/max-emden.de\/wordpress\/wp-content\/plugins\/wp-youtube-lyte\/lyteCache.php?origThumbUrl=https%3A%2F%2Fi.ytimg.com%2Fvi%2FH1tbaUgrV0E%2F0.jpg\" alt=\"YouTube-Video-Vorschaubild\" width=\"420\" height=\"295\" \/><br \/>Dieses Video auf YouTube ansehen<\/a><\/noscript><\/div><\/div><div class=\"lL\" style=\"max-width:100%;width:420px;margin:5px;\"><\/div><\/p>\n<p>&nbsp;<\/p>\n<p>F\u00fcr den 12. Jahrgang<\/p>\n<div class=\"lyte-wrapper fourthree\" style=\"width:420px;max-width:100%;margin:5px;\"><div class=\"lyMe\" id=\"WYL_ysUFchQpps4\"><div id=\"lyte_ysUFchQpps4\" data-src=\"https:\/\/max-emden.de\/wordpress\/wp-content\/plugins\/wp-youtube-lyte\/lyteCache.php?origThumbUrl=%2F%2Fi.ytimg.com%2Fvi%2FysUFchQpps4%2Fhqdefault.jpg\" class=\"pL\"><div class=\"tC\"><div class=\"tT\"><\/div><\/div><div class=\"play\"><\/div><div class=\"ctrl\"><div class=\"Lctrl\"><\/div><div class=\"Rctrl\"><\/div><\/div><\/div><noscript><a href=\"https:\/\/youtu.be\/ysUFchQpps4\" rel=\"nofollow\"><img loading=\"lazy\" decoding=\"async\" src=\"https:\/\/max-emden.de\/wordpress\/wp-content\/plugins\/wp-youtube-lyte\/lyteCache.php?origThumbUrl=https%3A%2F%2Fi.ytimg.com%2Fvi%2FysUFchQpps4%2F0.jpg\" alt=\"YouTube-Video-Vorschaubild\" width=\"420\" height=\"295\" \/><br \/>Dieses Video auf YouTube ansehen<\/a><\/noscript><\/div><\/div><div class=\"lL\" style=\"max-width:100%;width:420px;margin:5px;\"><\/div><\/p>\n","protected":false},"excerpt":{"rendered":"<p>In diesem Jahr werden alle Franz\u00f6sischsch\u00fclerInnen der Jahrg\u00e4nge 6-12 die M\u00f6glichkeit erhalten, an der Cin\u00e9f\u00eate 2019 teilzunehmen. Das Filmfest \u2013 organisiert vom Institut fran\u00e7ais unter<a class=\"moretag\" href=\"https:\/\/max-emden.de\/wordpress\/7587-2\/\"> [&#8230;]<\/a><\/p>\n","protected":false},"author":1,"featured_media":7588,"comment_status":"closed","ping_status":"closed","sticky":false,"template":"","format":"standard","meta":{"footnotes":""},"categories":[31],"tags":[],"class_list":["post-7587","post","type-post","status-publish","format-standard","has-post-thumbnail","hentry","category-franzoesisch"],"_links":{"self":[{"href":"https:\/\/max-emden.de\/wordpress\/wp-json\/wp\/v2\/posts\/7587","targetHints":{"allow":["GET"]}}],"collection":[{"href":"https:\/\/max-emden.de\/wordpress\/wp-json\/wp\/v2\/posts"}],"about":[{"href":"https:\/\/max-emden.de\/wordpress\/wp-json\/wp\/v2\/types\/post"}],"author":[{"embeddable":true,"href":"https:\/\/max-emden.de\/wordpress\/wp-json\/wp\/v2\/users\/1"}],"replies":[{"embeddable":true,"href":"https:\/\/max-emden.de\/wordpress\/wp-json\/wp\/v2\/comments?post=7587"}],"version-history":[{"count":4,"href":"https:\/\/max-emden.de\/wordpress\/wp-json\/wp\/v2\/posts\/7587\/revisions"}],"predecessor-version":[{"id":7635,"href":"https:\/\/max-emden.de\/wordpress\/wp-json\/wp\/v2\/posts\/7587\/revisions\/7635"}],"wp:featuredmedia":[{"embeddable":true,"href":"https:\/\/max-emden.de\/wordpress\/wp-json\/wp\/v2\/media\/7588"}],"wp:attachment":[{"href":"https:\/\/max-emden.de\/wordpress\/wp-json\/wp\/v2\/media?parent=7587"}],"wp:term":[{"taxonomy":"category","embeddable":true,"href":"https:\/\/max-emden.de\/wordpress\/wp-json\/wp\/v2\/categories?post=7587"},{"taxonomy":"post_tag","embeddable":true,"href":"https:\/\/max-emden.de\/wordpress\/wp-json\/wp\/v2\/tags?post=7587"}],"curies":[{"name":"wp","href":"https:\/\/api.w.org\/{rel}","templated":true}]}}